{"id":846,"date":"2011-11-25T00:00:00","date_gmt":"2011-11-25T02:00:00","guid":{"rendered":"http:\/\/sindmoveis.com.br\/imprensa\/noticias\/sindmoveis-reune-expositores-da-movelsul-para-apresentar-nova-classe-media-brasileira\/"},"modified":"2021-05-26T10:45:48","modified_gmt":"2021-05-26T13:45:48","slug":"sindmoveis-reune-expositores-da-movelsul-para-apresentar-nova-classe-media-brasileira","status":"publish","type":"post","link":"https:\/\/www.sindmoveis.com.br\/en\/sindmoveis-reune-expositores-da-movelsul-para-apresentar-nova-classe-media-brasileira\/","title":{"rendered":"Sindm\u00f3veis brings together exhibitors of Movelsul to present the new Brazilian middle class"},"content":{"rendered":"<p>Sindm\u00f3veis and the board of Movelsul will meet the exhibitors of the fair on Nov. 30 for a lecture on the new Brazilian middle class and the demands from consumers regarding the furniture industry. Movelsul Brasil 2012 is gaining a position as the first furniture fair focusing on the emerging class, and is now investing in tools to understand who, in fact, this consumer is. To create opportunities for the exhibitors to have good results, considering a scenario in which the middle class purchasing power has been higher than ever, Sindm\u00f3veis has invested in extensive research on these consumers, consisting of 103 million people, who purchased R$19.4 billion in furniture this year. The study will be passed on to exhibitors by Renato Meirelles, director of Data Popular, a company that specializes in research and consulting on the behavior of the new Brazilian middle class. Having worked in this market for 10 years, Data Popular\u2019s portfolio of customers includes Alpargatas, BIC, Banco Ita\u00fa, Casas Bahia, C&#038;A, Coca-Cola, Danone, OI, Nestl\u00e9, Natura and Wal-Mart.<\/p>\n","protected":false},"excerpt":{"rendered":"<p>Sindm\u00f3veis and the board of Movelsul will meet the exhibitors of the fair on Nov. 30 for a lecture on the new Brazilian middle class and the demands from consumers&#8230;  <a class=\"excerpt-read-more\" href=\"https:\/\/www.sindmoveis.com.br\/en\/sindmoveis-reune-expositores-da-movelsul-para-apresentar-nova-classe-media-brasileira\/\" title=\"Read Sindm\u00f3veis brings together exhibitors of Movelsul to present the new Brazilian middle class\">Leia mais &raquo;<\/a><\/p>\n","protected":false},"author":5,"featured_media":0,"comment_status":"closed","ping_status":"open","sticky":false,"template":"","format":"standard","meta":{"footnotes":"","_links_to":"","_links_to_target":""},"categories":[23,2],"tags":[],"class_list":["post-846","post","type-post","status-publish","format-standard","hentry","category-movelsul","category-sindmoveis"],"yoast_head":"<!-- This site is optimized with the Yoast SEO plugin v27.0 - https:\/\/yoast.com\/product\/yoast-seo-wordpress\/ -->\n<title>Sindm\u00f3veis brings together exhibitors of Movelsul to present the new Brazilian middle class - Sindm\u00f3veis-RS<\/title>\n<meta name=\"robots\" content=\"index, follow, max-snippet:-1, max-image-preview:large, max-video-preview:-1\" \/>\n<link rel=\"canonical\" href=\"https:\/\/www.sindmoveis.com.br\/en\/sindmoveis-reune-expositores-da-movelsul-para-apresentar-nova-classe-media-brasileira\/\" \/>\n<meta property=\"og:locale\" content=\"en_US\" \/>\n<meta property=\"og:type\" content=\"article\" \/>\n<meta property=\"og:title\" content=\"Sindm\u00f3veis brings together exhibitors of Movelsul to present the new Brazilian middle class - Sindm\u00f3veis-RS\" \/>\n<meta property=\"og:description\" content=\"Sindm\u00f3veis and the board of Movelsul will meet the exhibitors of the fair on Nov. 30 for a lecture on the new Brazilian middle class and the demands from consumers... Leia mais &raquo;\" \/>\n<meta property=\"og:url\" content=\"https:\/\/www.sindmoveis.com.br\/en\/sindmoveis-reune-expositores-da-movelsul-para-apresentar-nova-classe-media-brasileira\/\" \/>\n<meta property=\"og:site_name\" content=\"Sindm\u00f3veis-RS\" \/>\n<meta property=\"article:published_time\" content=\"2011-11-25T02:00:00+00:00\" \/>\n<meta property=\"article:modified_time\" content=\"2021-05-26T13:45:48+00:00\" \/>\n<meta name=\"author\" content=\"Imprensa Sindm\u00f3veis\" \/>\n<meta name=\"twitter:card\" content=\"summary_large_image\" \/>\n<meta name=\"twitter:label1\" content=\"Written by\" \/>\n\t<meta name=\"twitter:data1\" content=\"Imprensa Sindm\u00f3veis\" \/>\n\t<meta name=\"twitter:label2\" content=\"Est. reading time\" \/>\n\t<meta name=\"twitter:data2\" content=\"1 minute\" \/>\n<script type=\"application\/ld+json\" class=\"yoast-schema-graph\">{\"@context\":\"https:\/\/schema.org\",\"@graph\":[{\"@type\":\"Article\",\"@id\":\"https:\/\/www.sindmoveis.com.br\/en\/sindmoveis-reune-expositores-da-movelsul-para-apresentar-nova-classe-media-brasileira\/#article\",\"isPartOf\":{\"@id\":\"https:\/\/www.sindmoveis.com.br\/en\/sindmoveis-reune-expositores-da-movelsul-para-apresentar-nova-classe-media-brasileira\/\"},\"author\":{\"name\":\"Imprensa Sindm\u00f3veis\",\"@id\":\"https:\/\/www.sindmoveis.com.br\/en\/#\/schema\/person\/16d379542db1950a17fe188179340d57\"},\"headline\":\"Sindm\u00f3veis brings together exhibitors of Movelsul to present the new Brazilian middle class\",\"datePublished\":\"2011-11-25T02:00:00+00:00\",\"dateModified\":\"2021-05-26T13:45:48+00:00\",\"mainEntityOfPage\":{\"@id\":\"https:\/\/www.sindmoveis.com.br\/en\/sindmoveis-reune-expositores-da-movelsul-para-apresentar-nova-classe-media-brasileira\/\"},\"wordCount\":186,\"articleSection\":[\"Movelsul\",\"Sindm\u00f3veis\"],\"inLanguage\":\"en-US\"},{\"@type\":\"WebPage\",\"@id\":\"https:\/\/www.sindmoveis.com.br\/en\/sindmoveis-reune-expositores-da-movelsul-para-apresentar-nova-classe-media-brasileira\/\",\"url\":\"https:\/\/www.sindmoveis.com.br\/en\/sindmoveis-reune-expositores-da-movelsul-para-apresentar-nova-classe-media-brasileira\/\",\"name\":\"Sindm\u00f3veis brings together exhibitors of Movelsul to present the new Brazilian middle class - Sindm\u00f3veis-RS\",\"isPartOf\":{\"@id\":\"https:\/\/www.sindmoveis.com.br\/en\/#website\"},\"datePublished\":\"2011-11-25T02:00:00+00:00\",\"dateModified\":\"2021-05-26T13:45:48+00:00\",\"author\":{\"@id\":\"https:\/\/www.sindmoveis.com.br\/en\/#\/schema\/person\/16d379542db1950a17fe188179340d57\"},\"inLanguage\":\"en-US\",\"potentialAction\":[{\"@type\":\"ReadAction\",\"target\":[\"https:\/\/www.sindmoveis.com.br\/en\/sindmoveis-reune-expositores-da-movelsul-para-apresentar-nova-classe-media-brasileira\/\"]}]},{\"@type\":\"WebSite\",\"@id\":\"https:\/\/www.sindmoveis.com.br\/en\/#website\",\"url\":\"https:\/\/www.sindmoveis.com.br\/en\/\",\"name\":\"Sindm\u00f3veis-RS\",\"description\":\"\",\"potentialAction\":[{\"@type\":\"SearchAction\",\"target\":{\"@type\":\"EntryPoint\",\"urlTemplate\":\"https:\/\/www.sindmoveis.com.br\/en\/?s={search_term_string}\"},\"query-input\":{\"@type\":\"PropertyValueSpecification\",\"valueRequired\":true,\"valueName\":\"search_term_string\"}}],\"inLanguage\":\"en-US\"},{\"@type\":\"Person\",\"@id\":\"https:\/\/www.sindmoveis.com.br\/en\/#\/schema\/person\/16d379542db1950a17fe188179340d57\",\"name\":\"Imprensa Sindm\u00f3veis\",\"image\":{\"@type\":\"ImageObject\",\"inLanguage\":\"en-US\",\"@id\":\"https:\/\/www.sindmoveis.com.br\/en\/#\/schema\/person\/image\/\",\"url\":\"https:\/\/secure.gravatar.com\/avatar\/4973e2e2c2a0cb5db30b0c7b770041b8e33d048a16b695a1f99c042449d4bfaf?s=96&d=mm&r=g\",\"contentUrl\":\"https:\/\/secure.gravatar.com\/avatar\/4973e2e2c2a0cb5db30b0c7b770041b8e33d048a16b695a1f99c042449d4bfaf?s=96&d=mm&r=g\",\"caption\":\"Imprensa Sindm\u00f3veis\"},\"url\":\"https:\/\/www.sindmoveis.com.br\/en\/author\/ana\/\"}]}<\/script>\n<!-- \/ Yoast SEO plugin. -->","yoast_head_json":{"title":"Sindm\u00f3veis brings together exhibitors of Movelsul to present the new Brazilian middle class - Sindm\u00f3veis-RS","robots":{"index":"index","follow":"follow","max-snippet":"max-snippet:-1","max-image-preview":"max-image-preview:large","max-video-preview":"max-video-preview:-1"},"canonical":"https:\/\/www.sindmoveis.com.br\/en\/sindmoveis-reune-expositores-da-movelsul-para-apresentar-nova-classe-media-brasileira\/","og_locale":"en_US","og_type":"article","og_title":"Sindm\u00f3veis brings together exhibitors of Movelsul to present the new Brazilian middle class - Sindm\u00f3veis-RS","og_description":"Sindm\u00f3veis and the board of Movelsul will meet the exhibitors of the fair on Nov. 30 for a lecture on the new Brazilian middle class and the demands from consumers... Leia mais &raquo;","og_url":"https:\/\/www.sindmoveis.com.br\/en\/sindmoveis-reune-expositores-da-movelsul-para-apresentar-nova-classe-media-brasileira\/","og_site_name":"Sindm\u00f3veis-RS","article_published_time":"2011-11-25T02:00:00+00:00","article_modified_time":"2021-05-26T13:45:48+00:00","author":"Imprensa Sindm\u00f3veis","twitter_card":"summary_large_image","twitter_misc":{"Written by":"Imprensa Sindm\u00f3veis","Est. reading time":"1 minute"},"schema":{"@context":"https:\/\/schema.org","@graph":[{"@type":"Article","@id":"https:\/\/www.sindmoveis.com.br\/en\/sindmoveis-reune-expositores-da-movelsul-para-apresentar-nova-classe-media-brasileira\/#article","isPartOf":{"@id":"https:\/\/www.sindmoveis.com.br\/en\/sindmoveis-reune-expositores-da-movelsul-para-apresentar-nova-classe-media-brasileira\/"},"author":{"name":"Imprensa Sindm\u00f3veis","@id":"https:\/\/www.sindmoveis.com.br\/en\/#\/schema\/person\/16d379542db1950a17fe188179340d57"},"headline":"Sindm\u00f3veis brings together exhibitors of Movelsul to present the new Brazilian middle class","datePublished":"2011-11-25T02:00:00+00:00","dateModified":"2021-05-26T13:45:48+00:00","mainEntityOfPage":{"@id":"https:\/\/www.sindmoveis.com.br\/en\/sindmoveis-reune-expositores-da-movelsul-para-apresentar-nova-classe-media-brasileira\/"},"wordCount":186,"articleSection":["Movelsul","Sindm\u00f3veis"],"inLanguage":"en-US"},{"@type":"WebPage","@id":"https:\/\/www.sindmoveis.com.br\/en\/sindmoveis-reune-expositores-da-movelsul-para-apresentar-nova-classe-media-brasileira\/","url":"https:\/\/www.sindmoveis.com.br\/en\/sindmoveis-reune-expositores-da-movelsul-para-apresentar-nova-classe-media-brasileira\/","name":"Sindm\u00f3veis brings together exhibitors of Movelsul to present the new Brazilian middle class - Sindm\u00f3veis-RS","isPartOf":{"@id":"https:\/\/www.sindmoveis.com.br\/en\/#website"},"datePublished":"2011-11-25T02:00:00+00:00","dateModified":"2021-05-26T13:45:48+00:00","author":{"@id":"https:\/\/www.sindmoveis.com.br\/en\/#\/schema\/person\/16d379542db1950a17fe188179340d57"},"inLanguage":"en-US","potentialAction":[{"@type":"ReadAction","target":["https:\/\/www.sindmoveis.com.br\/en\/sindmoveis-reune-expositores-da-movelsul-para-apresentar-nova-classe-media-brasileira\/"]}]},{"@type":"WebSite","@id":"https:\/\/www.sindmoveis.com.br\/en\/#website","url":"https:\/\/www.sindmoveis.com.br\/en\/","name":"Sindm\u00f3veis-RS","description":"","potentialAction":[{"@type":"SearchAction","target":{"@type":"EntryPoint","urlTemplate":"https:\/\/www.sindmoveis.com.br\/en\/?s={search_term_string}"},"query-input":{"@type":"PropertyValueSpecification","valueRequired":true,"valueName":"search_term_string"}}],"inLanguage":"en-US"},{"@type":"Person","@id":"https:\/\/www.sindmoveis.com.br\/en\/#\/schema\/person\/16d379542db1950a17fe188179340d57","name":"Imprensa Sindm\u00f3veis","image":{"@type":"ImageObject","inLanguage":"en-US","@id":"https:\/\/www.sindmoveis.com.br\/en\/#\/schema\/person\/image\/","url":"https:\/\/secure.gravatar.com\/avatar\/4973e2e2c2a0cb5db30b0c7b770041b8e33d048a16b695a1f99c042449d4bfaf?s=96&d=mm&r=g","contentUrl":"https:\/\/secure.gravatar.com\/avatar\/4973e2e2c2a0cb5db30b0c7b770041b8e33d048a16b695a1f99c042449d4bfaf?s=96&d=mm&r=g","caption":"Imprensa Sindm\u00f3veis"},"url":"https:\/\/www.sindmoveis.com.br\/en\/author\/ana\/"}]}},"_links":{"self":[{"href":"https:\/\/www.sindmoveis.com.br\/en\/wp-json\/wp\/v2\/posts\/846","targetHints":{"allow":["GET"]}}],"collection":[{"href":"https:\/\/www.sindmoveis.com.br\/en\/wp-json\/wp\/v2\/posts"}],"about":[{"href":"https:\/\/www.sindmoveis.com.br\/en\/wp-json\/wp\/v2\/types\/post"}],"author":[{"embeddable":true,"href":"https:\/\/www.sindmoveis.com.br\/en\/wp-json\/wp\/v2\/users\/5"}],"replies":[{"embeddable":true,"href":"https:\/\/www.sindmoveis.com.br\/en\/wp-json\/wp\/v2\/comments?post=846"}],"version-history":[{"count":2,"href":"https:\/\/www.sindmoveis.com.br\/en\/wp-json\/wp\/v2\/posts\/846\/revisions"}],"predecessor-version":[{"id":3177,"href":"https:\/\/www.sindmoveis.com.br\/en\/wp-json\/wp\/v2\/posts\/846\/revisions\/3177"}],"wp:attachment":[{"href":"https:\/\/www.sindmoveis.com.br\/en\/wp-json\/wp\/v2\/media?parent=846"}],"wp:term":[{"taxonomy":"category","embeddable":true,"href":"https:\/\/www.sindmoveis.com.br\/en\/wp-json\/wp\/v2\/categories?post=846"},{"taxonomy":"post_tag","embeddable":true,"href":"https:\/\/www.sindmoveis.com.br\/en\/wp-json\/wp\/v2\/tags?post=846"}],"curies":[{"name":"wp","href":"https:\/\/api.w.org\/{rel}","templated":true}]}}