{"id":843,"date":"2011-11-23T00:00:00","date_gmt":"2011-11-23T02:00:00","guid":{"rendered":"http:\/\/sindmoveis.com.br\/imprensa\/noticias\/catia-scarton-e-eleita-presidente-do-sindmoveis\/"},"modified":"2021-05-26T10:45:48","modified_gmt":"2021-05-26T13:45:48","slug":"catia-scarton-e-eleita-presidente-do-sindmoveis","status":"publish","type":"post","link":"https:\/\/www.sindmoveis.com.br\/en\/catia-scarton-e-eleita-presidente-do-sindmoveis\/","title":{"rendered":"C\u00e1tia Scarton is elected president of Sindm\u00f3veis"},"content":{"rendered":"<p>The Furniture Industry Association of Bento Gon\u00e7alves (Sindm\u00f3veis) has just elected its first female president. Born in Bento Gon\u00e7alves, C\u00e1tia Scarton was chosen on Nov. 22 last for the period 2012\/2013, with the task to lead and promote the thriving furniture industry center of Bento Gon\u00e7alves. Sales, marketing and finance director of Prima Design, C\u00e1tia Scarton has had a long working history at Sindm\u00f3veis. Since 2000, when she became the vice-director of Marketing for Movelsul, her involvement with the Association has been really active. Currently, she is the Director of Relations with the Market of Sindm\u00f3veis, Casa Brasil and Movelsul. With an outstanding resume, combining the dynamism of her youth with the experience of having worked in the furniture industry for years, the new president of Sindm\u00f3veis will face great challenges in the next two years.The first one will be the organization and promotion of the 18th edition of Movelsul, scheduled for March 2012.<\/p>\n","protected":false},"excerpt":{"rendered":"<p>The Furniture Industry Association of Bento Gon\u00e7alves (Sindm\u00f3veis) has just elected its first female president. Born in Bento Gon\u00e7alves, C\u00e1tia Scarton was chosen on Nov. 22 last for the period&#8230;  <a class=\"excerpt-read-more\" href=\"https:\/\/www.sindmoveis.com.br\/en\/catia-scarton-e-eleita-presidente-do-sindmoveis\/\" title=\"Read C\u00e1tia Scarton is elected president of Sindm\u00f3veis\">Leia mais &raquo;<\/a><\/p>\n","protected":false},"author":5,"featured_media":0,"comment_status":"closed","ping_status":"open","sticky":false,"template":"","format":"standard","meta":{"footnotes":"","_links_to":"","_links_to_target":""},"categories":[2],"tags":[],"class_list":["post-843","post","type-post","status-publish","format-standard","hentry","category-sindmoveis"],"yoast_head":"<!-- This site is optimized with the Yoast SEO plugin v27.0 - https:\/\/yoast.com\/product\/yoast-seo-wordpress\/ -->\n<title>C\u00e1tia Scarton is elected president of Sindm\u00f3veis - Sindm\u00f3veis-RS<\/title>\n<meta name=\"robots\" content=\"index, follow, max-snippet:-1, max-image-preview:large, max-video-preview:-1\" \/>\n<link rel=\"canonical\" href=\"https:\/\/www.sindmoveis.com.br\/en\/catia-scarton-e-eleita-presidente-do-sindmoveis\/\" \/>\n<meta property=\"og:locale\" content=\"en_US\" \/>\n<meta property=\"og:type\" content=\"article\" \/>\n<meta property=\"og:title\" content=\"C\u00e1tia Scarton is elected president of Sindm\u00f3veis - Sindm\u00f3veis-RS\" \/>\n<meta property=\"og:description\" content=\"The Furniture Industry Association of Bento Gon\u00e7alves (Sindm\u00f3veis) has just elected its first female president. Born in Bento Gon\u00e7alves, C\u00e1tia Scarton was chosen on Nov. 22 last for the period... Leia mais &raquo;\" \/>\n<meta property=\"og:url\" content=\"https:\/\/www.sindmoveis.com.br\/en\/catia-scarton-e-eleita-presidente-do-sindmoveis\/\" \/>\n<meta property=\"og:site_name\" content=\"Sindm\u00f3veis-RS\" \/>\n<meta property=\"article:published_time\" content=\"2011-11-23T02:00:00+00:00\" \/>\n<meta property=\"article:modified_time\" content=\"2021-05-26T13:45:48+00:00\" \/>\n<meta name=\"author\" content=\"Imprensa Sindm\u00f3veis\" \/>\n<meta name=\"twitter:card\" content=\"summary_large_image\" \/>\n<meta name=\"twitter:label1\" content=\"Written by\" \/>\n\t<meta name=\"twitter:data1\" content=\"Imprensa Sindm\u00f3veis\" \/>\n\t<meta name=\"twitter:label2\" content=\"Est. reading time\" \/>\n\t<meta name=\"twitter:data2\" content=\"1 minute\" \/>\n<script type=\"application\/ld+json\" class=\"yoast-schema-graph\">{\"@context\":\"https:\/\/schema.org\",\"@graph\":[{\"@type\":\"Article\",\"@id\":\"https:\/\/www.sindmoveis.com.br\/en\/catia-scarton-e-eleita-presidente-do-sindmoveis\/#article\",\"isPartOf\":{\"@id\":\"https:\/\/www.sindmoveis.com.br\/en\/catia-scarton-e-eleita-presidente-do-sindmoveis\/\"},\"author\":{\"name\":\"Imprensa Sindm\u00f3veis\",\"@id\":\"https:\/\/www.sindmoveis.com.br\/en\/#\/schema\/person\/16d379542db1950a17fe188179340d57\"},\"headline\":\"C\u00e1tia Scarton is elected president of Sindm\u00f3veis\",\"datePublished\":\"2011-11-23T02:00:00+00:00\",\"dateModified\":\"2021-05-26T13:45:48+00:00\",\"mainEntityOfPage\":{\"@id\":\"https:\/\/www.sindmoveis.com.br\/en\/catia-scarton-e-eleita-presidente-do-sindmoveis\/\"},\"wordCount\":169,\"articleSection\":[\"Sindm\u00f3veis\"],\"inLanguage\":\"en-US\"},{\"@type\":\"WebPage\",\"@id\":\"https:\/\/www.sindmoveis.com.br\/en\/catia-scarton-e-eleita-presidente-do-sindmoveis\/\",\"url\":\"https:\/\/www.sindmoveis.com.br\/en\/catia-scarton-e-eleita-presidente-do-sindmoveis\/\",\"name\":\"C\u00e1tia Scarton is elected president of Sindm\u00f3veis - Sindm\u00f3veis-RS\",\"isPartOf\":{\"@id\":\"https:\/\/www.sindmoveis.com.br\/en\/#website\"},\"datePublished\":\"2011-11-23T02:00:00+00:00\",\"dateModified\":\"2021-05-26T13:45:48+00:00\",\"author\":{\"@id\":\"https:\/\/www.sindmoveis.com.br\/en\/#\/schema\/person\/16d379542db1950a17fe188179340d57\"},\"inLanguage\":\"en-US\",\"potentialAction\":[{\"@type\":\"ReadAction\",\"target\":[\"https:\/\/www.sindmoveis.com.br\/en\/catia-scarton-e-eleita-presidente-do-sindmoveis\/\"]}]},{\"@type\":\"WebSite\",\"@id\":\"https:\/\/www.sindmoveis.com.br\/en\/#website\",\"url\":\"https:\/\/www.sindmoveis.com.br\/en\/\",\"name\":\"Sindm\u00f3veis-RS\",\"description\":\"\",\"potentialAction\":[{\"@type\":\"SearchAction\",\"target\":{\"@type\":\"EntryPoint\",\"urlTemplate\":\"https:\/\/www.sindmoveis.com.br\/en\/?s={search_term_string}\"},\"query-input\":{\"@type\":\"PropertyValueSpecification\",\"valueRequired\":true,\"valueName\":\"search_term_string\"}}],\"inLanguage\":\"en-US\"},{\"@type\":\"Person\",\"@id\":\"https:\/\/www.sindmoveis.com.br\/en\/#\/schema\/person\/16d379542db1950a17fe188179340d57\",\"name\":\"Imprensa Sindm\u00f3veis\",\"image\":{\"@type\":\"ImageObject\",\"inLanguage\":\"en-US\",\"@id\":\"https:\/\/www.sindmoveis.com.br\/en\/#\/schema\/person\/image\/\",\"url\":\"https:\/\/secure.gravatar.com\/avatar\/4973e2e2c2a0cb5db30b0c7b770041b8e33d048a16b695a1f99c042449d4bfaf?s=96&d=mm&r=g\",\"contentUrl\":\"https:\/\/secure.gravatar.com\/avatar\/4973e2e2c2a0cb5db30b0c7b770041b8e33d048a16b695a1f99c042449d4bfaf?s=96&d=mm&r=g\",\"caption\":\"Imprensa Sindm\u00f3veis\"},\"url\":\"https:\/\/www.sindmoveis.com.br\/en\/author\/ana\/\"}]}<\/script>\n<!-- \/ Yoast SEO plugin. -->","yoast_head_json":{"title":"C\u00e1tia Scarton is elected president of Sindm\u00f3veis - Sindm\u00f3veis-RS","robots":{"index":"index","follow":"follow","max-snippet":"max-snippet:-1","max-image-preview":"max-image-preview:large","max-video-preview":"max-video-preview:-1"},"canonical":"https:\/\/www.sindmoveis.com.br\/en\/catia-scarton-e-eleita-presidente-do-sindmoveis\/","og_locale":"en_US","og_type":"article","og_title":"C\u00e1tia Scarton is elected president of Sindm\u00f3veis - Sindm\u00f3veis-RS","og_description":"The Furniture Industry Association of Bento Gon\u00e7alves (Sindm\u00f3veis) has just elected its first female president. Born in Bento Gon\u00e7alves, C\u00e1tia Scarton was chosen on Nov. 22 last for the period... Leia mais &raquo;","og_url":"https:\/\/www.sindmoveis.com.br\/en\/catia-scarton-e-eleita-presidente-do-sindmoveis\/","og_site_name":"Sindm\u00f3veis-RS","article_published_time":"2011-11-23T02:00:00+00:00","article_modified_time":"2021-05-26T13:45:48+00:00","author":"Imprensa Sindm\u00f3veis","twitter_card":"summary_large_image","twitter_misc":{"Written by":"Imprensa Sindm\u00f3veis","Est. reading time":"1 minute"},"schema":{"@context":"https:\/\/schema.org","@graph":[{"@type":"Article","@id":"https:\/\/www.sindmoveis.com.br\/en\/catia-scarton-e-eleita-presidente-do-sindmoveis\/#article","isPartOf":{"@id":"https:\/\/www.sindmoveis.com.br\/en\/catia-scarton-e-eleita-presidente-do-sindmoveis\/"},"author":{"name":"Imprensa Sindm\u00f3veis","@id":"https:\/\/www.sindmoveis.com.br\/en\/#\/schema\/person\/16d379542db1950a17fe188179340d57"},"headline":"C\u00e1tia Scarton is elected president of Sindm\u00f3veis","datePublished":"2011-11-23T02:00:00+00:00","dateModified":"2021-05-26T13:45:48+00:00","mainEntityOfPage":{"@id":"https:\/\/www.sindmoveis.com.br\/en\/catia-scarton-e-eleita-presidente-do-sindmoveis\/"},"wordCount":169,"articleSection":["Sindm\u00f3veis"],"inLanguage":"en-US"},{"@type":"WebPage","@id":"https:\/\/www.sindmoveis.com.br\/en\/catia-scarton-e-eleita-presidente-do-sindmoveis\/","url":"https:\/\/www.sindmoveis.com.br\/en\/catia-scarton-e-eleita-presidente-do-sindmoveis\/","name":"C\u00e1tia Scarton is elected president of Sindm\u00f3veis - Sindm\u00f3veis-RS","isPartOf":{"@id":"https:\/\/www.sindmoveis.com.br\/en\/#website"},"datePublished":"2011-11-23T02:00:00+00:00","dateModified":"2021-05-26T13:45:48+00:00","author":{"@id":"https:\/\/www.sindmoveis.com.br\/en\/#\/schema\/person\/16d379542db1950a17fe188179340d57"},"inLanguage":"en-US","potentialAction":[{"@type":"ReadAction","target":["https:\/\/www.sindmoveis.com.br\/en\/catia-scarton-e-eleita-presidente-do-sindmoveis\/"]}]},{"@type":"WebSite","@id":"https:\/\/www.sindmoveis.com.br\/en\/#website","url":"https:\/\/www.sindmoveis.com.br\/en\/","name":"Sindm\u00f3veis-RS","description":"","potentialAction":[{"@type":"SearchAction","target":{"@type":"EntryPoint","urlTemplate":"https:\/\/www.sindmoveis.com.br\/en\/?s={search_term_string}"},"query-input":{"@type":"PropertyValueSpecification","valueRequired":true,"valueName":"search_term_string"}}],"inLanguage":"en-US"},{"@type":"Person","@id":"https:\/\/www.sindmoveis.com.br\/en\/#\/schema\/person\/16d379542db1950a17fe188179340d57","name":"Imprensa Sindm\u00f3veis","image":{"@type":"ImageObject","inLanguage":"en-US","@id":"https:\/\/www.sindmoveis.com.br\/en\/#\/schema\/person\/image\/","url":"https:\/\/secure.gravatar.com\/avatar\/4973e2e2c2a0cb5db30b0c7b770041b8e33d048a16b695a1f99c042449d4bfaf?s=96&d=mm&r=g","contentUrl":"https:\/\/secure.gravatar.com\/avatar\/4973e2e2c2a0cb5db30b0c7b770041b8e33d048a16b695a1f99c042449d4bfaf?s=96&d=mm&r=g","caption":"Imprensa Sindm\u00f3veis"},"url":"https:\/\/www.sindmoveis.com.br\/en\/author\/ana\/"}]}},"_links":{"self":[{"href":"https:\/\/www.sindmoveis.com.br\/en\/wp-json\/wp\/v2\/posts\/843","targetHints":{"allow":["GET"]}}],"collection":[{"href":"https:\/\/www.sindmoveis.com.br\/en\/wp-json\/wp\/v2\/posts"}],"about":[{"href":"https:\/\/www.sindmoveis.com.br\/en\/wp-json\/wp\/v2\/types\/post"}],"author":[{"embeddable":true,"href":"https:\/\/www.sindmoveis.com.br\/en\/wp-json\/wp\/v2\/users\/5"}],"replies":[{"embeddable":true,"href":"https:\/\/www.sindmoveis.com.br\/en\/wp-json\/wp\/v2\/comments?post=843"}],"version-history":[{"count":2,"href":"https:\/\/www.sindmoveis.com.br\/en\/wp-json\/wp\/v2\/posts\/843\/revisions"}],"predecessor-version":[{"id":3174,"href":"https:\/\/www.sindmoveis.com.br\/en\/wp-json\/wp\/v2\/posts\/843\/revisions\/3174"}],"wp:attachment":[{"href":"https:\/\/www.sindmoveis.com.br\/en\/wp-json\/wp\/v2\/media?parent=843"}],"wp:term":[{"taxonomy":"category","embeddable":true,"href":"https:\/\/www.sindmoveis.com.br\/en\/wp-json\/wp\/v2\/categories?post=843"},{"taxonomy":"post_tag","embeddable":true,"href":"https:\/\/www.sindmoveis.com.br\/en\/wp-json\/wp\/v2\/tags?post=843"}],"curies":[{"name":"wp","href":"https:\/\/api.w.org\/{rel}","templated":true}]}}