{"id":837,"date":"2011-11-04T00:00:00","date_gmt":"2011-11-04T02:00:00","guid":{"rendered":"http:\/\/sindmoveis.com.br\/imprensa\/noticias\/berneck-e-nova-patrocinadora-do-salao-design\/"},"modified":"2021-05-26T10:45:47","modified_gmt":"2021-05-26T13:45:47","slug":"berneck-e-nova-patrocinadora-do-salao-design","status":"publish","type":"post","link":"https:\/\/www.sindmoveis.com.br\/en\/berneck-e-nova-patrocinadora-do-salao-design\/","title":{"rendered":"Berneck is the new sponsor of Sal\u00e3o Design"},"content":{"rendered":"<p>Berneck has just signed a contract to be one of the sponsors of Sal\u00e3o Design Movelsul Brasil 2012, joining Impress, also a supporter of the competition. Based in Paran\u00e1, the company produces and sells wood panels and products supplying major furniture companies, construction firms and the automotive industry in Brazil and around the world. Berneck is investing in Sal\u00e3o Design not only due to its credibility but also because it showcases great ideas to the furniture and decoration sectors.  Sal\u00e3o Design, considered one of the leading events that promote the academic and professional activity of design in Latin America, aims to make the industry aware of the importance of design for companies, expanding their interest in quality and innovation as a factor to gain competitive advantage in the global market. The 2012 award winners will have their projects exhibited during Movelsul Brasil from March 26-30 next year, in Bento Gon\u00e7alves (RS).<\/p>\n","protected":false},"excerpt":{"rendered":"<p>Berneck has just signed a contract to be one of the sponsors of Sal\u00e3o Design Movelsul Brasil 2012, joining Impress, also a supporter of the competition. Based in Paran\u00e1, the&#8230;  <a class=\"excerpt-read-more\" href=\"https:\/\/www.sindmoveis.com.br\/en\/berneck-e-nova-patrocinadora-do-salao-design\/\" title=\"Read Berneck is the new sponsor of Sal\u00e3o Design\">Leia mais &raquo;<\/a><\/p>\n","protected":false},"author":5,"featured_media":0,"comment_status":"closed","ping_status":"open","sticky":false,"template":"","format":"standard","meta":{"footnotes":"","_links_to":"","_links_to_target":""},"categories":[21,2],"tags":[],"class_list":["post-837","post","type-post","status-publish","format-standard","hentry","category-salao-design-award","category-sindmoveis"],"yoast_head":"<!-- This site is optimized with the Yoast SEO plugin v27.0 - https:\/\/yoast.com\/product\/yoast-seo-wordpress\/ -->\n<title>Berneck is the new sponsor of Sal\u00e3o Design - Sindm\u00f3veis-RS<\/title>\n<meta name=\"robots\" content=\"index, follow, max-snippet:-1, max-image-preview:large, max-video-preview:-1\" \/>\n<link rel=\"canonical\" href=\"https:\/\/www.sindmoveis.com.br\/en\/berneck-e-nova-patrocinadora-do-salao-design\/\" \/>\n<meta property=\"og:locale\" content=\"en_US\" \/>\n<meta property=\"og:type\" content=\"article\" \/>\n<meta property=\"og:title\" content=\"Berneck is the new sponsor of Sal\u00e3o Design - Sindm\u00f3veis-RS\" \/>\n<meta property=\"og:description\" content=\"Berneck has just signed a contract to be one of the sponsors of Sal\u00e3o Design Movelsul Brasil 2012, joining Impress, also a supporter of the competition. Based in Paran\u00e1, the... Leia mais &raquo;\" \/>\n<meta property=\"og:url\" content=\"https:\/\/www.sindmoveis.com.br\/en\/berneck-e-nova-patrocinadora-do-salao-design\/\" \/>\n<meta property=\"og:site_name\" content=\"Sindm\u00f3veis-RS\" \/>\n<meta property=\"article:published_time\" content=\"2011-11-04T02:00:00+00:00\" \/>\n<meta property=\"article:modified_time\" content=\"2021-05-26T13:45:47+00:00\" \/>\n<meta name=\"author\" content=\"Imprensa Sindm\u00f3veis\" \/>\n<meta name=\"twitter:card\" content=\"summary_large_image\" \/>\n<meta name=\"twitter:label1\" content=\"Written by\" \/>\n\t<meta name=\"twitter:data1\" content=\"Imprensa Sindm\u00f3veis\" \/>\n\t<meta name=\"twitter:label2\" content=\"Est. reading time\" \/>\n\t<meta name=\"twitter:data2\" content=\"1 minute\" \/>\n<script type=\"application\/ld+json\" class=\"yoast-schema-graph\">{\"@context\":\"https:\/\/schema.org\",\"@graph\":[{\"@type\":\"Article\",\"@id\":\"https:\/\/www.sindmoveis.com.br\/en\/berneck-e-nova-patrocinadora-do-salao-design\/#article\",\"isPartOf\":{\"@id\":\"https:\/\/www.sindmoveis.com.br\/en\/berneck-e-nova-patrocinadora-do-salao-design\/\"},\"author\":{\"name\":\"Imprensa Sindm\u00f3veis\",\"@id\":\"https:\/\/www.sindmoveis.com.br\/en\/#\/schema\/person\/16d379542db1950a17fe188179340d57\"},\"headline\":\"Berneck is the new sponsor of Sal\u00e3o Design\",\"datePublished\":\"2011-11-04T02:00:00+00:00\",\"dateModified\":\"2021-05-26T13:45:47+00:00\",\"mainEntityOfPage\":{\"@id\":\"https:\/\/www.sindmoveis.com.br\/en\/berneck-e-nova-patrocinadora-do-salao-design\/\"},\"wordCount\":162,\"articleSection\":[\"Sal\u00e3o Design Award\",\"Sindm\u00f3veis\"],\"inLanguage\":\"en-US\"},{\"@type\":\"WebPage\",\"@id\":\"https:\/\/www.sindmoveis.com.br\/en\/berneck-e-nova-patrocinadora-do-salao-design\/\",\"url\":\"https:\/\/www.sindmoveis.com.br\/en\/berneck-e-nova-patrocinadora-do-salao-design\/\",\"name\":\"Berneck is the new sponsor of Sal\u00e3o Design - Sindm\u00f3veis-RS\",\"isPartOf\":{\"@id\":\"https:\/\/www.sindmoveis.com.br\/en\/#website\"},\"datePublished\":\"2011-11-04T02:00:00+00:00\",\"dateModified\":\"2021-05-26T13:45:47+00:00\",\"author\":{\"@id\":\"https:\/\/www.sindmoveis.com.br\/en\/#\/schema\/person\/16d379542db1950a17fe188179340d57\"},\"inLanguage\":\"en-US\",\"potentialAction\":[{\"@type\":\"ReadAction\",\"target\":[\"https:\/\/www.sindmoveis.com.br\/en\/berneck-e-nova-patrocinadora-do-salao-design\/\"]}]},{\"@type\":\"WebSite\",\"@id\":\"https:\/\/www.sindmoveis.com.br\/en\/#website\",\"url\":\"https:\/\/www.sindmoveis.com.br\/en\/\",\"name\":\"Sindm\u00f3veis-RS\",\"description\":\"\",\"potentialAction\":[{\"@type\":\"SearchAction\",\"target\":{\"@type\":\"EntryPoint\",\"urlTemplate\":\"https:\/\/www.sindmoveis.com.br\/en\/?s={search_term_string}\"},\"query-input\":{\"@type\":\"PropertyValueSpecification\",\"valueRequired\":true,\"valueName\":\"search_term_string\"}}],\"inLanguage\":\"en-US\"},{\"@type\":\"Person\",\"@id\":\"https:\/\/www.sindmoveis.com.br\/en\/#\/schema\/person\/16d379542db1950a17fe188179340d57\",\"name\":\"Imprensa Sindm\u00f3veis\",\"image\":{\"@type\":\"ImageObject\",\"inLanguage\":\"en-US\",\"@id\":\"https:\/\/www.sindmoveis.com.br\/en\/#\/schema\/person\/image\/\",\"url\":\"https:\/\/secure.gravatar.com\/avatar\/4973e2e2c2a0cb5db30b0c7b770041b8e33d048a16b695a1f99c042449d4bfaf?s=96&d=mm&r=g\",\"contentUrl\":\"https:\/\/secure.gravatar.com\/avatar\/4973e2e2c2a0cb5db30b0c7b770041b8e33d048a16b695a1f99c042449d4bfaf?s=96&d=mm&r=g\",\"caption\":\"Imprensa Sindm\u00f3veis\"},\"url\":\"https:\/\/www.sindmoveis.com.br\/en\/author\/ana\/\"}]}<\/script>\n<!-- \/ Yoast SEO plugin. -->","yoast_head_json":{"title":"Berneck is the new sponsor of Sal\u00e3o Design - Sindm\u00f3veis-RS","robots":{"index":"index","follow":"follow","max-snippet":"max-snippet:-1","max-image-preview":"max-image-preview:large","max-video-preview":"max-video-preview:-1"},"canonical":"https:\/\/www.sindmoveis.com.br\/en\/berneck-e-nova-patrocinadora-do-salao-design\/","og_locale":"en_US","og_type":"article","og_title":"Berneck is the new sponsor of Sal\u00e3o Design - Sindm\u00f3veis-RS","og_description":"Berneck has just signed a contract to be one of the sponsors of Sal\u00e3o Design Movelsul Brasil 2012, joining Impress, also a supporter of the competition. Based in Paran\u00e1, the... Leia mais &raquo;","og_url":"https:\/\/www.sindmoveis.com.br\/en\/berneck-e-nova-patrocinadora-do-salao-design\/","og_site_name":"Sindm\u00f3veis-RS","article_published_time":"2011-11-04T02:00:00+00:00","article_modified_time":"2021-05-26T13:45:47+00:00","author":"Imprensa Sindm\u00f3veis","twitter_card":"summary_large_image","twitter_misc":{"Written by":"Imprensa Sindm\u00f3veis","Est. reading time":"1 minute"},"schema":{"@context":"https:\/\/schema.org","@graph":[{"@type":"Article","@id":"https:\/\/www.sindmoveis.com.br\/en\/berneck-e-nova-patrocinadora-do-salao-design\/#article","isPartOf":{"@id":"https:\/\/www.sindmoveis.com.br\/en\/berneck-e-nova-patrocinadora-do-salao-design\/"},"author":{"name":"Imprensa Sindm\u00f3veis","@id":"https:\/\/www.sindmoveis.com.br\/en\/#\/schema\/person\/16d379542db1950a17fe188179340d57"},"headline":"Berneck is the new sponsor of Sal\u00e3o Design","datePublished":"2011-11-04T02:00:00+00:00","dateModified":"2021-05-26T13:45:47+00:00","mainEntityOfPage":{"@id":"https:\/\/www.sindmoveis.com.br\/en\/berneck-e-nova-patrocinadora-do-salao-design\/"},"wordCount":162,"articleSection":["Sal\u00e3o Design Award","Sindm\u00f3veis"],"inLanguage":"en-US"},{"@type":"WebPage","@id":"https:\/\/www.sindmoveis.com.br\/en\/berneck-e-nova-patrocinadora-do-salao-design\/","url":"https:\/\/www.sindmoveis.com.br\/en\/berneck-e-nova-patrocinadora-do-salao-design\/","name":"Berneck is the new sponsor of Sal\u00e3o Design - Sindm\u00f3veis-RS","isPartOf":{"@id":"https:\/\/www.sindmoveis.com.br\/en\/#website"},"datePublished":"2011-11-04T02:00:00+00:00","dateModified":"2021-05-26T13:45:47+00:00","author":{"@id":"https:\/\/www.sindmoveis.com.br\/en\/#\/schema\/person\/16d379542db1950a17fe188179340d57"},"inLanguage":"en-US","potentialAction":[{"@type":"ReadAction","target":["https:\/\/www.sindmoveis.com.br\/en\/berneck-e-nova-patrocinadora-do-salao-design\/"]}]},{"@type":"WebSite","@id":"https:\/\/www.sindmoveis.com.br\/en\/#website","url":"https:\/\/www.sindmoveis.com.br\/en\/","name":"Sindm\u00f3veis-RS","description":"","potentialAction":[{"@type":"SearchAction","target":{"@type":"EntryPoint","urlTemplate":"https:\/\/www.sindmoveis.com.br\/en\/?s={search_term_string}"},"query-input":{"@type":"PropertyValueSpecification","valueRequired":true,"valueName":"search_term_string"}}],"inLanguage":"en-US"},{"@type":"Person","@id":"https:\/\/www.sindmoveis.com.br\/en\/#\/schema\/person\/16d379542db1950a17fe188179340d57","name":"Imprensa Sindm\u00f3veis","image":{"@type":"ImageObject","inLanguage":"en-US","@id":"https:\/\/www.sindmoveis.com.br\/en\/#\/schema\/person\/image\/","url":"https:\/\/secure.gravatar.com\/avatar\/4973e2e2c2a0cb5db30b0c7b770041b8e33d048a16b695a1f99c042449d4bfaf?s=96&d=mm&r=g","contentUrl":"https:\/\/secure.gravatar.com\/avatar\/4973e2e2c2a0cb5db30b0c7b770041b8e33d048a16b695a1f99c042449d4bfaf?s=96&d=mm&r=g","caption":"Imprensa Sindm\u00f3veis"},"url":"https:\/\/www.sindmoveis.com.br\/en\/author\/ana\/"}]}},"_links":{"self":[{"href":"https:\/\/www.sindmoveis.com.br\/en\/wp-json\/wp\/v2\/posts\/837","targetHints":{"allow":["GET"]}}],"collection":[{"href":"https:\/\/www.sindmoveis.com.br\/en\/wp-json\/wp\/v2\/posts"}],"about":[{"href":"https:\/\/www.sindmoveis.com.br\/en\/wp-json\/wp\/v2\/types\/post"}],"author":[{"embeddable":true,"href":"https:\/\/www.sindmoveis.com.br\/en\/wp-json\/wp\/v2\/users\/5"}],"replies":[{"embeddable":true,"href":"https:\/\/www.sindmoveis.com.br\/en\/wp-json\/wp\/v2\/comments?post=837"}],"version-history":[{"count":2,"href":"https:\/\/www.sindmoveis.com.br\/en\/wp-json\/wp\/v2\/posts\/837\/revisions"}],"predecessor-version":[{"id":3168,"href":"https:\/\/www.sindmoveis.com.br\/en\/wp-json\/wp\/v2\/posts\/837\/revisions\/3168"}],"wp:attachment":[{"href":"https:\/\/www.sindmoveis.com.br\/en\/wp-json\/wp\/v2\/media?parent=837"}],"wp:term":[{"taxonomy":"category","embeddable":true,"href":"https:\/\/www.sindmoveis.com.br\/en\/wp-json\/wp\/v2\/categories?post=837"},{"taxonomy":"post_tag","embeddable":true,"href":"https:\/\/www.sindmoveis.com.br\/en\/wp-json\/wp\/v2\/tags?post=837"}],"curies":[{"name":"wp","href":"https:\/\/api.w.org\/{rel}","templated":true}]}}