{"id":835,"date":"2011-10-21T00:00:00","date_gmt":"2011-10-21T02:00:00","guid":{"rendered":"http:\/\/sindmoveis.com.br\/imprensa\/noticias\/concurso-salao-design-estimula-uniao-entre-setor-moveleiro-e-mundo-da-moda\/"},"modified":"2021-05-26T10:45:47","modified_gmt":"2021-05-26T13:45:47","slug":"concurso-salao-design-estimula-uniao-entre-setor-moveleiro-e-mundo-da-moda","status":"publish","type":"post","link":"https:\/\/www.sindmoveis.com.br\/en\/concurso-salao-design-estimula-uniao-entre-setor-moveleiro-e-mundo-da-moda\/","title":{"rendered":"Sal\u00e3o Design competition encourages the union between the furniture industry and the fashion world"},"content":{"rendered":"<p>Knocked-down furniture for the international market is the new category of Sal\u00e3o Design competition. Created with the support of the Brazilian Trade and investment Promotion Agency (Apex-Brasil), the Brazilian Association of Textile and Apparel Industry (ABIT) and the Brazilian Association of Fashion Designers (ABEST), the category contributes to the discovery of new talents in the market, encouraging the internationalization of the furniture industry through design, and challenges students, professionals and manufacturing companies\u00a0 to develop projects focused on promoting the Brazilian design abroad. The requirement to enter this category is to have knocked-down furniture, a criteria aimed at minimizing logistics costs and increasing competitiveness, taking into consideration the production feasibility and possibility to enter the product into the market. The award winners will have their furniture exhibited at the lounges of important international fashion shows, a great opportunity to promote the Brazilian design.The registration for the contest is available until 11\/18.Further information you will find in the web-site www.salaodesign.com.br<\/p>\n","protected":false},"excerpt":{"rendered":"<p>Knocked-down furniture for the international market is the new category of Sal\u00e3o Design competition. Created with the support of the Brazilian Trade and investment Promotion Agency (Apex-Brasil), the Brazilian Association&#8230;  <a class=\"excerpt-read-more\" href=\"https:\/\/www.sindmoveis.com.br\/en\/concurso-salao-design-estimula-uniao-entre-setor-moveleiro-e-mundo-da-moda\/\" title=\"Read Sal\u00e3o Design competition encourages the union between the furniture industry and the fashion world\">Leia mais &raquo;<\/a><\/p>\n","protected":false},"author":5,"featured_media":0,"comment_status":"closed","ping_status":"open","sticky":false,"template":"","format":"standard","meta":{"footnotes":"","_links_to":"","_links_to_target":""},"categories":[21,2],"tags":[],"class_list":["post-835","post","type-post","status-publish","format-standard","hentry","category-salao-design-award","category-sindmoveis"],"yoast_head":"<!-- This site is optimized with the Yoast SEO plugin v27.0 - https:\/\/yoast.com\/product\/yoast-seo-wordpress\/ -->\n<title>Sal\u00e3o Design competition encourages the union between the furniture industry and the fashion world - Sindm\u00f3veis-RS<\/title>\n<meta name=\"robots\" content=\"index, follow, max-snippet:-1, max-image-preview:large, max-video-preview:-1\" \/>\n<link rel=\"canonical\" href=\"https:\/\/www.sindmoveis.com.br\/en\/concurso-salao-design-estimula-uniao-entre-setor-moveleiro-e-mundo-da-moda\/\" \/>\n<meta property=\"og:locale\" content=\"en_US\" \/>\n<meta property=\"og:type\" content=\"article\" \/>\n<meta property=\"og:title\" content=\"Sal\u00e3o Design competition encourages the union between the furniture industry and the fashion world - Sindm\u00f3veis-RS\" \/>\n<meta property=\"og:description\" content=\"Knocked-down furniture for the international market is the new category of Sal\u00e3o Design competition. Created with the support of the Brazilian Trade and investment Promotion Agency (Apex-Brasil), the Brazilian Association... Leia mais &raquo;\" \/>\n<meta property=\"og:url\" content=\"https:\/\/www.sindmoveis.com.br\/en\/concurso-salao-design-estimula-uniao-entre-setor-moveleiro-e-mundo-da-moda\/\" \/>\n<meta property=\"og:site_name\" content=\"Sindm\u00f3veis-RS\" \/>\n<meta property=\"article:published_time\" content=\"2011-10-21T02:00:00+00:00\" \/>\n<meta property=\"article:modified_time\" content=\"2021-05-26T13:45:47+00:00\" \/>\n<meta name=\"author\" content=\"Imprensa Sindm\u00f3veis\" \/>\n<meta name=\"twitter:card\" content=\"summary_large_image\" \/>\n<meta name=\"twitter:label1\" content=\"Written by\" \/>\n\t<meta name=\"twitter:data1\" content=\"Imprensa Sindm\u00f3veis\" \/>\n\t<meta name=\"twitter:label2\" content=\"Est. reading time\" \/>\n\t<meta name=\"twitter:data2\" content=\"1 minute\" \/>\n<script type=\"application\/ld+json\" class=\"yoast-schema-graph\">{\"@context\":\"https:\/\/schema.org\",\"@graph\":[{\"@type\":\"Article\",\"@id\":\"https:\/\/www.sindmoveis.com.br\/en\/concurso-salao-design-estimula-uniao-entre-setor-moveleiro-e-mundo-da-moda\/#article\",\"isPartOf\":{\"@id\":\"https:\/\/www.sindmoveis.com.br\/en\/concurso-salao-design-estimula-uniao-entre-setor-moveleiro-e-mundo-da-moda\/\"},\"author\":{\"name\":\"Imprensa Sindm\u00f3veis\",\"@id\":\"https:\/\/www.sindmoveis.com.br\/en\/#\/schema\/person\/16d379542db1950a17fe188179340d57\"},\"headline\":\"Sal\u00e3o Design competition encourages the union between the furniture industry and the fashion world\",\"datePublished\":\"2011-10-21T02:00:00+00:00\",\"dateModified\":\"2021-05-26T13:45:47+00:00\",\"mainEntityOfPage\":{\"@id\":\"https:\/\/www.sindmoveis.com.br\/en\/concurso-salao-design-estimula-uniao-entre-setor-moveleiro-e-mundo-da-moda\/\"},\"wordCount\":178,\"articleSection\":[\"Sal\u00e3o Design Award\",\"Sindm\u00f3veis\"],\"inLanguage\":\"en-US\"},{\"@type\":\"WebPage\",\"@id\":\"https:\/\/www.sindmoveis.com.br\/en\/concurso-salao-design-estimula-uniao-entre-setor-moveleiro-e-mundo-da-moda\/\",\"url\":\"https:\/\/www.sindmoveis.com.br\/en\/concurso-salao-design-estimula-uniao-entre-setor-moveleiro-e-mundo-da-moda\/\",\"name\":\"Sal\u00e3o Design competition encourages the union between the furniture industry and the fashion world - Sindm\u00f3veis-RS\",\"isPartOf\":{\"@id\":\"https:\/\/www.sindmoveis.com.br\/en\/#website\"},\"datePublished\":\"2011-10-21T02:00:00+00:00\",\"dateModified\":\"2021-05-26T13:45:47+00:00\",\"author\":{\"@id\":\"https:\/\/www.sindmoveis.com.br\/en\/#\/schema\/person\/16d379542db1950a17fe188179340d57\"},\"inLanguage\":\"en-US\",\"potentialAction\":[{\"@type\":\"ReadAction\",\"target\":[\"https:\/\/www.sindmoveis.com.br\/en\/concurso-salao-design-estimula-uniao-entre-setor-moveleiro-e-mundo-da-moda\/\"]}]},{\"@type\":\"WebSite\",\"@id\":\"https:\/\/www.sindmoveis.com.br\/en\/#website\",\"url\":\"https:\/\/www.sindmoveis.com.br\/en\/\",\"name\":\"Sindm\u00f3veis-RS\",\"description\":\"\",\"potentialAction\":[{\"@type\":\"SearchAction\",\"target\":{\"@type\":\"EntryPoint\",\"urlTemplate\":\"https:\/\/www.sindmoveis.com.br\/en\/?s={search_term_string}\"},\"query-input\":{\"@type\":\"PropertyValueSpecification\",\"valueRequired\":true,\"valueName\":\"search_term_string\"}}],\"inLanguage\":\"en-US\"},{\"@type\":\"Person\",\"@id\":\"https:\/\/www.sindmoveis.com.br\/en\/#\/schema\/person\/16d379542db1950a17fe188179340d57\",\"name\":\"Imprensa Sindm\u00f3veis\",\"image\":{\"@type\":\"ImageObject\",\"inLanguage\":\"en-US\",\"@id\":\"https:\/\/www.sindmoveis.com.br\/en\/#\/schema\/person\/image\/\",\"url\":\"https:\/\/secure.gravatar.com\/avatar\/4973e2e2c2a0cb5db30b0c7b770041b8e33d048a16b695a1f99c042449d4bfaf?s=96&d=mm&r=g\",\"contentUrl\":\"https:\/\/secure.gravatar.com\/avatar\/4973e2e2c2a0cb5db30b0c7b770041b8e33d048a16b695a1f99c042449d4bfaf?s=96&d=mm&r=g\",\"caption\":\"Imprensa Sindm\u00f3veis\"},\"url\":\"https:\/\/www.sindmoveis.com.br\/en\/author\/ana\/\"}]}<\/script>\n<!-- \/ Yoast SEO plugin. -->","yoast_head_json":{"title":"Sal\u00e3o Design competition encourages the union between the furniture industry and the fashion world - Sindm\u00f3veis-RS","robots":{"index":"index","follow":"follow","max-snippet":"max-snippet:-1","max-image-preview":"max-image-preview:large","max-video-preview":"max-video-preview:-1"},"canonical":"https:\/\/www.sindmoveis.com.br\/en\/concurso-salao-design-estimula-uniao-entre-setor-moveleiro-e-mundo-da-moda\/","og_locale":"en_US","og_type":"article","og_title":"Sal\u00e3o Design competition encourages the union between the furniture industry and the fashion world - Sindm\u00f3veis-RS","og_description":"Knocked-down furniture for the international market is the new category of Sal\u00e3o Design competition. Created with the support of the Brazilian Trade and investment Promotion Agency (Apex-Brasil), the Brazilian Association... Leia mais &raquo;","og_url":"https:\/\/www.sindmoveis.com.br\/en\/concurso-salao-design-estimula-uniao-entre-setor-moveleiro-e-mundo-da-moda\/","og_site_name":"Sindm\u00f3veis-RS","article_published_time":"2011-10-21T02:00:00+00:00","article_modified_time":"2021-05-26T13:45:47+00:00","author":"Imprensa Sindm\u00f3veis","twitter_card":"summary_large_image","twitter_misc":{"Written by":"Imprensa Sindm\u00f3veis","Est. reading time":"1 minute"},"schema":{"@context":"https:\/\/schema.org","@graph":[{"@type":"Article","@id":"https:\/\/www.sindmoveis.com.br\/en\/concurso-salao-design-estimula-uniao-entre-setor-moveleiro-e-mundo-da-moda\/#article","isPartOf":{"@id":"https:\/\/www.sindmoveis.com.br\/en\/concurso-salao-design-estimula-uniao-entre-setor-moveleiro-e-mundo-da-moda\/"},"author":{"name":"Imprensa Sindm\u00f3veis","@id":"https:\/\/www.sindmoveis.com.br\/en\/#\/schema\/person\/16d379542db1950a17fe188179340d57"},"headline":"Sal\u00e3o Design competition encourages the union between the furniture industry and the fashion world","datePublished":"2011-10-21T02:00:00+00:00","dateModified":"2021-05-26T13:45:47+00:00","mainEntityOfPage":{"@id":"https:\/\/www.sindmoveis.com.br\/en\/concurso-salao-design-estimula-uniao-entre-setor-moveleiro-e-mundo-da-moda\/"},"wordCount":178,"articleSection":["Sal\u00e3o Design Award","Sindm\u00f3veis"],"inLanguage":"en-US"},{"@type":"WebPage","@id":"https:\/\/www.sindmoveis.com.br\/en\/concurso-salao-design-estimula-uniao-entre-setor-moveleiro-e-mundo-da-moda\/","url":"https:\/\/www.sindmoveis.com.br\/en\/concurso-salao-design-estimula-uniao-entre-setor-moveleiro-e-mundo-da-moda\/","name":"Sal\u00e3o Design competition encourages the union between the furniture industry and the fashion world - Sindm\u00f3veis-RS","isPartOf":{"@id":"https:\/\/www.sindmoveis.com.br\/en\/#website"},"datePublished":"2011-10-21T02:00:00+00:00","dateModified":"2021-05-26T13:45:47+00:00","author":{"@id":"https:\/\/www.sindmoveis.com.br\/en\/#\/schema\/person\/16d379542db1950a17fe188179340d57"},"inLanguage":"en-US","potentialAction":[{"@type":"ReadAction","target":["https:\/\/www.sindmoveis.com.br\/en\/concurso-salao-design-estimula-uniao-entre-setor-moveleiro-e-mundo-da-moda\/"]}]},{"@type":"WebSite","@id":"https:\/\/www.sindmoveis.com.br\/en\/#website","url":"https:\/\/www.sindmoveis.com.br\/en\/","name":"Sindm\u00f3veis-RS","description":"","potentialAction":[{"@type":"SearchAction","target":{"@type":"EntryPoint","urlTemplate":"https:\/\/www.sindmoveis.com.br\/en\/?s={search_term_string}"},"query-input":{"@type":"PropertyValueSpecification","valueRequired":true,"valueName":"search_term_string"}}],"inLanguage":"en-US"},{"@type":"Person","@id":"https:\/\/www.sindmoveis.com.br\/en\/#\/schema\/person\/16d379542db1950a17fe188179340d57","name":"Imprensa Sindm\u00f3veis","image":{"@type":"ImageObject","inLanguage":"en-US","@id":"https:\/\/www.sindmoveis.com.br\/en\/#\/schema\/person\/image\/","url":"https:\/\/secure.gravatar.com\/avatar\/4973e2e2c2a0cb5db30b0c7b770041b8e33d048a16b695a1f99c042449d4bfaf?s=96&d=mm&r=g","contentUrl":"https:\/\/secure.gravatar.com\/avatar\/4973e2e2c2a0cb5db30b0c7b770041b8e33d048a16b695a1f99c042449d4bfaf?s=96&d=mm&r=g","caption":"Imprensa Sindm\u00f3veis"},"url":"https:\/\/www.sindmoveis.com.br\/en\/author\/ana\/"}]}},"_links":{"self":[{"href":"https:\/\/www.sindmoveis.com.br\/en\/wp-json\/wp\/v2\/posts\/835","targetHints":{"allow":["GET"]}}],"collection":[{"href":"https:\/\/www.sindmoveis.com.br\/en\/wp-json\/wp\/v2\/posts"}],"about":[{"href":"https:\/\/www.sindmoveis.com.br\/en\/wp-json\/wp\/v2\/types\/post"}],"author":[{"embeddable":true,"href":"https:\/\/www.sindmoveis.com.br\/en\/wp-json\/wp\/v2\/users\/5"}],"replies":[{"embeddable":true,"href":"https:\/\/www.sindmoveis.com.br\/en\/wp-json\/wp\/v2\/comments?post=835"}],"version-history":[{"count":2,"href":"https:\/\/www.sindmoveis.com.br\/en\/wp-json\/wp\/v2\/posts\/835\/revisions"}],"predecessor-version":[{"id":3167,"href":"https:\/\/www.sindmoveis.com.br\/en\/wp-json\/wp\/v2\/posts\/835\/revisions\/3167"}],"wp:attachment":[{"href":"https:\/\/www.sindmoveis.com.br\/en\/wp-json\/wp\/v2\/media?parent=835"}],"wp:term":[{"taxonomy":"category","embeddable":true,"href":"https:\/\/www.sindmoveis.com.br\/en\/wp-json\/wp\/v2\/categories?post=835"},{"taxonomy":"post_tag","embeddable":true,"href":"https:\/\/www.sindmoveis.com.br\/en\/wp-json\/wp\/v2\/tags?post=835"}],"curies":[{"name":"wp","href":"https:\/\/api.w.org\/{rel}","templated":true}]}}