{"id":3240,"date":"2012-09-14T00:00:00","date_gmt":"2012-09-14T03:00:00","guid":{"rendered":"https:\/\/www.sindmoveis.com.br\/en\/moveis-ja-sao-prioridade-para-brasileiros-2\/"},"modified":"2012-09-14T00:00:00","modified_gmt":"2012-09-14T03:00:00","slug":"moveis-ja-sao-prioridade-para-brasileiros-2","status":"publish","type":"post","link":"https:\/\/www.sindmoveis.com.br\/en\/moveis-ja-sao-prioridade-para-brasileiros-2\/","title":{"rendered":"Furniture has become a priority for Brazilians"},"content":{"rendered":"<p>The furniture industry celebrates successful results and forecasts a positive second half<br \/>\n\u00a0<br \/>\nFurniture has become one of the priorities for Brazilians. Sales in the furniture and home appliances have grown at a much higher rate than the general retail in Brazil. The sector grew by 16.6% in 2011, while the general growth amounted to 6.7%. The first half of 2012 saw a growth of over 14.1% over the same period last year, while the overall rate was 9.1%. The figures show that this is one of the fastest growing segments in the country.<br \/>\n\u00a0<br \/>\nRecent research shows furniture as one of the main priority items of Brazilian consumers. The GS&#038;MD institute surveyed 360 Paulistas who have risen socially in the last five years, and the research showed that 7% of the respondents\u2019 main dream is to buy furniture. The Data Popular institute was hired by Sindm\u00f3veis of Bento Gon\u00e7alves to construct a profile of the consumer in the new Brazilian middle class. In 2011, purchases by this segment totaled R$ 1 trillion of which R$ 19.4 billion in furniture.\u00a0<br \/>\n\u00a0<br \/>\nThe nominal growth rate of turnover from January to July this year was 10.6% higher than in the same period last year, as predicted by Sindm\u00f3veis. In the first half, exports by the furniture center in Bento Gon\u00e7alves (largest furniture producer in Brazil) grew by 6.6% over the same period in 2011.<br \/>\n\u00a0<br \/>\nTwo other good pieces of news that must boost the sector in the second half of the year are initiatives taken by the federal government. A further extension of the reduction on the tax on manufactured products (IPI) over furniture until the end of the year, although with limited effect. The other is the a credit line offered by Caixa Econ\u00f4mica Federal \u2013 Cred M\u00f3veis Caixa \u2013 aimed at the purchase of furniture and white goods offered to the participants in the My House My Life Program.\u00a0<\/p>\n","protected":false},"excerpt":{"rendered":"<p>The furniture industry celebrates successful results and forecasts a positive second half \u00a0 Furniture has become one of the priorities for Brazilians. Sales in the furniture and home appliances have&#8230;  <a class=\"excerpt-read-more\" href=\"https:\/\/www.sindmoveis.com.br\/en\/moveis-ja-sao-prioridade-para-brasileiros-2\/\" title=\"Read Furniture has become a priority for Brazilians\">Leia mais &raquo;<\/a><\/p>\n","protected":false},"author":5,"featured_media":0,"comment_status":"closed","ping_status":"open","sticky":false,"template":"","format":"standard","meta":{"footnotes":"","_links_to":"","_links_to_target":""},"categories":[2],"tags":[],"class_list":["post-3240","post","type-post","status-publish","format-standard","hentry","category-sindmoveis"],"yoast_head":"<!-- This site is optimized with the Yoast SEO plugin v27.0 - https:\/\/yoast.com\/product\/yoast-seo-wordpress\/ -->\n<title>Furniture has become a priority for Brazilians - Sindm\u00f3veis-RS<\/title>\n<meta name=\"robots\" content=\"index, follow, max-snippet:-1, max-image-preview:large, max-video-preview:-1\" \/>\n<link rel=\"canonical\" href=\"https:\/\/www.sindmoveis.com.br\/en\/moveis-ja-sao-prioridade-para-brasileiros-2\/\" \/>\n<meta property=\"og:locale\" content=\"en_US\" \/>\n<meta property=\"og:type\" content=\"article\" \/>\n<meta property=\"og:title\" content=\"Furniture has become a priority for Brazilians - Sindm\u00f3veis-RS\" \/>\n<meta property=\"og:description\" content=\"The furniture industry celebrates successful results and forecasts a positive second half \u00a0 Furniture has become one of the priorities for Brazilians. Sales in the furniture and home appliances have... Leia mais &raquo;\" \/>\n<meta property=\"og:url\" content=\"https:\/\/www.sindmoveis.com.br\/en\/moveis-ja-sao-prioridade-para-brasileiros-2\/\" \/>\n<meta property=\"og:site_name\" content=\"Sindm\u00f3veis-RS\" \/>\n<meta property=\"article:published_time\" content=\"2012-09-14T03:00:00+00:00\" \/>\n<meta name=\"author\" content=\"Imprensa Sindm\u00f3veis\" \/>\n<meta name=\"twitter:card\" content=\"summary_large_image\" \/>\n<meta name=\"twitter:label1\" content=\"Written by\" \/>\n\t<meta name=\"twitter:data1\" content=\"Imprensa Sindm\u00f3veis\" \/>\n\t<meta name=\"twitter:label2\" content=\"Est. reading time\" \/>\n\t<meta name=\"twitter:data2\" content=\"2 minutes\" \/>\n<script type=\"application\/ld+json\" class=\"yoast-schema-graph\">{\"@context\":\"https:\/\/schema.org\",\"@graph\":[{\"@type\":\"Article\",\"@id\":\"https:\/\/www.sindmoveis.com.br\/en\/moveis-ja-sao-prioridade-para-brasileiros-2\/#article\",\"isPartOf\":{\"@id\":\"https:\/\/www.sindmoveis.com.br\/en\/moveis-ja-sao-prioridade-para-brasileiros-2\/\"},\"author\":{\"name\":\"Imprensa Sindm\u00f3veis\",\"@id\":\"https:\/\/www.sindmoveis.com.br\/en\/#\/schema\/person\/16d379542db1950a17fe188179340d57\"},\"headline\":\"Furniture has become a priority for Brazilians\",\"datePublished\":\"2012-09-14T03:00:00+00:00\",\"mainEntityOfPage\":{\"@id\":\"https:\/\/www.sindmoveis.com.br\/en\/moveis-ja-sao-prioridade-para-brasileiros-2\/\"},\"wordCount\":315,\"articleSection\":[\"Sindm\u00f3veis\"],\"inLanguage\":\"en-US\"},{\"@type\":\"WebPage\",\"@id\":\"https:\/\/www.sindmoveis.com.br\/en\/moveis-ja-sao-prioridade-para-brasileiros-2\/\",\"url\":\"https:\/\/www.sindmoveis.com.br\/en\/moveis-ja-sao-prioridade-para-brasileiros-2\/\",\"name\":\"Furniture has become a priority for Brazilians - Sindm\u00f3veis-RS\",\"isPartOf\":{\"@id\":\"https:\/\/www.sindmoveis.com.br\/en\/#website\"},\"datePublished\":\"2012-09-14T03:00:00+00:00\",\"author\":{\"@id\":\"https:\/\/www.sindmoveis.com.br\/en\/#\/schema\/person\/16d379542db1950a17fe188179340d57\"},\"inLanguage\":\"en-US\",\"potentialAction\":[{\"@type\":\"ReadAction\",\"target\":[\"https:\/\/www.sindmoveis.com.br\/en\/moveis-ja-sao-prioridade-para-brasileiros-2\/\"]}]},{\"@type\":\"WebSite\",\"@id\":\"https:\/\/www.sindmoveis.com.br\/en\/#website\",\"url\":\"https:\/\/www.sindmoveis.com.br\/en\/\",\"name\":\"Sindm\u00f3veis-RS\",\"description\":\"\",\"potentialAction\":[{\"@type\":\"SearchAction\",\"target\":{\"@type\":\"EntryPoint\",\"urlTemplate\":\"https:\/\/www.sindmoveis.com.br\/en\/?s={search_term_string}\"},\"query-input\":{\"@type\":\"PropertyValueSpecification\",\"valueRequired\":true,\"valueName\":\"search_term_string\"}}],\"inLanguage\":\"en-US\"},{\"@type\":\"Person\",\"@id\":\"https:\/\/www.sindmoveis.com.br\/en\/#\/schema\/person\/16d379542db1950a17fe188179340d57\",\"name\":\"Imprensa Sindm\u00f3veis\",\"image\":{\"@type\":\"ImageObject\",\"inLanguage\":\"en-US\",\"@id\":\"https:\/\/www.sindmoveis.com.br\/en\/#\/schema\/person\/image\/\",\"url\":\"https:\/\/secure.gravatar.com\/avatar\/4973e2e2c2a0cb5db30b0c7b770041b8e33d048a16b695a1f99c042449d4bfaf?s=96&d=mm&r=g\",\"contentUrl\":\"https:\/\/secure.gravatar.com\/avatar\/4973e2e2c2a0cb5db30b0c7b770041b8e33d048a16b695a1f99c042449d4bfaf?s=96&d=mm&r=g\",\"caption\":\"Imprensa Sindm\u00f3veis\"},\"url\":\"https:\/\/www.sindmoveis.com.br\/en\/author\/ana\/\"}]}<\/script>\n<!-- \/ Yoast SEO plugin. -->","yoast_head_json":{"title":"Furniture has become a priority for Brazilians - Sindm\u00f3veis-RS","robots":{"index":"index","follow":"follow","max-snippet":"max-snippet:-1","max-image-preview":"max-image-preview:large","max-video-preview":"max-video-preview:-1"},"canonical":"https:\/\/www.sindmoveis.com.br\/en\/moveis-ja-sao-prioridade-para-brasileiros-2\/","og_locale":"en_US","og_type":"article","og_title":"Furniture has become a priority for Brazilians - Sindm\u00f3veis-RS","og_description":"The furniture industry celebrates successful results and forecasts a positive second half \u00a0 Furniture has become one of the priorities for Brazilians. Sales in the furniture and home appliances have... Leia mais &raquo;","og_url":"https:\/\/www.sindmoveis.com.br\/en\/moveis-ja-sao-prioridade-para-brasileiros-2\/","og_site_name":"Sindm\u00f3veis-RS","article_published_time":"2012-09-14T03:00:00+00:00","author":"Imprensa Sindm\u00f3veis","twitter_card":"summary_large_image","twitter_misc":{"Written by":"Imprensa Sindm\u00f3veis","Est. reading time":"2 minutes"},"schema":{"@context":"https:\/\/schema.org","@graph":[{"@type":"Article","@id":"https:\/\/www.sindmoveis.com.br\/en\/moveis-ja-sao-prioridade-para-brasileiros-2\/#article","isPartOf":{"@id":"https:\/\/www.sindmoveis.com.br\/en\/moveis-ja-sao-prioridade-para-brasileiros-2\/"},"author":{"name":"Imprensa Sindm\u00f3veis","@id":"https:\/\/www.sindmoveis.com.br\/en\/#\/schema\/person\/16d379542db1950a17fe188179340d57"},"headline":"Furniture has become a priority for Brazilians","datePublished":"2012-09-14T03:00:00+00:00","mainEntityOfPage":{"@id":"https:\/\/www.sindmoveis.com.br\/en\/moveis-ja-sao-prioridade-para-brasileiros-2\/"},"wordCount":315,"articleSection":["Sindm\u00f3veis"],"inLanguage":"en-US"},{"@type":"WebPage","@id":"https:\/\/www.sindmoveis.com.br\/en\/moveis-ja-sao-prioridade-para-brasileiros-2\/","url":"https:\/\/www.sindmoveis.com.br\/en\/moveis-ja-sao-prioridade-para-brasileiros-2\/","name":"Furniture has become a priority for Brazilians - Sindm\u00f3veis-RS","isPartOf":{"@id":"https:\/\/www.sindmoveis.com.br\/en\/#website"},"datePublished":"2012-09-14T03:00:00+00:00","author":{"@id":"https:\/\/www.sindmoveis.com.br\/en\/#\/schema\/person\/16d379542db1950a17fe188179340d57"},"inLanguage":"en-US","potentialAction":[{"@type":"ReadAction","target":["https:\/\/www.sindmoveis.com.br\/en\/moveis-ja-sao-prioridade-para-brasileiros-2\/"]}]},{"@type":"WebSite","@id":"https:\/\/www.sindmoveis.com.br\/en\/#website","url":"https:\/\/www.sindmoveis.com.br\/en\/","name":"Sindm\u00f3veis-RS","description":"","potentialAction":[{"@type":"SearchAction","target":{"@type":"EntryPoint","urlTemplate":"https:\/\/www.sindmoveis.com.br\/en\/?s={search_term_string}"},"query-input":{"@type":"PropertyValueSpecification","valueRequired":true,"valueName":"search_term_string"}}],"inLanguage":"en-US"},{"@type":"Person","@id":"https:\/\/www.sindmoveis.com.br\/en\/#\/schema\/person\/16d379542db1950a17fe188179340d57","name":"Imprensa Sindm\u00f3veis","image":{"@type":"ImageObject","inLanguage":"en-US","@id":"https:\/\/www.sindmoveis.com.br\/en\/#\/schema\/person\/image\/","url":"https:\/\/secure.gravatar.com\/avatar\/4973e2e2c2a0cb5db30b0c7b770041b8e33d048a16b695a1f99c042449d4bfaf?s=96&d=mm&r=g","contentUrl":"https:\/\/secure.gravatar.com\/avatar\/4973e2e2c2a0cb5db30b0c7b770041b8e33d048a16b695a1f99c042449d4bfaf?s=96&d=mm&r=g","caption":"Imprensa Sindm\u00f3veis"},"url":"https:\/\/www.sindmoveis.com.br\/en\/author\/ana\/"}]}},"_links":{"self":[{"href":"https:\/\/www.sindmoveis.com.br\/en\/wp-json\/wp\/v2\/posts\/3240","targetHints":{"allow":["GET"]}}],"collection":[{"href":"https:\/\/www.sindmoveis.com.br\/en\/wp-json\/wp\/v2\/posts"}],"about":[{"href":"https:\/\/www.sindmoveis.com.br\/en\/wp-json\/wp\/v2\/types\/post"}],"author":[{"embeddable":true,"href":"https:\/\/www.sindmoveis.com.br\/en\/wp-json\/wp\/v2\/users\/5"}],"replies":[{"embeddable":true,"href":"https:\/\/www.sindmoveis.com.br\/en\/wp-json\/wp\/v2\/comments?post=3240"}],"version-history":[{"count":0,"href":"https:\/\/www.sindmoveis.com.br\/en\/wp-json\/wp\/v2\/posts\/3240\/revisions"}],"wp:attachment":[{"href":"https:\/\/www.sindmoveis.com.br\/en\/wp-json\/wp\/v2\/media?parent=3240"}],"wp:term":[{"taxonomy":"category","embeddable":true,"href":"https:\/\/www.sindmoveis.com.br\/en\/wp-json\/wp\/v2\/categories?post=3240"},{"taxonomy":"post_tag","embeddable":true,"href":"https:\/\/www.sindmoveis.com.br\/en\/wp-json\/wp\/v2\/tags?post=3240"}],"curies":[{"name":"wp","href":"https:\/\/api.w.org\/{rel}","templated":true}]}}