{"id":3159,"date":"2011-06-14T00:00:00","date_gmt":"2011-06-14T03:00:00","guid":{"rendered":"https:\/\/www.sindmoveis.com.br\/en\/casa-brasil-tera-criacao-exclusiva-dos-irmaos-campana-2\/"},"modified":"2011-06-14T00:00:00","modified_gmt":"2011-06-14T03:00:00","slug":"casa-brasil-tera-criacao-exclusiva-dos-irmaos-campana-2","status":"publish","type":"post","link":"https:\/\/www.sindmoveis.com.br\/en\/casa-brasil-tera-criacao-exclusiva-dos-irmaos-campana-2\/","title":{"rendered":"Casa Brasil exhibits na exclusive creation of the Campana Brothers"},"content":{"rendered":"<p>The Campana Brothers, Brazilian designers who have conquered the world with their avant-garde creations, have signed an exclusive piece to be exhibited at Casa Brasil 2011, which will need the support from the community to be produced. The object, not yet revealed, will be displayed in the entrance hall of Parque de Eventos in Bento Gon\u00e7alves during the fair, August 2-6. The designers asked Sindm\u00f3veis, association that organizes Casa Brasil, to collect 10,000 plastic bottles of 1.5 and 2 liters, which will be the material for their work. Sindm\u00f3veis has the support of the community to achieve the required volume of material: transparent or green plastic bottles washed and unlabeled. Those interested in contributing should deliver the bottles on Rua Treze de Maio, 229, 2nd Floor &#8211; Bento Gon\u00e7alves (RS). During the fair, the Campana will receive the Designers of the Decade award, honor established by Sindm\u00f3veis in recognition of Brazilian professionals who have stood out for their innovative work.<\/p>\n","protected":false},"excerpt":{"rendered":"<p>The Campana Brothers, Brazilian designers who have conquered the world with their avant-garde creations, have signed an exclusive piece to be exhibited at Casa Brasil 2011, which will need the&#8230;  <a class=\"excerpt-read-more\" href=\"https:\/\/www.sindmoveis.com.br\/en\/casa-brasil-tera-criacao-exclusiva-dos-irmaos-campana-2\/\" title=\"Read Casa Brasil exhibits na exclusive creation of the Campana Brothers\">Leia mais &raquo;<\/a><\/p>\n","protected":false},"author":5,"featured_media":0,"comment_status":"closed","ping_status":"open","sticky":false,"template":"","format":"standard","meta":{"footnotes":"","_links_to":"","_links_to_target":""},"categories":[2],"tags":[],"class_list":["post-3159","post","type-post","status-publish","format-standard","hentry","category-sindmoveis"],"yoast_head":"<!-- This site is optimized with the Yoast SEO plugin v27.0 - https:\/\/yoast.com\/product\/yoast-seo-wordpress\/ -->\n<title>Casa Brasil exhibits na exclusive creation of the Campana Brothers - Sindm\u00f3veis-RS<\/title>\n<meta name=\"robots\" content=\"index, follow, max-snippet:-1, max-image-preview:large, max-video-preview:-1\" \/>\n<link rel=\"canonical\" href=\"https:\/\/www.sindmoveis.com.br\/en\/casa-brasil-tera-criacao-exclusiva-dos-irmaos-campana-2\/\" \/>\n<meta property=\"og:locale\" content=\"en_US\" \/>\n<meta property=\"og:type\" content=\"article\" \/>\n<meta property=\"og:title\" content=\"Casa Brasil exhibits na exclusive creation of the Campana Brothers - Sindm\u00f3veis-RS\" \/>\n<meta property=\"og:description\" content=\"The Campana Brothers, Brazilian designers who have conquered the world with their avant-garde creations, have signed an exclusive piece to be exhibited at Casa Brasil 2011, which will need the... Leia mais &raquo;\" \/>\n<meta property=\"og:url\" content=\"https:\/\/www.sindmoveis.com.br\/en\/casa-brasil-tera-criacao-exclusiva-dos-irmaos-campana-2\/\" \/>\n<meta property=\"og:site_name\" content=\"Sindm\u00f3veis-RS\" \/>\n<meta property=\"article:published_time\" content=\"2011-06-14T03:00:00+00:00\" \/>\n<meta name=\"author\" content=\"Imprensa Sindm\u00f3veis\" \/>\n<meta name=\"twitter:card\" content=\"summary_large_image\" \/>\n<meta name=\"twitter:label1\" content=\"Written by\" \/>\n\t<meta name=\"twitter:data1\" content=\"Imprensa Sindm\u00f3veis\" \/>\n\t<meta name=\"twitter:label2\" content=\"Est. reading time\" \/>\n\t<meta name=\"twitter:data2\" content=\"1 minute\" \/>\n<script type=\"application\/ld+json\" class=\"yoast-schema-graph\">{\"@context\":\"https:\/\/schema.org\",\"@graph\":[{\"@type\":\"Article\",\"@id\":\"https:\/\/www.sindmoveis.com.br\/en\/casa-brasil-tera-criacao-exclusiva-dos-irmaos-campana-2\/#article\",\"isPartOf\":{\"@id\":\"https:\/\/www.sindmoveis.com.br\/en\/casa-brasil-tera-criacao-exclusiva-dos-irmaos-campana-2\/\"},\"author\":{\"name\":\"Imprensa Sindm\u00f3veis\",\"@id\":\"https:\/\/www.sindmoveis.com.br\/en\/#\/schema\/person\/16d379542db1950a17fe188179340d57\"},\"headline\":\"Casa Brasil exhibits na exclusive creation of the Campana Brothers\",\"datePublished\":\"2011-06-14T03:00:00+00:00\",\"mainEntityOfPage\":{\"@id\":\"https:\/\/www.sindmoveis.com.br\/en\/casa-brasil-tera-criacao-exclusiva-dos-irmaos-campana-2\/\"},\"wordCount\":170,\"articleSection\":[\"Sindm\u00f3veis\"],\"inLanguage\":\"en-US\"},{\"@type\":\"WebPage\",\"@id\":\"https:\/\/www.sindmoveis.com.br\/en\/casa-brasil-tera-criacao-exclusiva-dos-irmaos-campana-2\/\",\"url\":\"https:\/\/www.sindmoveis.com.br\/en\/casa-brasil-tera-criacao-exclusiva-dos-irmaos-campana-2\/\",\"name\":\"Casa Brasil exhibits na exclusive creation of the Campana Brothers - Sindm\u00f3veis-RS\",\"isPartOf\":{\"@id\":\"https:\/\/www.sindmoveis.com.br\/en\/#website\"},\"datePublished\":\"2011-06-14T03:00:00+00:00\",\"author\":{\"@id\":\"https:\/\/www.sindmoveis.com.br\/en\/#\/schema\/person\/16d379542db1950a17fe188179340d57\"},\"inLanguage\":\"en-US\",\"potentialAction\":[{\"@type\":\"ReadAction\",\"target\":[\"https:\/\/www.sindmoveis.com.br\/en\/casa-brasil-tera-criacao-exclusiva-dos-irmaos-campana-2\/\"]}]},{\"@type\":\"WebSite\",\"@id\":\"https:\/\/www.sindmoveis.com.br\/en\/#website\",\"url\":\"https:\/\/www.sindmoveis.com.br\/en\/\",\"name\":\"Sindm\u00f3veis-RS\",\"description\":\"\",\"potentialAction\":[{\"@type\":\"SearchAction\",\"target\":{\"@type\":\"EntryPoint\",\"urlTemplate\":\"https:\/\/www.sindmoveis.com.br\/en\/?s={search_term_string}\"},\"query-input\":{\"@type\":\"PropertyValueSpecification\",\"valueRequired\":true,\"valueName\":\"search_term_string\"}}],\"inLanguage\":\"en-US\"},{\"@type\":\"Person\",\"@id\":\"https:\/\/www.sindmoveis.com.br\/en\/#\/schema\/person\/16d379542db1950a17fe188179340d57\",\"name\":\"Imprensa Sindm\u00f3veis\",\"image\":{\"@type\":\"ImageObject\",\"inLanguage\":\"en-US\",\"@id\":\"https:\/\/www.sindmoveis.com.br\/en\/#\/schema\/person\/image\/\",\"url\":\"https:\/\/secure.gravatar.com\/avatar\/4973e2e2c2a0cb5db30b0c7b770041b8e33d048a16b695a1f99c042449d4bfaf?s=96&d=mm&r=g\",\"contentUrl\":\"https:\/\/secure.gravatar.com\/avatar\/4973e2e2c2a0cb5db30b0c7b770041b8e33d048a16b695a1f99c042449d4bfaf?s=96&d=mm&r=g\",\"caption\":\"Imprensa Sindm\u00f3veis\"},\"url\":\"https:\/\/www.sindmoveis.com.br\/en\/author\/ana\/\"}]}<\/script>\n<!-- \/ Yoast SEO plugin. -->","yoast_head_json":{"title":"Casa Brasil exhibits na exclusive creation of the Campana Brothers - Sindm\u00f3veis-RS","robots":{"index":"index","follow":"follow","max-snippet":"max-snippet:-1","max-image-preview":"max-image-preview:large","max-video-preview":"max-video-preview:-1"},"canonical":"https:\/\/www.sindmoveis.com.br\/en\/casa-brasil-tera-criacao-exclusiva-dos-irmaos-campana-2\/","og_locale":"en_US","og_type":"article","og_title":"Casa Brasil exhibits na exclusive creation of the Campana Brothers - Sindm\u00f3veis-RS","og_description":"The Campana Brothers, Brazilian designers who have conquered the world with their avant-garde creations, have signed an exclusive piece to be exhibited at Casa Brasil 2011, which will need the... Leia mais &raquo;","og_url":"https:\/\/www.sindmoveis.com.br\/en\/casa-brasil-tera-criacao-exclusiva-dos-irmaos-campana-2\/","og_site_name":"Sindm\u00f3veis-RS","article_published_time":"2011-06-14T03:00:00+00:00","author":"Imprensa Sindm\u00f3veis","twitter_card":"summary_large_image","twitter_misc":{"Written by":"Imprensa Sindm\u00f3veis","Est. reading time":"1 minute"},"schema":{"@context":"https:\/\/schema.org","@graph":[{"@type":"Article","@id":"https:\/\/www.sindmoveis.com.br\/en\/casa-brasil-tera-criacao-exclusiva-dos-irmaos-campana-2\/#article","isPartOf":{"@id":"https:\/\/www.sindmoveis.com.br\/en\/casa-brasil-tera-criacao-exclusiva-dos-irmaos-campana-2\/"},"author":{"name":"Imprensa Sindm\u00f3veis","@id":"https:\/\/www.sindmoveis.com.br\/en\/#\/schema\/person\/16d379542db1950a17fe188179340d57"},"headline":"Casa Brasil exhibits na exclusive creation of the Campana Brothers","datePublished":"2011-06-14T03:00:00+00:00","mainEntityOfPage":{"@id":"https:\/\/www.sindmoveis.com.br\/en\/casa-brasil-tera-criacao-exclusiva-dos-irmaos-campana-2\/"},"wordCount":170,"articleSection":["Sindm\u00f3veis"],"inLanguage":"en-US"},{"@type":"WebPage","@id":"https:\/\/www.sindmoveis.com.br\/en\/casa-brasil-tera-criacao-exclusiva-dos-irmaos-campana-2\/","url":"https:\/\/www.sindmoveis.com.br\/en\/casa-brasil-tera-criacao-exclusiva-dos-irmaos-campana-2\/","name":"Casa Brasil exhibits na exclusive creation of the Campana Brothers - Sindm\u00f3veis-RS","isPartOf":{"@id":"https:\/\/www.sindmoveis.com.br\/en\/#website"},"datePublished":"2011-06-14T03:00:00+00:00","author":{"@id":"https:\/\/www.sindmoveis.com.br\/en\/#\/schema\/person\/16d379542db1950a17fe188179340d57"},"inLanguage":"en-US","potentialAction":[{"@type":"ReadAction","target":["https:\/\/www.sindmoveis.com.br\/en\/casa-brasil-tera-criacao-exclusiva-dos-irmaos-campana-2\/"]}]},{"@type":"WebSite","@id":"https:\/\/www.sindmoveis.com.br\/en\/#website","url":"https:\/\/www.sindmoveis.com.br\/en\/","name":"Sindm\u00f3veis-RS","description":"","potentialAction":[{"@type":"SearchAction","target":{"@type":"EntryPoint","urlTemplate":"https:\/\/www.sindmoveis.com.br\/en\/?s={search_term_string}"},"query-input":{"@type":"PropertyValueSpecification","valueRequired":true,"valueName":"search_term_string"}}],"inLanguage":"en-US"},{"@type":"Person","@id":"https:\/\/www.sindmoveis.com.br\/en\/#\/schema\/person\/16d379542db1950a17fe188179340d57","name":"Imprensa Sindm\u00f3veis","image":{"@type":"ImageObject","inLanguage":"en-US","@id":"https:\/\/www.sindmoveis.com.br\/en\/#\/schema\/person\/image\/","url":"https:\/\/secure.gravatar.com\/avatar\/4973e2e2c2a0cb5db30b0c7b770041b8e33d048a16b695a1f99c042449d4bfaf?s=96&d=mm&r=g","contentUrl":"https:\/\/secure.gravatar.com\/avatar\/4973e2e2c2a0cb5db30b0c7b770041b8e33d048a16b695a1f99c042449d4bfaf?s=96&d=mm&r=g","caption":"Imprensa Sindm\u00f3veis"},"url":"https:\/\/www.sindmoveis.com.br\/en\/author\/ana\/"}]}},"_links":{"self":[{"href":"https:\/\/www.sindmoveis.com.br\/en\/wp-json\/wp\/v2\/posts\/3159","targetHints":{"allow":["GET"]}}],"collection":[{"href":"https:\/\/www.sindmoveis.com.br\/en\/wp-json\/wp\/v2\/posts"}],"about":[{"href":"https:\/\/www.sindmoveis.com.br\/en\/wp-json\/wp\/v2\/types\/post"}],"author":[{"embeddable":true,"href":"https:\/\/www.sindmoveis.com.br\/en\/wp-json\/wp\/v2\/users\/5"}],"replies":[{"embeddable":true,"href":"https:\/\/www.sindmoveis.com.br\/en\/wp-json\/wp\/v2\/comments?post=3159"}],"version-history":[{"count":0,"href":"https:\/\/www.sindmoveis.com.br\/en\/wp-json\/wp\/v2\/posts\/3159\/revisions"}],"wp:attachment":[{"href":"https:\/\/www.sindmoveis.com.br\/en\/wp-json\/wp\/v2\/media?parent=3159"}],"wp:term":[{"taxonomy":"category","embeddable":true,"href":"https:\/\/www.sindmoveis.com.br\/en\/wp-json\/wp\/v2\/categories?post=3159"},{"taxonomy":"post_tag","embeddable":true,"href":"https:\/\/www.sindmoveis.com.br\/en\/wp-json\/wp\/v2\/tags?post=3159"}],"curies":[{"name":"wp","href":"https:\/\/api.w.org\/{rel}","templated":true}]}}