{"id":1462,"date":"2019-10-11T00:00:00","date_gmt":"2019-10-11T03:00:00","guid":{"rendered":"http:\/\/sindmoveis.com.br\/imprensa\/noticias\/premio-salao-design-tem-104-finalistas\/"},"modified":"2021-05-26T10:50:11","modified_gmt":"2021-05-26T13:50:11","slug":"premio-salao-design-tem-104-finalistas","status":"publish","type":"post","link":"https:\/\/www.sindmoveis.com.br\/en\/premio-salao-design-tem-104-finalistas\/","title":{"rendered":"Pr\u00eamio Sal\u00e3o Design has 104 finalists"},"content":{"rendered":"<p>The Sal&atilde;o Design Award, the major Brazilian furniture design award, has announced the selection of 104 projects for the final phase of this edition. Over the past two weeks, technical and functional judges evaluated one by one the 827 projects entered by students and professionals from nine countries. The entries approved are from Brazil, Argentina and Uruguay.<\/p>\n<p>This first group of judges consisted of academics and design professionals. They were in charge of &nbsp;analyzing the technical conditions of the entries in addition to features like safety, materials used, production viability and sustainability. This group included the technical director at Centro Brasil Design, Ana Brum;&nbsp; teacher Maria Cecilia Loschiavo dos Santos; the head designer of Grupo &nbsp;K1, &nbsp;Mateus Concei&ccedil;&atilde;o; the technical and technological services analyst of SENAI Institute of Wood and Furniture Technology, Ricardo Dal Piva, Technical; and Silvana Carminati Heckman, president of the Brazilian Association of Interior Designers.<\/p>\n<p>In this edition, as there were no categories for accessories and lighting, only furniture projects could be entered. The five categories are called challenges: Spaces in transformation challenge; 2020 Brazilian identity challenge; Panel use challenge; Embedded technology challenge and Positivist experience challenge. The traditional awards that are still given include the Master Teacher trophy for the students&rsquo; best products and also the Alternative Woods Award, the latter in partnership with the Brazilian Forest Service, which recognizes the use of woods that are not widely used.<\/p>\n<p>&nbsp;<\/p>\n<p><strong>Final phase of the selection&nbsp;&nbsp;&nbsp;&nbsp;&nbsp;&nbsp;&nbsp;&nbsp;&nbsp;&nbsp;&nbsp;&nbsp;&nbsp;&nbsp;&nbsp;&nbsp;&nbsp;&nbsp;&nbsp;&nbsp;&nbsp;&nbsp;&nbsp;&nbsp;&nbsp;&nbsp;&nbsp;&nbsp;&nbsp;&nbsp;&nbsp;&nbsp; <\/strong><\/p>\n<p>&nbsp;<\/p>\n<p>In the final phase of the selection, held in January 2020, the finalists will send their full-size products to the city of Bento Gon&ccedil;alves, where the organizer of the Sal&atilde;o Design Award, Sindm&oacute;veis, is headquartered.<\/p>\n<p>A new group of creative \/ aesthetic judges will be in charge of choosing the winners, namely critic, historian and design curator <strong>Ad&eacute;lia Borges<\/strong>;&nbsp; architect, designer and cabinetmaker <strong>Fernando Mendes<\/strong>; award-winning designer, jury of numerous competitions, author and translator <strong>Freddy Van Camp<\/strong>; artist and designer <strong>Helo&iacute;sa Crocco<\/strong>; the content director of Casa Vogue <strong>Taissa Buescu<\/strong>.<\/p>\n<p>Sponsored by Berneck and Interprint do Brasil, the Sal&atilde;o Design Award has been organized by the Furniture Industry Association of Bento Gon&ccedil;alves (Sindm&oacute;veis) since 1988. In this edition, the award will consist of R$ 10.000 for professionals and R$ 6.000 for students. The award ceremony and product exhibition will take place at Movelsul Brasil, in March 2020, in Bento Gon&ccedil;alves. The winners will also participate in another exhibition next year, during the S&atilde;o Paulo Design Weekend.<\/p>\n<p>&nbsp;<\/p>\n<p>For more information about the finalists, visit&nbsp;<a href=\"http:\/\/www.salaodesign.com.br\/blog\" target=\"_blank\" rel=\"noopener\">www.salaodesign.com.br\/blog<\/a>.<\/p>\n<p>&nbsp;<\/p>\n<p><strong>&gt;&gt; SCHEDULE<\/strong><\/p>\n<p><strong>Delivery of products for the final phase<\/strong>: January 15, 16 and&nbsp;17, 2020 &#8211; 9 am to 11.30 am and &nbsp;1.30 pm to 5 pm<\/p>\n<p><strong>Final phase of the selection<\/strong>: January 27 and&nbsp;28, 2020<\/p>\n<p><strong>Announcement of the award winners<\/strong>:&nbsp;February 10, 2020<\/p>\n<p><strong>Exhibition of the award winners and honorable mentions<\/strong>: Movelsul Brasil 2020, March 16 &ndash; 19, 2020 in Bento Gon&ccedil;alves<\/p>\n<p><strong>Award ceremony<\/strong>:&nbsp;March 18, 2020 in Bento Gon&ccedil;alves<\/p>\n<p><strong>Second<\/strong><strong> exhibition of the award winners<\/strong>: S&atilde;o Paulo Design Weekend, August 2020<\/p>\n<p>&nbsp;<\/p>\n<p><strong>Follow the Sal&atilde;o Design on the social media: @premiosalaodesign<\/strong><\/p>\n","protected":false},"excerpt":{"rendered":"<p>For the final judging phase, competitors from Brazil, Argentina and Uruguay are expected to send their products to Bento Gon\u00e7alves (RS) in January.<\/p>\n","protected":false},"author":5,"featured_media":3715,"comment_status":"closed","ping_status":"open","sticky":false,"template":"","format":"standard","meta":{"footnotes":"","_links_to":"","_links_to_target":""},"categories":[21,2],"tags":[],"class_list":["post-1462","post","type-post","status-publish","format-standard","has-post-thumbnail","hentry","category-salao-design-award","category-sindmoveis"],"yoast_head":"<!-- This site is optimized with the Yoast SEO plugin v27.0 - https:\/\/yoast.com\/product\/yoast-seo-wordpress\/ -->\n<title>Pr\u00eamio Sal\u00e3o Design has 104 finalists - Sindm\u00f3veis-RS<\/title>\n<meta name=\"robots\" content=\"index, follow, max-snippet:-1, max-image-preview:large, max-video-preview:-1\" \/>\n<link rel=\"canonical\" href=\"https:\/\/www.sindmoveis.com.br\/en\/premio-salao-design-tem-104-finalistas\/\" \/>\n<meta property=\"og:locale\" content=\"en_US\" \/>\n<meta property=\"og:type\" content=\"article\" \/>\n<meta property=\"og:title\" content=\"Pr\u00eamio Sal\u00e3o Design has 104 finalists - Sindm\u00f3veis-RS\" \/>\n<meta property=\"og:description\" content=\"For the final judging phase, competitors from Brazil, Argentina and Uruguay are expected to send their products to Bento Gon\u00e7alves (RS) in January.\" \/>\n<meta property=\"og:url\" content=\"https:\/\/www.sindmoveis.com.br\/en\/premio-salao-design-tem-104-finalistas\/\" \/>\n<meta property=\"og:site_name\" content=\"Sindm\u00f3veis-RS\" \/>\n<meta property=\"article:published_time\" content=\"2019-10-11T03:00:00+00:00\" \/>\n<meta property=\"article:modified_time\" content=\"2021-05-26T13:50:11+00:00\" \/>\n<meta property=\"og:image\" content=\"https:\/\/www.sindmoveis.com.br\/en\/wp-content\/uploads\/2021\/05\/p1570814719.jpg\" \/>\n\t<meta property=\"og:image:width\" content=\"1181\" \/>\n\t<meta property=\"og:image:height\" content=\"788\" \/>\n\t<meta property=\"og:image:type\" content=\"image\/jpeg\" \/>\n<meta name=\"author\" content=\"Imprensa Sindm\u00f3veis\" \/>\n<meta name=\"twitter:card\" content=\"summary_large_image\" \/>\n<meta name=\"twitter:label1\" content=\"Written by\" \/>\n\t<meta name=\"twitter:data1\" content=\"Imprensa Sindm\u00f3veis\" \/>\n\t<meta name=\"twitter:label2\" content=\"Est. reading time\" \/>\n\t<meta name=\"twitter:data2\" content=\"3 minutes\" \/>\n<script type=\"application\/ld+json\" class=\"yoast-schema-graph\">{\"@context\":\"https:\/\/schema.org\",\"@graph\":[{\"@type\":\"Article\",\"@id\":\"https:\/\/www.sindmoveis.com.br\/en\/premio-salao-design-tem-104-finalistas\/#article\",\"isPartOf\":{\"@id\":\"https:\/\/www.sindmoveis.com.br\/en\/premio-salao-design-tem-104-finalistas\/\"},\"author\":{\"name\":\"Imprensa Sindm\u00f3veis\",\"@id\":\"https:\/\/www.sindmoveis.com.br\/en\/#\/schema\/person\/16d379542db1950a17fe188179340d57\"},\"headline\":\"Pr\u00eamio Sal\u00e3o Design has 104 finalists\",\"datePublished\":\"2019-10-11T03:00:00+00:00\",\"dateModified\":\"2021-05-26T13:50:11+00:00\",\"mainEntityOfPage\":{\"@id\":\"https:\/\/www.sindmoveis.com.br\/en\/premio-salao-design-tem-104-finalistas\/\"},\"wordCount\":570,\"image\":{\"@id\":\"https:\/\/www.sindmoveis.com.br\/en\/premio-salao-design-tem-104-finalistas\/#primaryimage\"},\"thumbnailUrl\":\"https:\/\/www.sindmoveis.com.br\/en\/wp-content\/uploads\/2021\/05\/p1570814719.jpg\",\"articleSection\":[\"Sal\u00e3o Design Award\",\"Sindm\u00f3veis\"],\"inLanguage\":\"en-US\"},{\"@type\":\"WebPage\",\"@id\":\"https:\/\/www.sindmoveis.com.br\/en\/premio-salao-design-tem-104-finalistas\/\",\"url\":\"https:\/\/www.sindmoveis.com.br\/en\/premio-salao-design-tem-104-finalistas\/\",\"name\":\"Pr\u00eamio Sal\u00e3o Design has 104 finalists - Sindm\u00f3veis-RS\",\"isPartOf\":{\"@id\":\"https:\/\/www.sindmoveis.com.br\/en\/#website\"},\"primaryImageOfPage\":{\"@id\":\"https:\/\/www.sindmoveis.com.br\/en\/premio-salao-design-tem-104-finalistas\/#primaryimage\"},\"image\":{\"@id\":\"https:\/\/www.sindmoveis.com.br\/en\/premio-salao-design-tem-104-finalistas\/#primaryimage\"},\"thumbnailUrl\":\"https:\/\/www.sindmoveis.com.br\/en\/wp-content\/uploads\/2021\/05\/p1570814719.jpg\",\"datePublished\":\"2019-10-11T03:00:00+00:00\",\"dateModified\":\"2021-05-26T13:50:11+00:00\",\"author\":{\"@id\":\"https:\/\/www.sindmoveis.com.br\/en\/#\/schema\/person\/16d379542db1950a17fe188179340d57\"},\"inLanguage\":\"en-US\",\"potentialAction\":[{\"@type\":\"ReadAction\",\"target\":[\"https:\/\/www.sindmoveis.com.br\/en\/premio-salao-design-tem-104-finalistas\/\"]}]},{\"@type\":\"ImageObject\",\"inLanguage\":\"en-US\",\"@id\":\"https:\/\/www.sindmoveis.com.br\/en\/premio-salao-design-tem-104-finalistas\/#primaryimage\",\"url\":\"https:\/\/www.sindmoveis.com.br\/en\/wp-content\/uploads\/2021\/05\/p1570814719.jpg\",\"contentUrl\":\"https:\/\/www.sindmoveis.com.br\/en\/wp-content\/uploads\/2021\/05\/p1570814719.jpg\",\"width\":1181,\"height\":788},{\"@type\":\"WebSite\",\"@id\":\"https:\/\/www.sindmoveis.com.br\/en\/#website\",\"url\":\"https:\/\/www.sindmoveis.com.br\/en\/\",\"name\":\"Sindm\u00f3veis-RS\",\"description\":\"\",\"potentialAction\":[{\"@type\":\"SearchAction\",\"target\":{\"@type\":\"EntryPoint\",\"urlTemplate\":\"https:\/\/www.sindmoveis.com.br\/en\/?s={search_term_string}\"},\"query-input\":{\"@type\":\"PropertyValueSpecification\",\"valueRequired\":true,\"valueName\":\"search_term_string\"}}],\"inLanguage\":\"en-US\"},{\"@type\":\"Person\",\"@id\":\"https:\/\/www.sindmoveis.com.br\/en\/#\/schema\/person\/16d379542db1950a17fe188179340d57\",\"name\":\"Imprensa Sindm\u00f3veis\",\"image\":{\"@type\":\"ImageObject\",\"inLanguage\":\"en-US\",\"@id\":\"https:\/\/www.sindmoveis.com.br\/en\/#\/schema\/person\/image\/\",\"url\":\"https:\/\/secure.gravatar.com\/avatar\/4973e2e2c2a0cb5db30b0c7b770041b8e33d048a16b695a1f99c042449d4bfaf?s=96&d=mm&r=g\",\"contentUrl\":\"https:\/\/secure.gravatar.com\/avatar\/4973e2e2c2a0cb5db30b0c7b770041b8e33d048a16b695a1f99c042449d4bfaf?s=96&d=mm&r=g\",\"caption\":\"Imprensa Sindm\u00f3veis\"},\"url\":\"https:\/\/www.sindmoveis.com.br\/en\/author\/ana\/\"}]}<\/script>\n<!-- \/ Yoast SEO plugin. -->","yoast_head_json":{"title":"Pr\u00eamio Sal\u00e3o Design has 104 finalists - Sindm\u00f3veis-RS","robots":{"index":"index","follow":"follow","max-snippet":"max-snippet:-1","max-image-preview":"max-image-preview:large","max-video-preview":"max-video-preview:-1"},"canonical":"https:\/\/www.sindmoveis.com.br\/en\/premio-salao-design-tem-104-finalistas\/","og_locale":"en_US","og_type":"article","og_title":"Pr\u00eamio Sal\u00e3o Design has 104 finalists - Sindm\u00f3veis-RS","og_description":"For the final judging phase, competitors from Brazil, Argentina and Uruguay are expected to send their products to Bento Gon\u00e7alves (RS) in January.","og_url":"https:\/\/www.sindmoveis.com.br\/en\/premio-salao-design-tem-104-finalistas\/","og_site_name":"Sindm\u00f3veis-RS","article_published_time":"2019-10-11T03:00:00+00:00","article_modified_time":"2021-05-26T13:50:11+00:00","og_image":[{"width":1181,"height":788,"url":"https:\/\/www.sindmoveis.com.br\/en\/wp-content\/uploads\/2021\/05\/p1570814719.jpg","type":"image\/jpeg"}],"author":"Imprensa Sindm\u00f3veis","twitter_card":"summary_large_image","twitter_misc":{"Written by":"Imprensa Sindm\u00f3veis","Est. reading time":"3 minutes"},"schema":{"@context":"https:\/\/schema.org","@graph":[{"@type":"Article","@id":"https:\/\/www.sindmoveis.com.br\/en\/premio-salao-design-tem-104-finalistas\/#article","isPartOf":{"@id":"https:\/\/www.sindmoveis.com.br\/en\/premio-salao-design-tem-104-finalistas\/"},"author":{"name":"Imprensa Sindm\u00f3veis","@id":"https:\/\/www.sindmoveis.com.br\/en\/#\/schema\/person\/16d379542db1950a17fe188179340d57"},"headline":"Pr\u00eamio Sal\u00e3o Design has 104 finalists","datePublished":"2019-10-11T03:00:00+00:00","dateModified":"2021-05-26T13:50:11+00:00","mainEntityOfPage":{"@id":"https:\/\/www.sindmoveis.com.br\/en\/premio-salao-design-tem-104-finalistas\/"},"wordCount":570,"image":{"@id":"https:\/\/www.sindmoveis.com.br\/en\/premio-salao-design-tem-104-finalistas\/#primaryimage"},"thumbnailUrl":"https:\/\/www.sindmoveis.com.br\/en\/wp-content\/uploads\/2021\/05\/p1570814719.jpg","articleSection":["Sal\u00e3o Design Award","Sindm\u00f3veis"],"inLanguage":"en-US"},{"@type":"WebPage","@id":"https:\/\/www.sindmoveis.com.br\/en\/premio-salao-design-tem-104-finalistas\/","url":"https:\/\/www.sindmoveis.com.br\/en\/premio-salao-design-tem-104-finalistas\/","name":"Pr\u00eamio Sal\u00e3o Design has 104 finalists - Sindm\u00f3veis-RS","isPartOf":{"@id":"https:\/\/www.sindmoveis.com.br\/en\/#website"},"primaryImageOfPage":{"@id":"https:\/\/www.sindmoveis.com.br\/en\/premio-salao-design-tem-104-finalistas\/#primaryimage"},"image":{"@id":"https:\/\/www.sindmoveis.com.br\/en\/premio-salao-design-tem-104-finalistas\/#primaryimage"},"thumbnailUrl":"https:\/\/www.sindmoveis.com.br\/en\/wp-content\/uploads\/2021\/05\/p1570814719.jpg","datePublished":"2019-10-11T03:00:00+00:00","dateModified":"2021-05-26T13:50:11+00:00","author":{"@id":"https:\/\/www.sindmoveis.com.br\/en\/#\/schema\/person\/16d379542db1950a17fe188179340d57"},"inLanguage":"en-US","potentialAction":[{"@type":"ReadAction","target":["https:\/\/www.sindmoveis.com.br\/en\/premio-salao-design-tem-104-finalistas\/"]}]},{"@type":"ImageObject","inLanguage":"en-US","@id":"https:\/\/www.sindmoveis.com.br\/en\/premio-salao-design-tem-104-finalistas\/#primaryimage","url":"https:\/\/www.sindmoveis.com.br\/en\/wp-content\/uploads\/2021\/05\/p1570814719.jpg","contentUrl":"https:\/\/www.sindmoveis.com.br\/en\/wp-content\/uploads\/2021\/05\/p1570814719.jpg","width":1181,"height":788},{"@type":"WebSite","@id":"https:\/\/www.sindmoveis.com.br\/en\/#website","url":"https:\/\/www.sindmoveis.com.br\/en\/","name":"Sindm\u00f3veis-RS","description":"","potentialAction":[{"@type":"SearchAction","target":{"@type":"EntryPoint","urlTemplate":"https:\/\/www.sindmoveis.com.br\/en\/?s={search_term_string}"},"query-input":{"@type":"PropertyValueSpecification","valueRequired":true,"valueName":"search_term_string"}}],"inLanguage":"en-US"},{"@type":"Person","@id":"https:\/\/www.sindmoveis.com.br\/en\/#\/schema\/person\/16d379542db1950a17fe188179340d57","name":"Imprensa Sindm\u00f3veis","image":{"@type":"ImageObject","inLanguage":"en-US","@id":"https:\/\/www.sindmoveis.com.br\/en\/#\/schema\/person\/image\/","url":"https:\/\/secure.gravatar.com\/avatar\/4973e2e2c2a0cb5db30b0c7b770041b8e33d048a16b695a1f99c042449d4bfaf?s=96&d=mm&r=g","contentUrl":"https:\/\/secure.gravatar.com\/avatar\/4973e2e2c2a0cb5db30b0c7b770041b8e33d048a16b695a1f99c042449d4bfaf?s=96&d=mm&r=g","caption":"Imprensa Sindm\u00f3veis"},"url":"https:\/\/www.sindmoveis.com.br\/en\/author\/ana\/"}]}},"_links":{"self":[{"href":"https:\/\/www.sindmoveis.com.br\/en\/wp-json\/wp\/v2\/posts\/1462","targetHints":{"allow":["GET"]}}],"collection":[{"href":"https:\/\/www.sindmoveis.com.br\/en\/wp-json\/wp\/v2\/posts"}],"about":[{"href":"https:\/\/www.sindmoveis.com.br\/en\/wp-json\/wp\/v2\/types\/post"}],"author":[{"embeddable":true,"href":"https:\/\/www.sindmoveis.com.br\/en\/wp-json\/wp\/v2\/users\/5"}],"replies":[{"embeddable":true,"href":"https:\/\/www.sindmoveis.com.br\/en\/wp-json\/wp\/v2\/comments?post=1462"}],"version-history":[{"count":2,"href":"https:\/\/www.sindmoveis.com.br\/en\/wp-json\/wp\/v2\/posts\/1462\/revisions"}],"predecessor-version":[{"id":3714,"href":"https:\/\/www.sindmoveis.com.br\/en\/wp-json\/wp\/v2\/posts\/1462\/revisions\/3714"}],"wp:featuredmedia":[{"embeddable":true,"href":"https:\/\/www.sindmoveis.com.br\/en\/wp-json\/wp\/v2\/media\/3715"}],"wp:attachment":[{"href":"https:\/\/www.sindmoveis.com.br\/en\/wp-json\/wp\/v2\/media?parent=1462"}],"wp:term":[{"taxonomy":"category","embeddable":true,"href":"https:\/\/www.sindmoveis.com.br\/en\/wp-json\/wp\/v2\/categories?post=1462"},{"taxonomy":"post_tag","embeddable":true,"href":"https:\/\/www.sindmoveis.com.br\/en\/wp-json\/wp\/v2\/tags?post=1462"}],"curies":[{"name":"wp","href":"https:\/\/api.w.org\/{rel}","templated":true}]}}