{"id":1406,"date":"2018-11-19T00:00:00","date_gmt":"2018-11-19T02:00:00","guid":{"rendered":"http:\/\/sindmoveis.com.br\/imprensa\/noticias\/vinicius-benini-sera-o-novo-presidente-do-sindmoveis-bento-goncalves\/"},"modified":"2021-05-26T10:49:41","modified_gmt":"2021-05-26T13:49:41","slug":"vinicius-benini-sera-o-novo-presidente-do-sindmoveis-bento-goncalves","status":"publish","type":"post","link":"https:\/\/www.sindmoveis.com.br\/en\/vinicius-benini-sera-o-novo-presidente-do-sindmoveis-bento-goncalves\/","title":{"rendered":"Vinicius Benini will be the new president of Sindm\u00f3veis Bento Gon\u00e7alves"},"content":{"rendered":"<p>The director of Pozza S\/A, Vinicius Benini, will be the next president of the Furniture Industry Association of Bento Gon&ccedil;alves (Sindm&oacute;veis) in the 2019\/2020 biennium. The 18th Board of Directors of the association &ndash; including directors, supervisory and advisory councils and representative delegates &#8211; was elected by acclamation of its associates last Monday, Nov 19. Vinicius Benini will take office on January 1, replacing executive Edson Pelicioli, Ideas &amp; Conceitos. In the current term of office, Vinicius was its vice president and commercial director.<\/p>\n<p>Aged 31, Vinicius Benini will be the youngest president in the history of Sindm&oacute;veis. A graduate in International Trade with an MBA in Marketing focused on sales (FGV), he is starting his term working to strengthen relations with Sindm&oacute;veis members and planning Movelsul Brasil 2020, whose marketing campaign will be officially launched in March next year. &quot;It is important, at a time when the furniture industry is working for the resumption of its performance, that Sindm&oacute;veis is increasingly close to local companies, creating growth mechanisms for member companies of different sizes,&quot; he says.<\/p>\n<p>Internationalization is still high on the agenda of the plans of Sindm&oacute;veis, providing studies of commercial intelligence, training in the area and commercial promotion in target markets of the furniture industry. In addition, the period led by entrepreneur Vinicius Benini will also continue to foster design as a tool for competitiveness of the companies.<\/p>\n<p>Sindm&oacute;veis Bento Gon&ccedil;alves has been working since 1977, boosting the growth of the woodworking industry through institutional representation, integrative initiatives, international promotion, support programs for companies and professionals, promotion of design and development of sales channels. The inauguration ceremony of the new board of directors of the association will take place in January.<\/p>\n<p>&nbsp;<\/p>\n<p><strong>Sindm&oacute;veis Board of Directors &#8211; 2019\/2020<\/strong><\/p>\n<p>\nPresident: Vinicius Benini (Pozza S\/A)<\/p>\n<p>Vice-President and Commercial Director: Cassiano De Paris (Perlare)<\/p>\n<p>Operational Director: Marlei Pena Vian (Todescredi &#8211; Grupo Todeschini)<\/p>\n<p>Labor Counsel Director: Alexandre Michelin (Bertolini)<\/p>\n<p>Director of Services: Let&iacute;cia Farina (Villa Giardino Ital&iacute;nea)<\/p>\n<p>Director of Infrastructure: Lu&iacute;s Henrique Bortolini (Atual Estofados)<\/p>\n<p>Director of Sal&atilde;o Design: Eduardo Nuncio (M&oacute;veis Carraro)<\/p>\n<p>Vice-director of Pr&ecirc;mio Sal&atilde;o Design: Jos&eacute; Ferro (Bertolini)<\/p>\n<p>Director of Relations with the Market: Priscila Milesi Basso (Dalm&oacute;bile)<\/p>\n<p>International Director: Leonardo Dartora (Politorno)<\/p>\n<p>&nbsp;<\/p>\n<p>SUPERVISORY BOARD<\/p>\n<p>Edson Pelicioli (Ideias &amp; Conceitos)<\/p>\n<p>Henrique Tecchio (Bentec)<\/p>\n<p>S&eacute;rgio Dalla Costa (Motiva M&oacute;veis)<\/p>\n<p>Rog&eacute;rio Francio (M&oacute;veis Carraro)<\/p>\n<p>&nbsp;<\/p>\n<p>ADVISORY BOARD<\/p>\n<p>Volnei Benini (BRV M&oacute;veis)<\/p>\n<p>Cl&aacute;udio Ramos (BRV M&oacute;veis)<\/p>\n<p>Marcelo Haefliger (PLAN35)<\/p>\n<p>&nbsp;<\/p>\n<p>REPRESENTATIVE DELEGATES<\/p>\n<p>Ademar De Gasperi (Nave Brazil)<\/p>\n<p>Maristela Cusin Longhi (Multim&oacute;veis)<\/p>\n","protected":false},"excerpt":{"rendered":"<p>Director of Pozza S\/A, the youngest president in the history of the association, will take office on January 1<\/p>\n","protected":false},"author":5,"featured_media":3672,"comment_status":"closed","ping_status":"open","sticky":false,"template":"","format":"standard","meta":{"footnotes":"","_links_to":"","_links_to_target":""},"categories":[2],"tags":[],"class_list":["post-1406","post","type-post","status-publish","format-standard","has-post-thumbnail","hentry","category-sindmoveis"],"yoast_head":"<!-- This site is optimized with the Yoast SEO plugin v27.0 - https:\/\/yoast.com\/product\/yoast-seo-wordpress\/ -->\n<title>Vinicius Benini will be the new president of Sindm\u00f3veis Bento Gon\u00e7alves - Sindm\u00f3veis-RS<\/title>\n<meta name=\"robots\" content=\"index, follow, max-snippet:-1, max-image-preview:large, max-video-preview:-1\" \/>\n<link rel=\"canonical\" href=\"https:\/\/www.sindmoveis.com.br\/en\/vinicius-benini-sera-o-novo-presidente-do-sindmoveis-bento-goncalves\/\" \/>\n<meta property=\"og:locale\" content=\"en_US\" \/>\n<meta property=\"og:type\" content=\"article\" \/>\n<meta property=\"og:title\" content=\"Vinicius Benini will be the new president of Sindm\u00f3veis Bento Gon\u00e7alves - Sindm\u00f3veis-RS\" \/>\n<meta property=\"og:description\" content=\"Director of Pozza S\/A, the youngest president in the history of the association, will take office on January 1\" \/>\n<meta property=\"og:url\" content=\"https:\/\/www.sindmoveis.com.br\/en\/vinicius-benini-sera-o-novo-presidente-do-sindmoveis-bento-goncalves\/\" \/>\n<meta property=\"og:site_name\" content=\"Sindm\u00f3veis-RS\" \/>\n<meta property=\"article:published_time\" content=\"2018-11-19T02:00:00+00:00\" \/>\n<meta property=\"article:modified_time\" content=\"2021-05-26T13:49:41+00:00\" \/>\n<meta property=\"og:image\" content=\"https:\/\/www.sindmoveis.com.br\/en\/wp-content\/uploads\/2021\/05\/p1542652695.jpg\" \/>\n\t<meta property=\"og:image:width\" content=\"1260\" \/>\n\t<meta property=\"og:image:height\" content=\"887\" \/>\n\t<meta property=\"og:image:type\" content=\"image\/jpeg\" \/>\n<meta name=\"author\" content=\"Imprensa Sindm\u00f3veis\" \/>\n<meta name=\"twitter:card\" content=\"summary_large_image\" \/>\n<meta name=\"twitter:label1\" content=\"Written by\" \/>\n\t<meta name=\"twitter:data1\" content=\"Imprensa Sindm\u00f3veis\" \/>\n\t<meta name=\"twitter:label2\" content=\"Est. reading time\" \/>\n\t<meta name=\"twitter:data2\" content=\"2 minutes\" \/>\n<script type=\"application\/ld+json\" class=\"yoast-schema-graph\">{\"@context\":\"https:\/\/schema.org\",\"@graph\":[{\"@type\":\"Article\",\"@id\":\"https:\/\/www.sindmoveis.com.br\/en\/vinicius-benini-sera-o-novo-presidente-do-sindmoveis-bento-goncalves\/#article\",\"isPartOf\":{\"@id\":\"https:\/\/www.sindmoveis.com.br\/en\/vinicius-benini-sera-o-novo-presidente-do-sindmoveis-bento-goncalves\/\"},\"author\":{\"name\":\"Imprensa Sindm\u00f3veis\",\"@id\":\"https:\/\/www.sindmoveis.com.br\/en\/#\/schema\/person\/16d379542db1950a17fe188179340d57\"},\"headline\":\"Vinicius Benini will be the new president of Sindm\u00f3veis Bento Gon\u00e7alves\",\"datePublished\":\"2018-11-19T02:00:00+00:00\",\"dateModified\":\"2021-05-26T13:49:41+00:00\",\"mainEntityOfPage\":{\"@id\":\"https:\/\/www.sindmoveis.com.br\/en\/vinicius-benini-sera-o-novo-presidente-do-sindmoveis-bento-goncalves\/\"},\"wordCount\":473,\"image\":{\"@id\":\"https:\/\/www.sindmoveis.com.br\/en\/vinicius-benini-sera-o-novo-presidente-do-sindmoveis-bento-goncalves\/#primaryimage\"},\"thumbnailUrl\":\"https:\/\/www.sindmoveis.com.br\/en\/wp-content\/uploads\/2021\/05\/p1542652695.jpg\",\"articleSection\":[\"Sindm\u00f3veis\"],\"inLanguage\":\"en-US\"},{\"@type\":\"WebPage\",\"@id\":\"https:\/\/www.sindmoveis.com.br\/en\/vinicius-benini-sera-o-novo-presidente-do-sindmoveis-bento-goncalves\/\",\"url\":\"https:\/\/www.sindmoveis.com.br\/en\/vinicius-benini-sera-o-novo-presidente-do-sindmoveis-bento-goncalves\/\",\"name\":\"Vinicius Benini will be the new president of Sindm\u00f3veis Bento Gon\u00e7alves - Sindm\u00f3veis-RS\",\"isPartOf\":{\"@id\":\"https:\/\/www.sindmoveis.com.br\/en\/#website\"},\"primaryImageOfPage\":{\"@id\":\"https:\/\/www.sindmoveis.com.br\/en\/vinicius-benini-sera-o-novo-presidente-do-sindmoveis-bento-goncalves\/#primaryimage\"},\"image\":{\"@id\":\"https:\/\/www.sindmoveis.com.br\/en\/vinicius-benini-sera-o-novo-presidente-do-sindmoveis-bento-goncalves\/#primaryimage\"},\"thumbnailUrl\":\"https:\/\/www.sindmoveis.com.br\/en\/wp-content\/uploads\/2021\/05\/p1542652695.jpg\",\"datePublished\":\"2018-11-19T02:00:00+00:00\",\"dateModified\":\"2021-05-26T13:49:41+00:00\",\"author\":{\"@id\":\"https:\/\/www.sindmoveis.com.br\/en\/#\/schema\/person\/16d379542db1950a17fe188179340d57\"},\"inLanguage\":\"en-US\",\"potentialAction\":[{\"@type\":\"ReadAction\",\"target\":[\"https:\/\/www.sindmoveis.com.br\/en\/vinicius-benini-sera-o-novo-presidente-do-sindmoveis-bento-goncalves\/\"]}]},{\"@type\":\"ImageObject\",\"inLanguage\":\"en-US\",\"@id\":\"https:\/\/www.sindmoveis.com.br\/en\/vinicius-benini-sera-o-novo-presidente-do-sindmoveis-bento-goncalves\/#primaryimage\",\"url\":\"https:\/\/www.sindmoveis.com.br\/en\/wp-content\/uploads\/2021\/05\/p1542652695.jpg\",\"contentUrl\":\"https:\/\/www.sindmoveis.com.br\/en\/wp-content\/uploads\/2021\/05\/p1542652695.jpg\",\"width\":1260,\"height\":887},{\"@type\":\"WebSite\",\"@id\":\"https:\/\/www.sindmoveis.com.br\/en\/#website\",\"url\":\"https:\/\/www.sindmoveis.com.br\/en\/\",\"name\":\"Sindm\u00f3veis-RS\",\"description\":\"\",\"potentialAction\":[{\"@type\":\"SearchAction\",\"target\":{\"@type\":\"EntryPoint\",\"urlTemplate\":\"https:\/\/www.sindmoveis.com.br\/en\/?s={search_term_string}\"},\"query-input\":{\"@type\":\"PropertyValueSpecification\",\"valueRequired\":true,\"valueName\":\"search_term_string\"}}],\"inLanguage\":\"en-US\"},{\"@type\":\"Person\",\"@id\":\"https:\/\/www.sindmoveis.com.br\/en\/#\/schema\/person\/16d379542db1950a17fe188179340d57\",\"name\":\"Imprensa Sindm\u00f3veis\",\"image\":{\"@type\":\"ImageObject\",\"inLanguage\":\"en-US\",\"@id\":\"https:\/\/www.sindmoveis.com.br\/en\/#\/schema\/person\/image\/\",\"url\":\"https:\/\/secure.gravatar.com\/avatar\/4973e2e2c2a0cb5db30b0c7b770041b8e33d048a16b695a1f99c042449d4bfaf?s=96&d=mm&r=g\",\"contentUrl\":\"https:\/\/secure.gravatar.com\/avatar\/4973e2e2c2a0cb5db30b0c7b770041b8e33d048a16b695a1f99c042449d4bfaf?s=96&d=mm&r=g\",\"caption\":\"Imprensa Sindm\u00f3veis\"},\"url\":\"https:\/\/www.sindmoveis.com.br\/en\/author\/ana\/\"}]}<\/script>\n<!-- \/ Yoast SEO plugin. -->","yoast_head_json":{"title":"Vinicius Benini will be the new president of Sindm\u00f3veis Bento Gon\u00e7alves - Sindm\u00f3veis-RS","robots":{"index":"index","follow":"follow","max-snippet":"max-snippet:-1","max-image-preview":"max-image-preview:large","max-video-preview":"max-video-preview:-1"},"canonical":"https:\/\/www.sindmoveis.com.br\/en\/vinicius-benini-sera-o-novo-presidente-do-sindmoveis-bento-goncalves\/","og_locale":"en_US","og_type":"article","og_title":"Vinicius Benini will be the new president of Sindm\u00f3veis Bento Gon\u00e7alves - Sindm\u00f3veis-RS","og_description":"Director of Pozza S\/A, the youngest president in the history of the association, will take office on January 1","og_url":"https:\/\/www.sindmoveis.com.br\/en\/vinicius-benini-sera-o-novo-presidente-do-sindmoveis-bento-goncalves\/","og_site_name":"Sindm\u00f3veis-RS","article_published_time":"2018-11-19T02:00:00+00:00","article_modified_time":"2021-05-26T13:49:41+00:00","og_image":[{"width":1260,"height":887,"url":"https:\/\/www.sindmoveis.com.br\/en\/wp-content\/uploads\/2021\/05\/p1542652695.jpg","type":"image\/jpeg"}],"author":"Imprensa Sindm\u00f3veis","twitter_card":"summary_large_image","twitter_misc":{"Written by":"Imprensa Sindm\u00f3veis","Est. reading time":"2 minutes"},"schema":{"@context":"https:\/\/schema.org","@graph":[{"@type":"Article","@id":"https:\/\/www.sindmoveis.com.br\/en\/vinicius-benini-sera-o-novo-presidente-do-sindmoveis-bento-goncalves\/#article","isPartOf":{"@id":"https:\/\/www.sindmoveis.com.br\/en\/vinicius-benini-sera-o-novo-presidente-do-sindmoveis-bento-goncalves\/"},"author":{"name":"Imprensa Sindm\u00f3veis","@id":"https:\/\/www.sindmoveis.com.br\/en\/#\/schema\/person\/16d379542db1950a17fe188179340d57"},"headline":"Vinicius Benini will be the new president of Sindm\u00f3veis Bento Gon\u00e7alves","datePublished":"2018-11-19T02:00:00+00:00","dateModified":"2021-05-26T13:49:41+00:00","mainEntityOfPage":{"@id":"https:\/\/www.sindmoveis.com.br\/en\/vinicius-benini-sera-o-novo-presidente-do-sindmoveis-bento-goncalves\/"},"wordCount":473,"image":{"@id":"https:\/\/www.sindmoveis.com.br\/en\/vinicius-benini-sera-o-novo-presidente-do-sindmoveis-bento-goncalves\/#primaryimage"},"thumbnailUrl":"https:\/\/www.sindmoveis.com.br\/en\/wp-content\/uploads\/2021\/05\/p1542652695.jpg","articleSection":["Sindm\u00f3veis"],"inLanguage":"en-US"},{"@type":"WebPage","@id":"https:\/\/www.sindmoveis.com.br\/en\/vinicius-benini-sera-o-novo-presidente-do-sindmoveis-bento-goncalves\/","url":"https:\/\/www.sindmoveis.com.br\/en\/vinicius-benini-sera-o-novo-presidente-do-sindmoveis-bento-goncalves\/","name":"Vinicius Benini will be the new president of Sindm\u00f3veis Bento Gon\u00e7alves - Sindm\u00f3veis-RS","isPartOf":{"@id":"https:\/\/www.sindmoveis.com.br\/en\/#website"},"primaryImageOfPage":{"@id":"https:\/\/www.sindmoveis.com.br\/en\/vinicius-benini-sera-o-novo-presidente-do-sindmoveis-bento-goncalves\/#primaryimage"},"image":{"@id":"https:\/\/www.sindmoveis.com.br\/en\/vinicius-benini-sera-o-novo-presidente-do-sindmoveis-bento-goncalves\/#primaryimage"},"thumbnailUrl":"https:\/\/www.sindmoveis.com.br\/en\/wp-content\/uploads\/2021\/05\/p1542652695.jpg","datePublished":"2018-11-19T02:00:00+00:00","dateModified":"2021-05-26T13:49:41+00:00","author":{"@id":"https:\/\/www.sindmoveis.com.br\/en\/#\/schema\/person\/16d379542db1950a17fe188179340d57"},"inLanguage":"en-US","potentialAction":[{"@type":"ReadAction","target":["https:\/\/www.sindmoveis.com.br\/en\/vinicius-benini-sera-o-novo-presidente-do-sindmoveis-bento-goncalves\/"]}]},{"@type":"ImageObject","inLanguage":"en-US","@id":"https:\/\/www.sindmoveis.com.br\/en\/vinicius-benini-sera-o-novo-presidente-do-sindmoveis-bento-goncalves\/#primaryimage","url":"https:\/\/www.sindmoveis.com.br\/en\/wp-content\/uploads\/2021\/05\/p1542652695.jpg","contentUrl":"https:\/\/www.sindmoveis.com.br\/en\/wp-content\/uploads\/2021\/05\/p1542652695.jpg","width":1260,"height":887},{"@type":"WebSite","@id":"https:\/\/www.sindmoveis.com.br\/en\/#website","url":"https:\/\/www.sindmoveis.com.br\/en\/","name":"Sindm\u00f3veis-RS","description":"","potentialAction":[{"@type":"SearchAction","target":{"@type":"EntryPoint","urlTemplate":"https:\/\/www.sindmoveis.com.br\/en\/?s={search_term_string}"},"query-input":{"@type":"PropertyValueSpecification","valueRequired":true,"valueName":"search_term_string"}}],"inLanguage":"en-US"},{"@type":"Person","@id":"https:\/\/www.sindmoveis.com.br\/en\/#\/schema\/person\/16d379542db1950a17fe188179340d57","name":"Imprensa Sindm\u00f3veis","image":{"@type":"ImageObject","inLanguage":"en-US","@id":"https:\/\/www.sindmoveis.com.br\/en\/#\/schema\/person\/image\/","url":"https:\/\/secure.gravatar.com\/avatar\/4973e2e2c2a0cb5db30b0c7b770041b8e33d048a16b695a1f99c042449d4bfaf?s=96&d=mm&r=g","contentUrl":"https:\/\/secure.gravatar.com\/avatar\/4973e2e2c2a0cb5db30b0c7b770041b8e33d048a16b695a1f99c042449d4bfaf?s=96&d=mm&r=g","caption":"Imprensa Sindm\u00f3veis"},"url":"https:\/\/www.sindmoveis.com.br\/en\/author\/ana\/"}]}},"_links":{"self":[{"href":"https:\/\/www.sindmoveis.com.br\/en\/wp-json\/wp\/v2\/posts\/1406","targetHints":{"allow":["GET"]}}],"collection":[{"href":"https:\/\/www.sindmoveis.com.br\/en\/wp-json\/wp\/v2\/posts"}],"about":[{"href":"https:\/\/www.sindmoveis.com.br\/en\/wp-json\/wp\/v2\/types\/post"}],"author":[{"embeddable":true,"href":"https:\/\/www.sindmoveis.com.br\/en\/wp-json\/wp\/v2\/users\/5"}],"replies":[{"embeddable":true,"href":"https:\/\/www.sindmoveis.com.br\/en\/wp-json\/wp\/v2\/comments?post=1406"}],"version-history":[{"count":2,"href":"https:\/\/www.sindmoveis.com.br\/en\/wp-json\/wp\/v2\/posts\/1406\/revisions"}],"predecessor-version":[{"id":3671,"href":"https:\/\/www.sindmoveis.com.br\/en\/wp-json\/wp\/v2\/posts\/1406\/revisions\/3671"}],"wp:featuredmedia":[{"embeddable":true,"href":"https:\/\/www.sindmoveis.com.br\/en\/wp-json\/wp\/v2\/media\/3672"}],"wp:attachment":[{"href":"https:\/\/www.sindmoveis.com.br\/en\/wp-json\/wp\/v2\/media?parent=1406"}],"wp:term":[{"taxonomy":"category","embeddable":true,"href":"https:\/\/www.sindmoveis.com.br\/en\/wp-json\/wp\/v2\/categories?post=1406"},{"taxonomy":"post_tag","embeddable":true,"href":"https:\/\/www.sindmoveis.com.br\/en\/wp-json\/wp\/v2\/tags?post=1406"}],"curies":[{"name":"wp","href":"https:\/\/api.w.org\/{rel}","templated":true}]}}