{"id":1390,"date":"2018-08-15T00:00:00","date_gmt":"2018-08-15T03:00:00","guid":{"rendered":"http:\/\/sindmoveis.com.br\/imprensa\/noticias\/premio-salao-design-tera-talks-e-mostra-de-vencedores-na-high-design-expo\/"},"modified":"2021-05-26T10:49:33","modified_gmt":"2021-05-26T13:49:33","slug":"premio-salao-design-tera-talks-e-mostra-de-vencedores-na-high-design-expo","status":"publish","type":"post","link":"https:\/\/www.sindmoveis.com.br\/en\/premio-salao-design-tera-talks-e-mostra-de-vencedores-na-high-design-expo\/","title":{"rendered":"The Sal\u00e3o Design will have talks and a show of the award winners at High Design Expo"},"content":{"rendered":"<p>The Sal&atilde;o Design Award, the major product design award in Latin America, will once again have an important participation in the S&atilde;o Paulo design week, featuring a booth at the High Design &ndash; Home&amp;Office Expo, Aug 28-30. In addition to the exhibition of the award winners, the Sal&atilde;o Design booth will have talks on consumption and internationalization. This year&rsquo;s competition awarded were 12 cash prizes, three honorable mentions, an Alternative Woods Award and a Master Teacher Trophy.<\/p>\n<p>Taking into account requirements such as originality, form and function, ergonomics, finishing, safety and sustainability, the Sal&atilde;o Design Award recognizes the talent of students, professionals and manufacturing companies at an international level. This year, the award winners were from Brazil, Argentina and Uruguay.<\/p>\n<p>The director of the Sal&atilde;o Design Award, Eduardo Nuncio, emphasizes the historical importance of this initiative, which is celebrating its 30th anniversary in 2018 and was established in the heart of the Serra Ga&uacute;cha, in Bento Gon&ccedil;alves, where the largest Brazilian furniture producing area is located. &quot;Our purpose is to integrate designers with manufacturing companies, in addition to valuing student research, reflecting year after year the evolution of production processes and revealing new talents to the market,&quot; he points out.<\/p>\n<p>This year&rsquo;s Sal&atilde;o Design Award, whose winners will be exhibited at High Design Expo, featured a broad range of typologies, including multiuse pieces for several different applications in living spaces: from armchairs to cutlery and even portable veranda furniture. The judging panel consisted of designers Brunno Jahara, Bruno Faucz, Leticia Grisa, Nicole Tomazi and Salvatore Figliuzzi.<\/p>\n<p>&nbsp;<\/p>\n<p><strong>About the Sal&atilde;o Design Award<\/strong><\/p>\n<p>Sal&atilde;o Design Award is celebrating its 30th anniversary this year organized by the Furniture Industry Association of Bento Gon&ccedil;alves (Sindm&oacute;veis Bento Gon&ccedil;alves). The award was established in 1988 aiming to encourage the furniture industry to add value to their products through design. With 14,213 projects entered to this date, the Sal&atilde;o Design Award is sponsored by Berneck and Interprint.<\/p>\n<p>&nbsp;<\/p>\n<p><strong>Schedule of talks <\/strong><\/p>\n<p>&nbsp;<\/p>\n<p><strong>#1 Internationalization of design<\/strong><\/p>\n<p><strong>ICFF NYC Fair &ndash; Projeto Raiz designers&rsquo; exhibition experience <\/strong><\/p>\n<p>Date: Aug 28<\/p>\n<p>Time: 3 pm<\/p>\n<p>Lecturers: Camila Fix, Marta Manente, Paulo Alves and S&eacute;rgio Matos.<\/p>\n<p>&nbsp;<\/p>\n<p><strong>#2 Trends and consumption<\/strong><\/p>\n<p><strong>Macro trends and consumption trends and the relationship with the furniture &amp; design market<\/strong><\/p>\n<p>Date: Aug 28<\/p>\n<p>Time: 4.30 pm<\/p>\n<p>Lecturers: Andrea Colin Corr&ecirc;a (Berneck) and Carolina Vitola (Interprint)<\/p>\n<p>&nbsp;<\/p>\n<p><strong>#3 Brazilian design abroad<\/strong><\/p>\n<p><strong>Showroom B2B in Orlando<\/strong><\/p>\n<p>Date: Aug 28<\/p>\n<p>Time: 6 pm<\/p>\n<p>Lecturers: estudiobola, Fahrer and Paulo Alves<\/p>\n<p>&nbsp;<\/p>\n<p><strong>Service<\/strong><\/p>\n<p>\n<strong>High Design Home &amp; Office Expo<\/strong><\/p>\n<p><strong>Date<\/strong> &ndash; August 28 &ndash; 30, 2018<\/p>\n<p><strong>Venue<\/strong> &ndash; S&atilde;o Paulo Expo I Rodovia dos Imigrantes &#8211; Km 1,5<\/p>\n<p><strong>Opening hours<\/strong> &ndash; 10 am &ndash; 8 pm<\/p>\n<p><a href=\"http:\/\/www.highdesignexpo.com\/\">www.highdesignexpo.com<\/a><\/p>\n<p>&nbsp;<\/p>\n<p><strong>For more information about the Sal&atilde;o Design Award<\/strong><\/p>\n<p><a href=\"http:\/\/www.salaodesign.com.br\/\">www.salaodesign.com.br<\/a><\/p>\n<p><a href=\"http:\/\/www.facebook.com\/premiosalaodesign\">www.facebook.com\/premiosalaodesign<\/a><\/p>\n<p><a href=\"http:\/\/www.instagram.com\/premiosalaodesign\">www.instagram.com\/premiosalaodesign<\/a><\/p>\n<p><a href=\"http:\/\/www.salaodesign.com.br\/blog\">www.salaodesign.com.br\/blog<\/a><\/p>\n<p><a href=\"https:\/\/br.pinterest.com\/salaodesign\">br.pinterest.com\/salaodesign<\/a><\/p>\n","protected":false},"excerpt":{"rendered":"<p>The award booth will be a highlight of the high-end furniture fair that anchors S\u00e3o Paulo design week<\/p>\n","protected":false},"author":5,"featured_media":3662,"comment_status":"closed","ping_status":"open","sticky":false,"template":"","format":"standard","meta":{"footnotes":"","_links_to":"","_links_to_target":""},"categories":[21,2],"tags":[],"class_list":["post-1390","post","type-post","status-publish","format-standard","has-post-thumbnail","hentry","category-salao-design-award","category-sindmoveis"],"yoast_head":"<!-- This site is optimized with the Yoast SEO plugin v27.0 - https:\/\/yoast.com\/product\/yoast-seo-wordpress\/ -->\n<title>The Sal\u00e3o Design will have talks and a show of the award winners at High Design Expo - Sindm\u00f3veis-RS<\/title>\n<meta name=\"robots\" content=\"index, follow, max-snippet:-1, max-image-preview:large, max-video-preview:-1\" \/>\n<link rel=\"canonical\" href=\"https:\/\/www.sindmoveis.com.br\/en\/premio-salao-design-tera-talks-e-mostra-de-vencedores-na-high-design-expo\/\" \/>\n<meta property=\"og:locale\" content=\"en_US\" \/>\n<meta property=\"og:type\" content=\"article\" \/>\n<meta property=\"og:title\" content=\"The Sal\u00e3o Design will have talks and a show of the award winners at High Design Expo - Sindm\u00f3veis-RS\" \/>\n<meta property=\"og:description\" content=\"The award booth will be a highlight of the high-end furniture fair that anchors S\u00e3o Paulo design week\" \/>\n<meta property=\"og:url\" content=\"https:\/\/www.sindmoveis.com.br\/en\/premio-salao-design-tera-talks-e-mostra-de-vencedores-na-high-design-expo\/\" \/>\n<meta property=\"og:site_name\" content=\"Sindm\u00f3veis-RS\" \/>\n<meta property=\"article:published_time\" content=\"2018-08-15T03:00:00+00:00\" \/>\n<meta property=\"article:modified_time\" content=\"2021-05-26T13:49:33+00:00\" \/>\n<meta property=\"og:image\" content=\"https:\/\/www.sindmoveis.com.br\/en\/wp-content\/uploads\/2021\/05\/p1534356479.jpg\" \/>\n\t<meta property=\"og:image:width\" content=\"1181\" \/>\n\t<meta property=\"og:image:height\" content=\"787\" \/>\n\t<meta property=\"og:image:type\" content=\"image\/jpeg\" \/>\n<meta name=\"author\" content=\"Imprensa Sindm\u00f3veis\" \/>\n<meta name=\"twitter:card\" content=\"summary_large_image\" \/>\n<meta name=\"twitter:label1\" content=\"Written by\" \/>\n\t<meta name=\"twitter:data1\" content=\"Imprensa Sindm\u00f3veis\" \/>\n\t<meta name=\"twitter:label2\" content=\"Est. reading time\" \/>\n\t<meta name=\"twitter:data2\" content=\"3 minutes\" \/>\n<script type=\"application\/ld+json\" class=\"yoast-schema-graph\">{\"@context\":\"https:\/\/schema.org\",\"@graph\":[{\"@type\":\"Article\",\"@id\":\"https:\/\/www.sindmoveis.com.br\/en\/premio-salao-design-tera-talks-e-mostra-de-vencedores-na-high-design-expo\/#article\",\"isPartOf\":{\"@id\":\"https:\/\/www.sindmoveis.com.br\/en\/premio-salao-design-tera-talks-e-mostra-de-vencedores-na-high-design-expo\/\"},\"author\":{\"name\":\"Imprensa Sindm\u00f3veis\",\"@id\":\"https:\/\/www.sindmoveis.com.br\/en\/#\/schema\/person\/16d379542db1950a17fe188179340d57\"},\"headline\":\"The Sal\u00e3o Design will have talks and a show of the award winners at High Design Expo\",\"datePublished\":\"2018-08-15T03:00:00+00:00\",\"dateModified\":\"2021-05-26T13:49:33+00:00\",\"mainEntityOfPage\":{\"@id\":\"https:\/\/www.sindmoveis.com.br\/en\/premio-salao-design-tera-talks-e-mostra-de-vencedores-na-high-design-expo\/\"},\"wordCount\":523,\"image\":{\"@id\":\"https:\/\/www.sindmoveis.com.br\/en\/premio-salao-design-tera-talks-e-mostra-de-vencedores-na-high-design-expo\/#primaryimage\"},\"thumbnailUrl\":\"https:\/\/www.sindmoveis.com.br\/en\/wp-content\/uploads\/2021\/05\/p1534356479.jpg\",\"articleSection\":[\"Sal\u00e3o Design Award\",\"Sindm\u00f3veis\"],\"inLanguage\":\"en-US\"},{\"@type\":\"WebPage\",\"@id\":\"https:\/\/www.sindmoveis.com.br\/en\/premio-salao-design-tera-talks-e-mostra-de-vencedores-na-high-design-expo\/\",\"url\":\"https:\/\/www.sindmoveis.com.br\/en\/premio-salao-design-tera-talks-e-mostra-de-vencedores-na-high-design-expo\/\",\"name\":\"The Sal\u00e3o Design will have talks and a show of the award winners at High Design Expo - Sindm\u00f3veis-RS\",\"isPartOf\":{\"@id\":\"https:\/\/www.sindmoveis.com.br\/en\/#website\"},\"primaryImageOfPage\":{\"@id\":\"https:\/\/www.sindmoveis.com.br\/en\/premio-salao-design-tera-talks-e-mostra-de-vencedores-na-high-design-expo\/#primaryimage\"},\"image\":{\"@id\":\"https:\/\/www.sindmoveis.com.br\/en\/premio-salao-design-tera-talks-e-mostra-de-vencedores-na-high-design-expo\/#primaryimage\"},\"thumbnailUrl\":\"https:\/\/www.sindmoveis.com.br\/en\/wp-content\/uploads\/2021\/05\/p1534356479.jpg\",\"datePublished\":\"2018-08-15T03:00:00+00:00\",\"dateModified\":\"2021-05-26T13:49:33+00:00\",\"author\":{\"@id\":\"https:\/\/www.sindmoveis.com.br\/en\/#\/schema\/person\/16d379542db1950a17fe188179340d57\"},\"inLanguage\":\"en-US\",\"potentialAction\":[{\"@type\":\"ReadAction\",\"target\":[\"https:\/\/www.sindmoveis.com.br\/en\/premio-salao-design-tera-talks-e-mostra-de-vencedores-na-high-design-expo\/\"]}]},{\"@type\":\"ImageObject\",\"inLanguage\":\"en-US\",\"@id\":\"https:\/\/www.sindmoveis.com.br\/en\/premio-salao-design-tera-talks-e-mostra-de-vencedores-na-high-design-expo\/#primaryimage\",\"url\":\"https:\/\/www.sindmoveis.com.br\/en\/wp-content\/uploads\/2021\/05\/p1534356479.jpg\",\"contentUrl\":\"https:\/\/www.sindmoveis.com.br\/en\/wp-content\/uploads\/2021\/05\/p1534356479.jpg\",\"width\":1181,\"height\":787},{\"@type\":\"WebSite\",\"@id\":\"https:\/\/www.sindmoveis.com.br\/en\/#website\",\"url\":\"https:\/\/www.sindmoveis.com.br\/en\/\",\"name\":\"Sindm\u00f3veis-RS\",\"description\":\"\",\"potentialAction\":[{\"@type\":\"SearchAction\",\"target\":{\"@type\":\"EntryPoint\",\"urlTemplate\":\"https:\/\/www.sindmoveis.com.br\/en\/?s={search_term_string}\"},\"query-input\":{\"@type\":\"PropertyValueSpecification\",\"valueRequired\":true,\"valueName\":\"search_term_string\"}}],\"inLanguage\":\"en-US\"},{\"@type\":\"Person\",\"@id\":\"https:\/\/www.sindmoveis.com.br\/en\/#\/schema\/person\/16d379542db1950a17fe188179340d57\",\"name\":\"Imprensa Sindm\u00f3veis\",\"image\":{\"@type\":\"ImageObject\",\"inLanguage\":\"en-US\",\"@id\":\"https:\/\/www.sindmoveis.com.br\/en\/#\/schema\/person\/image\/\",\"url\":\"https:\/\/secure.gravatar.com\/avatar\/4973e2e2c2a0cb5db30b0c7b770041b8e33d048a16b695a1f99c042449d4bfaf?s=96&d=mm&r=g\",\"contentUrl\":\"https:\/\/secure.gravatar.com\/avatar\/4973e2e2c2a0cb5db30b0c7b770041b8e33d048a16b695a1f99c042449d4bfaf?s=96&d=mm&r=g\",\"caption\":\"Imprensa Sindm\u00f3veis\"},\"url\":\"https:\/\/www.sindmoveis.com.br\/en\/author\/ana\/\"}]}<\/script>\n<!-- \/ Yoast SEO plugin. -->","yoast_head_json":{"title":"The Sal\u00e3o Design will have talks and a show of the award winners at High Design Expo - Sindm\u00f3veis-RS","robots":{"index":"index","follow":"follow","max-snippet":"max-snippet:-1","max-image-preview":"max-image-preview:large","max-video-preview":"max-video-preview:-1"},"canonical":"https:\/\/www.sindmoveis.com.br\/en\/premio-salao-design-tera-talks-e-mostra-de-vencedores-na-high-design-expo\/","og_locale":"en_US","og_type":"article","og_title":"The Sal\u00e3o Design will have talks and a show of the award winners at High Design Expo - Sindm\u00f3veis-RS","og_description":"The award booth will be a highlight of the high-end furniture fair that anchors S\u00e3o Paulo design week","og_url":"https:\/\/www.sindmoveis.com.br\/en\/premio-salao-design-tera-talks-e-mostra-de-vencedores-na-high-design-expo\/","og_site_name":"Sindm\u00f3veis-RS","article_published_time":"2018-08-15T03:00:00+00:00","article_modified_time":"2021-05-26T13:49:33+00:00","og_image":[{"width":1181,"height":787,"url":"https:\/\/www.sindmoveis.com.br\/en\/wp-content\/uploads\/2021\/05\/p1534356479.jpg","type":"image\/jpeg"}],"author":"Imprensa Sindm\u00f3veis","twitter_card":"summary_large_image","twitter_misc":{"Written by":"Imprensa Sindm\u00f3veis","Est. reading time":"3 minutes"},"schema":{"@context":"https:\/\/schema.org","@graph":[{"@type":"Article","@id":"https:\/\/www.sindmoveis.com.br\/en\/premio-salao-design-tera-talks-e-mostra-de-vencedores-na-high-design-expo\/#article","isPartOf":{"@id":"https:\/\/www.sindmoveis.com.br\/en\/premio-salao-design-tera-talks-e-mostra-de-vencedores-na-high-design-expo\/"},"author":{"name":"Imprensa Sindm\u00f3veis","@id":"https:\/\/www.sindmoveis.com.br\/en\/#\/schema\/person\/16d379542db1950a17fe188179340d57"},"headline":"The Sal\u00e3o Design will have talks and a show of the award winners at High Design Expo","datePublished":"2018-08-15T03:00:00+00:00","dateModified":"2021-05-26T13:49:33+00:00","mainEntityOfPage":{"@id":"https:\/\/www.sindmoveis.com.br\/en\/premio-salao-design-tera-talks-e-mostra-de-vencedores-na-high-design-expo\/"},"wordCount":523,"image":{"@id":"https:\/\/www.sindmoveis.com.br\/en\/premio-salao-design-tera-talks-e-mostra-de-vencedores-na-high-design-expo\/#primaryimage"},"thumbnailUrl":"https:\/\/www.sindmoveis.com.br\/en\/wp-content\/uploads\/2021\/05\/p1534356479.jpg","articleSection":["Sal\u00e3o Design Award","Sindm\u00f3veis"],"inLanguage":"en-US"},{"@type":"WebPage","@id":"https:\/\/www.sindmoveis.com.br\/en\/premio-salao-design-tera-talks-e-mostra-de-vencedores-na-high-design-expo\/","url":"https:\/\/www.sindmoveis.com.br\/en\/premio-salao-design-tera-talks-e-mostra-de-vencedores-na-high-design-expo\/","name":"The Sal\u00e3o Design will have talks and a show of the award winners at High Design Expo - Sindm\u00f3veis-RS","isPartOf":{"@id":"https:\/\/www.sindmoveis.com.br\/en\/#website"},"primaryImageOfPage":{"@id":"https:\/\/www.sindmoveis.com.br\/en\/premio-salao-design-tera-talks-e-mostra-de-vencedores-na-high-design-expo\/#primaryimage"},"image":{"@id":"https:\/\/www.sindmoveis.com.br\/en\/premio-salao-design-tera-talks-e-mostra-de-vencedores-na-high-design-expo\/#primaryimage"},"thumbnailUrl":"https:\/\/www.sindmoveis.com.br\/en\/wp-content\/uploads\/2021\/05\/p1534356479.jpg","datePublished":"2018-08-15T03:00:00+00:00","dateModified":"2021-05-26T13:49:33+00:00","author":{"@id":"https:\/\/www.sindmoveis.com.br\/en\/#\/schema\/person\/16d379542db1950a17fe188179340d57"},"inLanguage":"en-US","potentialAction":[{"@type":"ReadAction","target":["https:\/\/www.sindmoveis.com.br\/en\/premio-salao-design-tera-talks-e-mostra-de-vencedores-na-high-design-expo\/"]}]},{"@type":"ImageObject","inLanguage":"en-US","@id":"https:\/\/www.sindmoveis.com.br\/en\/premio-salao-design-tera-talks-e-mostra-de-vencedores-na-high-design-expo\/#primaryimage","url":"https:\/\/www.sindmoveis.com.br\/en\/wp-content\/uploads\/2021\/05\/p1534356479.jpg","contentUrl":"https:\/\/www.sindmoveis.com.br\/en\/wp-content\/uploads\/2021\/05\/p1534356479.jpg","width":1181,"height":787},{"@type":"WebSite","@id":"https:\/\/www.sindmoveis.com.br\/en\/#website","url":"https:\/\/www.sindmoveis.com.br\/en\/","name":"Sindm\u00f3veis-RS","description":"","potentialAction":[{"@type":"SearchAction","target":{"@type":"EntryPoint","urlTemplate":"https:\/\/www.sindmoveis.com.br\/en\/?s={search_term_string}"},"query-input":{"@type":"PropertyValueSpecification","valueRequired":true,"valueName":"search_term_string"}}],"inLanguage":"en-US"},{"@type":"Person","@id":"https:\/\/www.sindmoveis.com.br\/en\/#\/schema\/person\/16d379542db1950a17fe188179340d57","name":"Imprensa Sindm\u00f3veis","image":{"@type":"ImageObject","inLanguage":"en-US","@id":"https:\/\/www.sindmoveis.com.br\/en\/#\/schema\/person\/image\/","url":"https:\/\/secure.gravatar.com\/avatar\/4973e2e2c2a0cb5db30b0c7b770041b8e33d048a16b695a1f99c042449d4bfaf?s=96&d=mm&r=g","contentUrl":"https:\/\/secure.gravatar.com\/avatar\/4973e2e2c2a0cb5db30b0c7b770041b8e33d048a16b695a1f99c042449d4bfaf?s=96&d=mm&r=g","caption":"Imprensa Sindm\u00f3veis"},"url":"https:\/\/www.sindmoveis.com.br\/en\/author\/ana\/"}]}},"_links":{"self":[{"href":"https:\/\/www.sindmoveis.com.br\/en\/wp-json\/wp\/v2\/posts\/1390","targetHints":{"allow":["GET"]}}],"collection":[{"href":"https:\/\/www.sindmoveis.com.br\/en\/wp-json\/wp\/v2\/posts"}],"about":[{"href":"https:\/\/www.sindmoveis.com.br\/en\/wp-json\/wp\/v2\/types\/post"}],"author":[{"embeddable":true,"href":"https:\/\/www.sindmoveis.com.br\/en\/wp-json\/wp\/v2\/users\/5"}],"replies":[{"embeddable":true,"href":"https:\/\/www.sindmoveis.com.br\/en\/wp-json\/wp\/v2\/comments?post=1390"}],"version-history":[{"count":2,"href":"https:\/\/www.sindmoveis.com.br\/en\/wp-json\/wp\/v2\/posts\/1390\/revisions"}],"predecessor-version":[{"id":3661,"href":"https:\/\/www.sindmoveis.com.br\/en\/wp-json\/wp\/v2\/posts\/1390\/revisions\/3661"}],"wp:featuredmedia":[{"embeddable":true,"href":"https:\/\/www.sindmoveis.com.br\/en\/wp-json\/wp\/v2\/media\/3662"}],"wp:attachment":[{"href":"https:\/\/www.sindmoveis.com.br\/en\/wp-json\/wp\/v2\/media?parent=1390"}],"wp:term":[{"taxonomy":"category","embeddable":true,"href":"https:\/\/www.sindmoveis.com.br\/en\/wp-json\/wp\/v2\/categories?post=1390"},{"taxonomy":"post_tag","embeddable":true,"href":"https:\/\/www.sindmoveis.com.br\/en\/wp-json\/wp\/v2\/tags?post=1390"}],"curies":[{"name":"wp","href":"https:\/\/api.w.org\/{rel}","templated":true}]}}