{"id":1308,"date":"2017-08-03T00:00:00","date_gmt":"2017-08-03T03:00:00","guid":{"rendered":"http:\/\/sindmoveis.com.br\/imprensa\/noticias\/premio-salao-design-mostra-na-high-design-expo-marca-inicio-das-inscricoes-para-a-proxima-edicao\/"},"modified":"2021-05-26T10:48:57","modified_gmt":"2021-05-26T13:48:57","slug":"premio-salao-design-mostra-na-high-design-expo-marca-inicio-das-inscricoes-para-a-proxima-edicao","status":"publish","type":"post","link":"https:\/\/www.sindmoveis.com.br\/en\/premio-salao-design-mostra-na-high-design-expo-marca-inicio-das-inscricoes-para-a-proxima-edicao\/","title":{"rendered":"Sal\u00e3o Design Award: show at High Design Expo marks the opening of registration for the next competition"},"content":{"rendered":"<p>The largest in Latin America, just like the Metropolitan Cathedral in Mexico, the Amazon River or Mount Aconcagua, Sal&atilde;o Design opens next week the registration for a special competition held by Sindm&oacute;veis Bento Gon&ccedil;alves, marking its 30th anniversary. The award, which encourages creativity, entrepreneurship and technological innovation through design, will receive entries of furniture and complement projects from August 8 to October 2.<\/p>\n<p>The greatest change this year is the elimination of the categories that used to group competitors. In 2018, the first, second and third places in each class (Student, Professional and Industry\/Retail) will be awarded R$ 12,000, R$ 8,000 and R $ 6,000, respectively. Three super awards will also be given to the best products of the competition, regardless of its class: R$ 20,000, R$ 15,000 and R$ 12,000.<\/p>\n<p>The winners will be chosen in two phases by a judging committee formed by five professionals and academics. Firstly, competitors submit their graphic projects to be evaluated by the judging panel, who chooses the finalists. These finalists send their full-size pieces to the final judgment and announcement of the winners.<\/p>\n<p>As usual since 1996, all projects entered in the Sal&atilde;o Design Award also automatically compete for the Alternative Woods Award, a special category in partnership with the Brazilian Forest Service that recognizes the work of designers in the use of species not widely used. The winner of this category receives a special trophy and a one-week expedition through the premises of the Forest Products Laboratory of the SFB, and areas of forest management and wood processing in Amaz&ocirc;nia.<\/p>\n<p>Sponsored by Berneck and Interprint, the 2018 Sal&atilde;o Design Award will hold two product exhibitions: in March, during the Movelsul Brasil fair (where the awards ceremony will also take place), and in August at the High Design &#8211; Home &amp; Office Expo.<\/p>\n<p>For more information, and to register and download the&nbsp; regulations, visit&nbsp; <a href=\"http:\/\/www.salaodesign.com.br\/\">www.salaodesign.com.br<\/a>.<\/p>\n<p>&nbsp;<\/p>\n<p><strong>Visit the exhibition of the 2017 Sal&atilde;o Design award winning products during High Design Home &amp; Office Expo <\/strong><\/p>\n<p>&nbsp;<\/p>\n<p><strong>Register:<\/strong><\/p>\n<p>&nbsp;<\/p>\n<p><strong>HIGH DESIGN &ndash; Home &amp; Office Expo<\/strong><\/p>\n<p><strong>Date: <\/strong>August 8 &ndash; 10, 2017, 10 am &ndash; 8 pm<\/p>\n<p><strong>Venue: <\/strong>S&atilde;o Paulo Expo Exhibition &amp; Convention Center &ndash; Rodovia dos Imigrantes, Km 1,5<\/p>\n<p><strong>Information and registration: <\/strong><a href=\"http:\/\/www.highdesignexpo.com\/\">www.highdesignexpo.com<\/a><\/p>\n","protected":false},"excerpt":{"rendered":"<p>Held by Bento Gon\u00e7alves, the award will celebrate its 30th anniversary in 2018<\/p>\n","protected":false},"author":5,"featured_media":3589,"comment_status":"closed","ping_status":"open","sticky":false,"template":"","format":"standard","meta":{"footnotes":"","_links_to":"","_links_to_target":""},"categories":[21,2],"tags":[],"class_list":["post-1308","post","type-post","status-publish","format-standard","has-post-thumbnail","hentry","category-salao-design-award","category-sindmoveis"],"yoast_head":"<!-- This site is optimized with the Yoast SEO plugin v27.0 - https:\/\/yoast.com\/product\/yoast-seo-wordpress\/ -->\n<title>Sal\u00e3o Design Award: show at High Design Expo marks the opening of registration for the next competition - Sindm\u00f3veis-RS<\/title>\n<meta name=\"robots\" content=\"index, follow, max-snippet:-1, max-image-preview:large, max-video-preview:-1\" \/>\n<link rel=\"canonical\" href=\"https:\/\/www.sindmoveis.com.br\/en\/premio-salao-design-mostra-na-high-design-expo-marca-inicio-das-inscricoes-para-a-proxima-edicao\/\" \/>\n<meta property=\"og:locale\" content=\"en_US\" \/>\n<meta property=\"og:type\" content=\"article\" \/>\n<meta property=\"og:title\" content=\"Sal\u00e3o Design Award: show at High Design Expo marks the opening of registration for the next competition - Sindm\u00f3veis-RS\" \/>\n<meta property=\"og:description\" content=\"Held by Bento Gon\u00e7alves, the award will celebrate its 30th anniversary in 2018\" \/>\n<meta property=\"og:url\" content=\"https:\/\/www.sindmoveis.com.br\/en\/premio-salao-design-mostra-na-high-design-expo-marca-inicio-das-inscricoes-para-a-proxima-edicao\/\" \/>\n<meta property=\"og:site_name\" content=\"Sindm\u00f3veis-RS\" \/>\n<meta property=\"article:published_time\" content=\"2017-08-03T03:00:00+00:00\" \/>\n<meta property=\"article:modified_time\" content=\"2021-05-26T13:48:57+00:00\" \/>\n<meta property=\"og:image\" content=\"https:\/\/www.sindmoveis.com.br\/en\/wp-content\/uploads\/2021\/05\/p1501787781.jpg\" \/>\n\t<meta property=\"og:image:width\" content=\"1181\" \/>\n\t<meta property=\"og:image:height\" content=\"838\" \/>\n\t<meta property=\"og:image:type\" content=\"image\/jpeg\" \/>\n<meta name=\"author\" content=\"Imprensa Sindm\u00f3veis\" \/>\n<meta name=\"twitter:card\" content=\"summary_large_image\" \/>\n<meta name=\"twitter:label1\" content=\"Written by\" \/>\n\t<meta name=\"twitter:data1\" content=\"Imprensa Sindm\u00f3veis\" \/>\n\t<meta name=\"twitter:label2\" content=\"Est. reading time\" \/>\n\t<meta name=\"twitter:data2\" content=\"2 minutes\" \/>\n<script type=\"application\/ld+json\" class=\"yoast-schema-graph\">{\"@context\":\"https:\/\/schema.org\",\"@graph\":[{\"@type\":\"Article\",\"@id\":\"https:\/\/www.sindmoveis.com.br\/en\/premio-salao-design-mostra-na-high-design-expo-marca-inicio-das-inscricoes-para-a-proxima-edicao\/#article\",\"isPartOf\":{\"@id\":\"https:\/\/www.sindmoveis.com.br\/en\/premio-salao-design-mostra-na-high-design-expo-marca-inicio-das-inscricoes-para-a-proxima-edicao\/\"},\"author\":{\"name\":\"Imprensa Sindm\u00f3veis\",\"@id\":\"https:\/\/www.sindmoveis.com.br\/en\/#\/schema\/person\/16d379542db1950a17fe188179340d57\"},\"headline\":\"Sal\u00e3o Design Award: show at High Design Expo marks the opening of registration for the next competition\",\"datePublished\":\"2017-08-03T03:00:00+00:00\",\"dateModified\":\"2021-05-26T13:48:57+00:00\",\"mainEntityOfPage\":{\"@id\":\"https:\/\/www.sindmoveis.com.br\/en\/premio-salao-design-mostra-na-high-design-expo-marca-inicio-das-inscricoes-para-a-proxima-edicao\/\"},\"wordCount\":394,\"image\":{\"@id\":\"https:\/\/www.sindmoveis.com.br\/en\/premio-salao-design-mostra-na-high-design-expo-marca-inicio-das-inscricoes-para-a-proxima-edicao\/#primaryimage\"},\"thumbnailUrl\":\"https:\/\/www.sindmoveis.com.br\/en\/wp-content\/uploads\/2021\/05\/p1501787781.jpg\",\"articleSection\":[\"Sal\u00e3o Design Award\",\"Sindm\u00f3veis\"],\"inLanguage\":\"en-US\"},{\"@type\":\"WebPage\",\"@id\":\"https:\/\/www.sindmoveis.com.br\/en\/premio-salao-design-mostra-na-high-design-expo-marca-inicio-das-inscricoes-para-a-proxima-edicao\/\",\"url\":\"https:\/\/www.sindmoveis.com.br\/en\/premio-salao-design-mostra-na-high-design-expo-marca-inicio-das-inscricoes-para-a-proxima-edicao\/\",\"name\":\"Sal\u00e3o Design Award: show at High Design Expo marks the opening of registration for the next competition - Sindm\u00f3veis-RS\",\"isPartOf\":{\"@id\":\"https:\/\/www.sindmoveis.com.br\/en\/#website\"},\"primaryImageOfPage\":{\"@id\":\"https:\/\/www.sindmoveis.com.br\/en\/premio-salao-design-mostra-na-high-design-expo-marca-inicio-das-inscricoes-para-a-proxima-edicao\/#primaryimage\"},\"image\":{\"@id\":\"https:\/\/www.sindmoveis.com.br\/en\/premio-salao-design-mostra-na-high-design-expo-marca-inicio-das-inscricoes-para-a-proxima-edicao\/#primaryimage\"},\"thumbnailUrl\":\"https:\/\/www.sindmoveis.com.br\/en\/wp-content\/uploads\/2021\/05\/p1501787781.jpg\",\"datePublished\":\"2017-08-03T03:00:00+00:00\",\"dateModified\":\"2021-05-26T13:48:57+00:00\",\"author\":{\"@id\":\"https:\/\/www.sindmoveis.com.br\/en\/#\/schema\/person\/16d379542db1950a17fe188179340d57\"},\"inLanguage\":\"en-US\",\"potentialAction\":[{\"@type\":\"ReadAction\",\"target\":[\"https:\/\/www.sindmoveis.com.br\/en\/premio-salao-design-mostra-na-high-design-expo-marca-inicio-das-inscricoes-para-a-proxima-edicao\/\"]}]},{\"@type\":\"ImageObject\",\"inLanguage\":\"en-US\",\"@id\":\"https:\/\/www.sindmoveis.com.br\/en\/premio-salao-design-mostra-na-high-design-expo-marca-inicio-das-inscricoes-para-a-proxima-edicao\/#primaryimage\",\"url\":\"https:\/\/www.sindmoveis.com.br\/en\/wp-content\/uploads\/2021\/05\/p1501787781.jpg\",\"contentUrl\":\"https:\/\/www.sindmoveis.com.br\/en\/wp-content\/uploads\/2021\/05\/p1501787781.jpg\",\"width\":1181,\"height\":838},{\"@type\":\"WebSite\",\"@id\":\"https:\/\/www.sindmoveis.com.br\/en\/#website\",\"url\":\"https:\/\/www.sindmoveis.com.br\/en\/\",\"name\":\"Sindm\u00f3veis-RS\",\"description\":\"\",\"potentialAction\":[{\"@type\":\"SearchAction\",\"target\":{\"@type\":\"EntryPoint\",\"urlTemplate\":\"https:\/\/www.sindmoveis.com.br\/en\/?s={search_term_string}\"},\"query-input\":{\"@type\":\"PropertyValueSpecification\",\"valueRequired\":true,\"valueName\":\"search_term_string\"}}],\"inLanguage\":\"en-US\"},{\"@type\":\"Person\",\"@id\":\"https:\/\/www.sindmoveis.com.br\/en\/#\/schema\/person\/16d379542db1950a17fe188179340d57\",\"name\":\"Imprensa Sindm\u00f3veis\",\"image\":{\"@type\":\"ImageObject\",\"inLanguage\":\"en-US\",\"@id\":\"https:\/\/www.sindmoveis.com.br\/en\/#\/schema\/person\/image\/\",\"url\":\"https:\/\/secure.gravatar.com\/avatar\/4973e2e2c2a0cb5db30b0c7b770041b8e33d048a16b695a1f99c042449d4bfaf?s=96&d=mm&r=g\",\"contentUrl\":\"https:\/\/secure.gravatar.com\/avatar\/4973e2e2c2a0cb5db30b0c7b770041b8e33d048a16b695a1f99c042449d4bfaf?s=96&d=mm&r=g\",\"caption\":\"Imprensa Sindm\u00f3veis\"},\"url\":\"https:\/\/www.sindmoveis.com.br\/en\/author\/ana\/\"}]}<\/script>\n<!-- \/ Yoast SEO plugin. -->","yoast_head_json":{"title":"Sal\u00e3o Design Award: show at High Design Expo marks the opening of registration for the next competition - Sindm\u00f3veis-RS","robots":{"index":"index","follow":"follow","max-snippet":"max-snippet:-1","max-image-preview":"max-image-preview:large","max-video-preview":"max-video-preview:-1"},"canonical":"https:\/\/www.sindmoveis.com.br\/en\/premio-salao-design-mostra-na-high-design-expo-marca-inicio-das-inscricoes-para-a-proxima-edicao\/","og_locale":"en_US","og_type":"article","og_title":"Sal\u00e3o Design Award: show at High Design Expo marks the opening of registration for the next competition - Sindm\u00f3veis-RS","og_description":"Held by Bento Gon\u00e7alves, the award will celebrate its 30th anniversary in 2018","og_url":"https:\/\/www.sindmoveis.com.br\/en\/premio-salao-design-mostra-na-high-design-expo-marca-inicio-das-inscricoes-para-a-proxima-edicao\/","og_site_name":"Sindm\u00f3veis-RS","article_published_time":"2017-08-03T03:00:00+00:00","article_modified_time":"2021-05-26T13:48:57+00:00","og_image":[{"width":1181,"height":838,"url":"https:\/\/www.sindmoveis.com.br\/en\/wp-content\/uploads\/2021\/05\/p1501787781.jpg","type":"image\/jpeg"}],"author":"Imprensa Sindm\u00f3veis","twitter_card":"summary_large_image","twitter_misc":{"Written by":"Imprensa Sindm\u00f3veis","Est. reading time":"2 minutes"},"schema":{"@context":"https:\/\/schema.org","@graph":[{"@type":"Article","@id":"https:\/\/www.sindmoveis.com.br\/en\/premio-salao-design-mostra-na-high-design-expo-marca-inicio-das-inscricoes-para-a-proxima-edicao\/#article","isPartOf":{"@id":"https:\/\/www.sindmoveis.com.br\/en\/premio-salao-design-mostra-na-high-design-expo-marca-inicio-das-inscricoes-para-a-proxima-edicao\/"},"author":{"name":"Imprensa Sindm\u00f3veis","@id":"https:\/\/www.sindmoveis.com.br\/en\/#\/schema\/person\/16d379542db1950a17fe188179340d57"},"headline":"Sal\u00e3o Design Award: show at High Design Expo marks the opening of registration for the next competition","datePublished":"2017-08-03T03:00:00+00:00","dateModified":"2021-05-26T13:48:57+00:00","mainEntityOfPage":{"@id":"https:\/\/www.sindmoveis.com.br\/en\/premio-salao-design-mostra-na-high-design-expo-marca-inicio-das-inscricoes-para-a-proxima-edicao\/"},"wordCount":394,"image":{"@id":"https:\/\/www.sindmoveis.com.br\/en\/premio-salao-design-mostra-na-high-design-expo-marca-inicio-das-inscricoes-para-a-proxima-edicao\/#primaryimage"},"thumbnailUrl":"https:\/\/www.sindmoveis.com.br\/en\/wp-content\/uploads\/2021\/05\/p1501787781.jpg","articleSection":["Sal\u00e3o Design Award","Sindm\u00f3veis"],"inLanguage":"en-US"},{"@type":"WebPage","@id":"https:\/\/www.sindmoveis.com.br\/en\/premio-salao-design-mostra-na-high-design-expo-marca-inicio-das-inscricoes-para-a-proxima-edicao\/","url":"https:\/\/www.sindmoveis.com.br\/en\/premio-salao-design-mostra-na-high-design-expo-marca-inicio-das-inscricoes-para-a-proxima-edicao\/","name":"Sal\u00e3o Design Award: show at High Design Expo marks the opening of registration for the next competition - Sindm\u00f3veis-RS","isPartOf":{"@id":"https:\/\/www.sindmoveis.com.br\/en\/#website"},"primaryImageOfPage":{"@id":"https:\/\/www.sindmoveis.com.br\/en\/premio-salao-design-mostra-na-high-design-expo-marca-inicio-das-inscricoes-para-a-proxima-edicao\/#primaryimage"},"image":{"@id":"https:\/\/www.sindmoveis.com.br\/en\/premio-salao-design-mostra-na-high-design-expo-marca-inicio-das-inscricoes-para-a-proxima-edicao\/#primaryimage"},"thumbnailUrl":"https:\/\/www.sindmoveis.com.br\/en\/wp-content\/uploads\/2021\/05\/p1501787781.jpg","datePublished":"2017-08-03T03:00:00+00:00","dateModified":"2021-05-26T13:48:57+00:00","author":{"@id":"https:\/\/www.sindmoveis.com.br\/en\/#\/schema\/person\/16d379542db1950a17fe188179340d57"},"inLanguage":"en-US","potentialAction":[{"@type":"ReadAction","target":["https:\/\/www.sindmoveis.com.br\/en\/premio-salao-design-mostra-na-high-design-expo-marca-inicio-das-inscricoes-para-a-proxima-edicao\/"]}]},{"@type":"ImageObject","inLanguage":"en-US","@id":"https:\/\/www.sindmoveis.com.br\/en\/premio-salao-design-mostra-na-high-design-expo-marca-inicio-das-inscricoes-para-a-proxima-edicao\/#primaryimage","url":"https:\/\/www.sindmoveis.com.br\/en\/wp-content\/uploads\/2021\/05\/p1501787781.jpg","contentUrl":"https:\/\/www.sindmoveis.com.br\/en\/wp-content\/uploads\/2021\/05\/p1501787781.jpg","width":1181,"height":838},{"@type":"WebSite","@id":"https:\/\/www.sindmoveis.com.br\/en\/#website","url":"https:\/\/www.sindmoveis.com.br\/en\/","name":"Sindm\u00f3veis-RS","description":"","potentialAction":[{"@type":"SearchAction","target":{"@type":"EntryPoint","urlTemplate":"https:\/\/www.sindmoveis.com.br\/en\/?s={search_term_string}"},"query-input":{"@type":"PropertyValueSpecification","valueRequired":true,"valueName":"search_term_string"}}],"inLanguage":"en-US"},{"@type":"Person","@id":"https:\/\/www.sindmoveis.com.br\/en\/#\/schema\/person\/16d379542db1950a17fe188179340d57","name":"Imprensa Sindm\u00f3veis","image":{"@type":"ImageObject","inLanguage":"en-US","@id":"https:\/\/www.sindmoveis.com.br\/en\/#\/schema\/person\/image\/","url":"https:\/\/secure.gravatar.com\/avatar\/4973e2e2c2a0cb5db30b0c7b770041b8e33d048a16b695a1f99c042449d4bfaf?s=96&d=mm&r=g","contentUrl":"https:\/\/secure.gravatar.com\/avatar\/4973e2e2c2a0cb5db30b0c7b770041b8e33d048a16b695a1f99c042449d4bfaf?s=96&d=mm&r=g","caption":"Imprensa Sindm\u00f3veis"},"url":"https:\/\/www.sindmoveis.com.br\/en\/author\/ana\/"}]}},"_links":{"self":[{"href":"https:\/\/www.sindmoveis.com.br\/en\/wp-json\/wp\/v2\/posts\/1308","targetHints":{"allow":["GET"]}}],"collection":[{"href":"https:\/\/www.sindmoveis.com.br\/en\/wp-json\/wp\/v2\/posts"}],"about":[{"href":"https:\/\/www.sindmoveis.com.br\/en\/wp-json\/wp\/v2\/types\/post"}],"author":[{"embeddable":true,"href":"https:\/\/www.sindmoveis.com.br\/en\/wp-json\/wp\/v2\/users\/5"}],"replies":[{"embeddable":true,"href":"https:\/\/www.sindmoveis.com.br\/en\/wp-json\/wp\/v2\/comments?post=1308"}],"version-history":[{"count":2,"href":"https:\/\/www.sindmoveis.com.br\/en\/wp-json\/wp\/v2\/posts\/1308\/revisions"}],"predecessor-version":[{"id":3588,"href":"https:\/\/www.sindmoveis.com.br\/en\/wp-json\/wp\/v2\/posts\/1308\/revisions\/3588"}],"wp:featuredmedia":[{"embeddable":true,"href":"https:\/\/www.sindmoveis.com.br\/en\/wp-json\/wp\/v2\/media\/3589"}],"wp:attachment":[{"href":"https:\/\/www.sindmoveis.com.br\/en\/wp-json\/wp\/v2\/media?parent=1308"}],"wp:term":[{"taxonomy":"category","embeddable":true,"href":"https:\/\/www.sindmoveis.com.br\/en\/wp-json\/wp\/v2\/categories?post=1308"},{"taxonomy":"post_tag","embeddable":true,"href":"https:\/\/www.sindmoveis.com.br\/en\/wp-json\/wp\/v2\/tags?post=1308"}],"curies":[{"name":"wp","href":"https:\/\/api.w.org\/{rel}","templated":true}]}}