{"id":1304,"date":"2017-07-24T00:00:00","date_gmt":"2017-07-24T03:00:00","guid":{"rendered":"http:\/\/sindmoveis.com.br\/imprensa\/noticias\/high-design-expo-premio-salao-design-premia-seus-vencedores-no-dia-9\/"},"modified":"2021-05-26T10:48:57","modified_gmt":"2021-05-26T13:48:57","slug":"high-design-expo-premio-salao-design-premia-seus-vencedores-no-dia-9","status":"publish","type":"post","link":"https:\/\/www.sindmoveis.com.br\/en\/high-design-expo-premio-salao-design-premia-seus-vencedores-no-dia-9\/","title":{"rendered":"High Design Expo: Sal\u00e3o Design Award winners ceremony on Aug 9"},"content":{"rendered":"<p>The Sal&atilde;o Design Award brings together its judging panel, supporters and award winners for its 21st award ceremony, which will be held on August 9 at the High Design Home &amp; Office Expo in S&atilde;o Paulo. The prizes will include eleven awards, nine honorable mentions, three Master Teacher trophies and one Alternative Woods Award. The ceremony will take place at the end of the day at Sal&atilde;o Design booth at the fair.<\/p>\n<p>Organized by Sindm&oacute;veis Bento Gon&ccedil;alves for 30 consecutive years, the Sal&atilde;o Design Award is proud to be a consolidated project that reveals new talents, showing to the market the best of the designer production of furniture and accessories. Every year we are surprised by entries featuring striking identity and a harmonious undeniable emotional character, which does not mean they have less marketing potential. There are hundreds of stories about talent and dedication behind the projects entered,&rdquo; says the director of the award, Eduardo Nuncio.<\/p>\n<p>Throughout its history, the Sal&atilde;o Design Award has received 13,584 entries. This year&rsquo;s judging panel was formed by designers Brunno Jahara, Glaucia Binda, Ivens Fontoura, Nicole Tomazi and Paulo Biacchi &ndash; who evaluated the 776 projects entered and later the 30 finalists that were submitted to their assessment. The final phase had the 24 winners from four countries: Austria, Brazil, Argentina and Uruguay.<\/p>\n<p>The product chosen as the most innovative this year was designed by a student at PUC-RIO, Daniel Ruben Nasajon and his teacher Cl&aacute;udio Freitas de Magalh&atilde;es. It is a piece of portable cutlery called Biko, considered by the jurors to be an excellent commercial object for daily, democratic and rational use. Its design consists of a foldable, beak-shaped artifact, ideal for holding small portions of food.<\/p>\n<p>Learn about all the award-winning products by visiting the show from August 8 &ndash; 10 at High Design &ndash; Home &amp; Office Expo, DW! S&atilde;o Paulo Design Weekend anchor fair. The participation in the event will also kick off the registration for the 2018 Sal&atilde;o Design Award, which will be open from August 8 to October 2.<\/p>\n<p>For more information, visit <a href=\"http:\/\/www.salaodesign.com.br\/\">www.salaodesign.com.br<\/a>.<\/p>\n<p>&nbsp;<\/p>\n<p><strong>Award winner designers <\/strong><\/p>\n<p>&nbsp;<\/p>\n<p><strong>Students<\/strong>: Daniel Ruben Nasajon; Carolina Rocha + L&uacute;cia Correa; Isabela Fraga Raposo; Felipe de Carvalho Madeira<\/p>\n<p>&nbsp;<\/p>\n<p><strong>Master Teachers<\/strong>: Cl&aacute;udio Freitas de Magalh&atilde;es (PUC Rio); Jos&eacute; Silva (Udelar, Montevideo, URU); Marcelo Massaharu (PUC Rio)<\/p>\n<p>&nbsp;<\/p>\n<p><strong>Professionals<\/strong>: Plataforma4; Claudio Sibille; Estudio Claro; Ivan de S&aacute; Rezende;&nbsp; Estudio Diario;&nbsp; Eduardo Bor&eacute;m; Mara Luisa K&ouml;ber; Nolli; Do&ntilde;a 3D.COM; Maur&iacute;cio Siquinelli Nakane;<\/p>\n<p>&nbsp;<\/p>\n<p><strong>Industries<\/strong>: Donaflor Mob&iacute;lia designed by Adolini+Simonini; L&iacute;der Interiores designed by Vecci and Lansky Arquitetura<\/p>\n<p>&nbsp;<\/p>\n<p><strong>Alternative Woods Award<\/strong>: Alfio Lisi<\/p>\n<p>&nbsp;<\/p>\n<p><strong>Register:<\/strong><\/p>\n<p><strong>HIGH DESIGN &ndash; Home &amp; Office Expo<\/strong><\/p>\n<p>Date: August 8 &ndash; 10, 2017, 10 am to 8 pm<\/p>\n<p>Venue: S&atilde;o Paulo Expo Exhibition &amp; Convention Center &ndash; Rodovia dos Imigrantes, Km 1,5<\/p>\n<p>Information and registration: <a href=\"http:\/\/www.highdesignexpo.com\/\">www.highdesignexpo.co<\/a><\/p>\n","protected":false},"excerpt":{"rendered":"<p>Held by Sindm\u00f3veis Bento Gon\u00e7alves for 30 years, this is a consolidated project that reveals new talents<\/p>\n","protected":false},"author":5,"featured_media":3587,"comment_status":"closed","ping_status":"open","sticky":false,"template":"","format":"standard","meta":{"footnotes":"","_links_to":"","_links_to_target":""},"categories":[21,2],"tags":[],"class_list":["post-1304","post","type-post","status-publish","format-standard","has-post-thumbnail","hentry","category-salao-design-award","category-sindmoveis"],"yoast_head":"<!-- This site is optimized with the Yoast SEO plugin v27.0 - https:\/\/yoast.com\/product\/yoast-seo-wordpress\/ -->\n<title>High Design Expo: Sal\u00e3o Design Award winners ceremony on Aug 9 - Sindm\u00f3veis-RS<\/title>\n<meta name=\"robots\" content=\"index, follow, max-snippet:-1, max-image-preview:large, max-video-preview:-1\" \/>\n<link rel=\"canonical\" href=\"https:\/\/www.sindmoveis.com.br\/en\/high-design-expo-premio-salao-design-premia-seus-vencedores-no-dia-9\/\" \/>\n<meta property=\"og:locale\" content=\"en_US\" \/>\n<meta property=\"og:type\" content=\"article\" \/>\n<meta property=\"og:title\" content=\"High Design Expo: Sal\u00e3o Design Award winners ceremony on Aug 9 - Sindm\u00f3veis-RS\" \/>\n<meta property=\"og:description\" content=\"Held by Sindm\u00f3veis Bento Gon\u00e7alves for 30 years, this is a consolidated project that reveals new talents\" \/>\n<meta property=\"og:url\" content=\"https:\/\/www.sindmoveis.com.br\/en\/high-design-expo-premio-salao-design-premia-seus-vencedores-no-dia-9\/\" \/>\n<meta property=\"og:site_name\" content=\"Sindm\u00f3veis-RS\" \/>\n<meta property=\"article:published_time\" content=\"2017-07-24T03:00:00+00:00\" \/>\n<meta property=\"article:modified_time\" content=\"2021-05-26T13:48:57+00:00\" \/>\n<meta property=\"og:image\" content=\"https:\/\/www.sindmoveis.com.br\/en\/wp-content\/uploads\/2021\/05\/p1500922771.jpg\" \/>\n\t<meta property=\"og:image:width\" content=\"1140\" \/>\n\t<meta property=\"og:image:height\" content=\"642\" \/>\n\t<meta property=\"og:image:type\" content=\"image\/jpeg\" \/>\n<meta name=\"author\" content=\"Imprensa Sindm\u00f3veis\" \/>\n<meta name=\"twitter:card\" content=\"summary_large_image\" \/>\n<meta name=\"twitter:label1\" content=\"Written by\" \/>\n\t<meta name=\"twitter:data1\" content=\"Imprensa Sindm\u00f3veis\" \/>\n\t<meta name=\"twitter:label2\" content=\"Est. reading time\" \/>\n\t<meta name=\"twitter:data2\" content=\"3 minutes\" \/>\n<script type=\"application\/ld+json\" class=\"yoast-schema-graph\">{\"@context\":\"https:\/\/schema.org\",\"@graph\":[{\"@type\":\"Article\",\"@id\":\"https:\/\/www.sindmoveis.com.br\/en\/high-design-expo-premio-salao-design-premia-seus-vencedores-no-dia-9\/#article\",\"isPartOf\":{\"@id\":\"https:\/\/www.sindmoveis.com.br\/en\/high-design-expo-premio-salao-design-premia-seus-vencedores-no-dia-9\/\"},\"author\":{\"name\":\"Imprensa Sindm\u00f3veis\",\"@id\":\"https:\/\/www.sindmoveis.com.br\/en\/#\/schema\/person\/16d379542db1950a17fe188179340d57\"},\"headline\":\"High Design Expo: Sal\u00e3o Design Award winners ceremony on Aug 9\",\"datePublished\":\"2017-07-24T03:00:00+00:00\",\"dateModified\":\"2021-05-26T13:48:57+00:00\",\"mainEntityOfPage\":{\"@id\":\"https:\/\/www.sindmoveis.com.br\/en\/high-design-expo-premio-salao-design-premia-seus-vencedores-no-dia-9\/\"},\"wordCount\":518,\"image\":{\"@id\":\"https:\/\/www.sindmoveis.com.br\/en\/high-design-expo-premio-salao-design-premia-seus-vencedores-no-dia-9\/#primaryimage\"},\"thumbnailUrl\":\"https:\/\/www.sindmoveis.com.br\/en\/wp-content\/uploads\/2021\/05\/p1500922771.jpg\",\"articleSection\":[\"Sal\u00e3o Design Award\",\"Sindm\u00f3veis\"],\"inLanguage\":\"en-US\"},{\"@type\":\"WebPage\",\"@id\":\"https:\/\/www.sindmoveis.com.br\/en\/high-design-expo-premio-salao-design-premia-seus-vencedores-no-dia-9\/\",\"url\":\"https:\/\/www.sindmoveis.com.br\/en\/high-design-expo-premio-salao-design-premia-seus-vencedores-no-dia-9\/\",\"name\":\"High Design Expo: Sal\u00e3o Design Award winners ceremony on Aug 9 - Sindm\u00f3veis-RS\",\"isPartOf\":{\"@id\":\"https:\/\/www.sindmoveis.com.br\/en\/#website\"},\"primaryImageOfPage\":{\"@id\":\"https:\/\/www.sindmoveis.com.br\/en\/high-design-expo-premio-salao-design-premia-seus-vencedores-no-dia-9\/#primaryimage\"},\"image\":{\"@id\":\"https:\/\/www.sindmoveis.com.br\/en\/high-design-expo-premio-salao-design-premia-seus-vencedores-no-dia-9\/#primaryimage\"},\"thumbnailUrl\":\"https:\/\/www.sindmoveis.com.br\/en\/wp-content\/uploads\/2021\/05\/p1500922771.jpg\",\"datePublished\":\"2017-07-24T03:00:00+00:00\",\"dateModified\":\"2021-05-26T13:48:57+00:00\",\"author\":{\"@id\":\"https:\/\/www.sindmoveis.com.br\/en\/#\/schema\/person\/16d379542db1950a17fe188179340d57\"},\"inLanguage\":\"en-US\",\"potentialAction\":[{\"@type\":\"ReadAction\",\"target\":[\"https:\/\/www.sindmoveis.com.br\/en\/high-design-expo-premio-salao-design-premia-seus-vencedores-no-dia-9\/\"]}]},{\"@type\":\"ImageObject\",\"inLanguage\":\"en-US\",\"@id\":\"https:\/\/www.sindmoveis.com.br\/en\/high-design-expo-premio-salao-design-premia-seus-vencedores-no-dia-9\/#primaryimage\",\"url\":\"https:\/\/www.sindmoveis.com.br\/en\/wp-content\/uploads\/2021\/05\/p1500922771.jpg\",\"contentUrl\":\"https:\/\/www.sindmoveis.com.br\/en\/wp-content\/uploads\/2021\/05\/p1500922771.jpg\",\"width\":1140,\"height\":642},{\"@type\":\"WebSite\",\"@id\":\"https:\/\/www.sindmoveis.com.br\/en\/#website\",\"url\":\"https:\/\/www.sindmoveis.com.br\/en\/\",\"name\":\"Sindm\u00f3veis-RS\",\"description\":\"\",\"potentialAction\":[{\"@type\":\"SearchAction\",\"target\":{\"@type\":\"EntryPoint\",\"urlTemplate\":\"https:\/\/www.sindmoveis.com.br\/en\/?s={search_term_string}\"},\"query-input\":{\"@type\":\"PropertyValueSpecification\",\"valueRequired\":true,\"valueName\":\"search_term_string\"}}],\"inLanguage\":\"en-US\"},{\"@type\":\"Person\",\"@id\":\"https:\/\/www.sindmoveis.com.br\/en\/#\/schema\/person\/16d379542db1950a17fe188179340d57\",\"name\":\"Imprensa Sindm\u00f3veis\",\"image\":{\"@type\":\"ImageObject\",\"inLanguage\":\"en-US\",\"@id\":\"https:\/\/www.sindmoveis.com.br\/en\/#\/schema\/person\/image\/\",\"url\":\"https:\/\/secure.gravatar.com\/avatar\/4973e2e2c2a0cb5db30b0c7b770041b8e33d048a16b695a1f99c042449d4bfaf?s=96&d=mm&r=g\",\"contentUrl\":\"https:\/\/secure.gravatar.com\/avatar\/4973e2e2c2a0cb5db30b0c7b770041b8e33d048a16b695a1f99c042449d4bfaf?s=96&d=mm&r=g\",\"caption\":\"Imprensa Sindm\u00f3veis\"},\"url\":\"https:\/\/www.sindmoveis.com.br\/en\/author\/ana\/\"}]}<\/script>\n<!-- \/ Yoast SEO plugin. -->","yoast_head_json":{"title":"High Design Expo: Sal\u00e3o Design Award winners ceremony on Aug 9 - Sindm\u00f3veis-RS","robots":{"index":"index","follow":"follow","max-snippet":"max-snippet:-1","max-image-preview":"max-image-preview:large","max-video-preview":"max-video-preview:-1"},"canonical":"https:\/\/www.sindmoveis.com.br\/en\/high-design-expo-premio-salao-design-premia-seus-vencedores-no-dia-9\/","og_locale":"en_US","og_type":"article","og_title":"High Design Expo: Sal\u00e3o Design Award winners ceremony on Aug 9 - Sindm\u00f3veis-RS","og_description":"Held by Sindm\u00f3veis Bento Gon\u00e7alves for 30 years, this is a consolidated project that reveals new talents","og_url":"https:\/\/www.sindmoveis.com.br\/en\/high-design-expo-premio-salao-design-premia-seus-vencedores-no-dia-9\/","og_site_name":"Sindm\u00f3veis-RS","article_published_time":"2017-07-24T03:00:00+00:00","article_modified_time":"2021-05-26T13:48:57+00:00","og_image":[{"width":1140,"height":642,"url":"https:\/\/www.sindmoveis.com.br\/en\/wp-content\/uploads\/2021\/05\/p1500922771.jpg","type":"image\/jpeg"}],"author":"Imprensa Sindm\u00f3veis","twitter_card":"summary_large_image","twitter_misc":{"Written by":"Imprensa Sindm\u00f3veis","Est. reading time":"3 minutes"},"schema":{"@context":"https:\/\/schema.org","@graph":[{"@type":"Article","@id":"https:\/\/www.sindmoveis.com.br\/en\/high-design-expo-premio-salao-design-premia-seus-vencedores-no-dia-9\/#article","isPartOf":{"@id":"https:\/\/www.sindmoveis.com.br\/en\/high-design-expo-premio-salao-design-premia-seus-vencedores-no-dia-9\/"},"author":{"name":"Imprensa Sindm\u00f3veis","@id":"https:\/\/www.sindmoveis.com.br\/en\/#\/schema\/person\/16d379542db1950a17fe188179340d57"},"headline":"High Design Expo: Sal\u00e3o Design Award winners ceremony on Aug 9","datePublished":"2017-07-24T03:00:00+00:00","dateModified":"2021-05-26T13:48:57+00:00","mainEntityOfPage":{"@id":"https:\/\/www.sindmoveis.com.br\/en\/high-design-expo-premio-salao-design-premia-seus-vencedores-no-dia-9\/"},"wordCount":518,"image":{"@id":"https:\/\/www.sindmoveis.com.br\/en\/high-design-expo-premio-salao-design-premia-seus-vencedores-no-dia-9\/#primaryimage"},"thumbnailUrl":"https:\/\/www.sindmoveis.com.br\/en\/wp-content\/uploads\/2021\/05\/p1500922771.jpg","articleSection":["Sal\u00e3o Design Award","Sindm\u00f3veis"],"inLanguage":"en-US"},{"@type":"WebPage","@id":"https:\/\/www.sindmoveis.com.br\/en\/high-design-expo-premio-salao-design-premia-seus-vencedores-no-dia-9\/","url":"https:\/\/www.sindmoveis.com.br\/en\/high-design-expo-premio-salao-design-premia-seus-vencedores-no-dia-9\/","name":"High Design Expo: Sal\u00e3o Design Award winners ceremony on Aug 9 - Sindm\u00f3veis-RS","isPartOf":{"@id":"https:\/\/www.sindmoveis.com.br\/en\/#website"},"primaryImageOfPage":{"@id":"https:\/\/www.sindmoveis.com.br\/en\/high-design-expo-premio-salao-design-premia-seus-vencedores-no-dia-9\/#primaryimage"},"image":{"@id":"https:\/\/www.sindmoveis.com.br\/en\/high-design-expo-premio-salao-design-premia-seus-vencedores-no-dia-9\/#primaryimage"},"thumbnailUrl":"https:\/\/www.sindmoveis.com.br\/en\/wp-content\/uploads\/2021\/05\/p1500922771.jpg","datePublished":"2017-07-24T03:00:00+00:00","dateModified":"2021-05-26T13:48:57+00:00","author":{"@id":"https:\/\/www.sindmoveis.com.br\/en\/#\/schema\/person\/16d379542db1950a17fe188179340d57"},"inLanguage":"en-US","potentialAction":[{"@type":"ReadAction","target":["https:\/\/www.sindmoveis.com.br\/en\/high-design-expo-premio-salao-design-premia-seus-vencedores-no-dia-9\/"]}]},{"@type":"ImageObject","inLanguage":"en-US","@id":"https:\/\/www.sindmoveis.com.br\/en\/high-design-expo-premio-salao-design-premia-seus-vencedores-no-dia-9\/#primaryimage","url":"https:\/\/www.sindmoveis.com.br\/en\/wp-content\/uploads\/2021\/05\/p1500922771.jpg","contentUrl":"https:\/\/www.sindmoveis.com.br\/en\/wp-content\/uploads\/2021\/05\/p1500922771.jpg","width":1140,"height":642},{"@type":"WebSite","@id":"https:\/\/www.sindmoveis.com.br\/en\/#website","url":"https:\/\/www.sindmoveis.com.br\/en\/","name":"Sindm\u00f3veis-RS","description":"","potentialAction":[{"@type":"SearchAction","target":{"@type":"EntryPoint","urlTemplate":"https:\/\/www.sindmoveis.com.br\/en\/?s={search_term_string}"},"query-input":{"@type":"PropertyValueSpecification","valueRequired":true,"valueName":"search_term_string"}}],"inLanguage":"en-US"},{"@type":"Person","@id":"https:\/\/www.sindmoveis.com.br\/en\/#\/schema\/person\/16d379542db1950a17fe188179340d57","name":"Imprensa Sindm\u00f3veis","image":{"@type":"ImageObject","inLanguage":"en-US","@id":"https:\/\/www.sindmoveis.com.br\/en\/#\/schema\/person\/image\/","url":"https:\/\/secure.gravatar.com\/avatar\/4973e2e2c2a0cb5db30b0c7b770041b8e33d048a16b695a1f99c042449d4bfaf?s=96&d=mm&r=g","contentUrl":"https:\/\/secure.gravatar.com\/avatar\/4973e2e2c2a0cb5db30b0c7b770041b8e33d048a16b695a1f99c042449d4bfaf?s=96&d=mm&r=g","caption":"Imprensa Sindm\u00f3veis"},"url":"https:\/\/www.sindmoveis.com.br\/en\/author\/ana\/"}]}},"_links":{"self":[{"href":"https:\/\/www.sindmoveis.com.br\/en\/wp-json\/wp\/v2\/posts\/1304","targetHints":{"allow":["GET"]}}],"collection":[{"href":"https:\/\/www.sindmoveis.com.br\/en\/wp-json\/wp\/v2\/posts"}],"about":[{"href":"https:\/\/www.sindmoveis.com.br\/en\/wp-json\/wp\/v2\/types\/post"}],"author":[{"embeddable":true,"href":"https:\/\/www.sindmoveis.com.br\/en\/wp-json\/wp\/v2\/users\/5"}],"replies":[{"embeddable":true,"href":"https:\/\/www.sindmoveis.com.br\/en\/wp-json\/wp\/v2\/comments?post=1304"}],"version-history":[{"count":2,"href":"https:\/\/www.sindmoveis.com.br\/en\/wp-json\/wp\/v2\/posts\/1304\/revisions"}],"predecessor-version":[{"id":3586,"href":"https:\/\/www.sindmoveis.com.br\/en\/wp-json\/wp\/v2\/posts\/1304\/revisions\/3586"}],"wp:featuredmedia":[{"embeddable":true,"href":"https:\/\/www.sindmoveis.com.br\/en\/wp-json\/wp\/v2\/media\/3587"}],"wp:attachment":[{"href":"https:\/\/www.sindmoveis.com.br\/en\/wp-json\/wp\/v2\/media?parent=1304"}],"wp:term":[{"taxonomy":"category","embeddable":true,"href":"https:\/\/www.sindmoveis.com.br\/en\/wp-json\/wp\/v2\/categories?post=1304"},{"taxonomy":"post_tag","embeddable":true,"href":"https:\/\/www.sindmoveis.com.br\/en\/wp-json\/wp\/v2\/tags?post=1304"}],"curies":[{"name":"wp","href":"https:\/\/api.w.org\/{rel}","templated":true}]}}