{"id":1254,"date":"2016-08-23T00:00:00","date_gmt":"2016-08-23T03:00:00","guid":{"rendered":"http:\/\/sindmoveis.com.br\/imprensa\/noticias\/premio-salao-design-tem-inscricoes-abertas\/"},"modified":"2021-05-26T10:48:37","modified_gmt":"2021-05-26T13:48:37","slug":"premio-salao-design-tem-inscricoes-abertas","status":"publish","type":"post","link":"https:\/\/www.sindmoveis.com.br\/en\/premio-salao-design-tem-inscricoes-abertas\/","title":{"rendered":"Registration for the the Sal\u00e3o Design Award  is opened"},"content":{"rendered":"<p>This Monday, August 22, starts the registration for the 21st Sal&atilde;o Design Award, the major product design award in Latin America. Highlighting its new brand, the campaign enhances clean contemporary identity with striking features and showing the strength of design. This competition has important changes in the regulation of the award, including five new categories in the traditional classes: Student, Professional and Industry.<\/p>\n<p>In addition to cash prizes, the regulation contains the Master Teacher Trophy and the Alternative Woods Award to products made from species of Brazilian wood not included among those considered by the Forest Products Laboratory of the Brazilian Forest Service as very much used, in the past or at present, for the manufacture of furniture and other products.<\/p>\n<p>Held since 1988 by Sindm&oacute;veis Bento Gon&ccedil;alves, the Sal&atilde;o Design Award highlights designers&rsquo; skills and talent, encouraging the production of value-added furniture and accessories through design, as a way to improve competitiveness in the global market. The 21st award ceremony will take place during the High Design &#8211; Home &amp; Office Expo in S&atilde;o Paulo in August 2017.<\/p>\n<p>The deadline to register is November 21 at www.salaodesign.com.br site, where it is also possible to download the regulations in three languages. The award organizers emphasize the importance of reading the regulations carefully, especially because of the changes made.<\/p>\n<p>&nbsp;<\/p>\n<p><strong>New categories<\/strong><\/p>\n<p><strong>Social Spaces<\/strong> &ndash; furniture, accessories and lighting for living and dining rooms, kitchens and outdoor living areas;<\/p>\n<p><strong>Private Spaces <\/strong>&#8211; furniture, accessories and lighting for bedrooms, bathrooms and laundry rooms;<\/p>\n<p><strong>Work Spaces<\/strong> &ndash; furniture, accessories and lighting for offices \/ home offices and commercial sites;<\/p>\n<p><strong>Innovation in Materials and Surfaces <\/strong>&#8211; furniture, accessories and lighting that feature innovative materials or surface design;<\/p>\n<p><strong>E-commerce<\/strong> &ndash; furniture, accessories and lighting aimed at electronic commerce.&nbsp;<\/p>\n","protected":false},"excerpt":{"rendered":"<p>New categories and the award ceremony held in S\u00e3o Paulo are the new features of the 21st competition<\/p>\n","protected":false},"author":5,"featured_media":3548,"comment_status":"closed","ping_status":"open","sticky":false,"template":"","format":"standard","meta":{"footnotes":"","_links_to":"","_links_to_target":""},"categories":[21,2],"tags":[],"class_list":["post-1254","post","type-post","status-publish","format-standard","has-post-thumbnail","hentry","category-salao-design-award","category-sindmoveis"],"yoast_head":"<!-- This site is optimized with the Yoast SEO plugin v27.0 - https:\/\/yoast.com\/product\/yoast-seo-wordpress\/ -->\n<title>Registration for the the Sal\u00e3o Design Award is opened - Sindm\u00f3veis-RS<\/title>\n<meta name=\"robots\" content=\"index, follow, max-snippet:-1, max-image-preview:large, max-video-preview:-1\" \/>\n<link rel=\"canonical\" href=\"https:\/\/www.sindmoveis.com.br\/en\/premio-salao-design-tem-inscricoes-abertas\/\" \/>\n<meta property=\"og:locale\" content=\"en_US\" \/>\n<meta property=\"og:type\" content=\"article\" \/>\n<meta property=\"og:title\" content=\"Registration for the the Sal\u00e3o Design Award is opened - Sindm\u00f3veis-RS\" \/>\n<meta property=\"og:description\" content=\"New categories and the award ceremony held in S\u00e3o Paulo are the new features of the 21st competition\" \/>\n<meta property=\"og:url\" content=\"https:\/\/www.sindmoveis.com.br\/en\/premio-salao-design-tem-inscricoes-abertas\/\" \/>\n<meta property=\"og:site_name\" content=\"Sindm\u00f3veis-RS\" \/>\n<meta property=\"article:published_time\" content=\"2016-08-23T03:00:00+00:00\" \/>\n<meta property=\"article:modified_time\" content=\"2021-05-26T13:48:37+00:00\" \/>\n<meta property=\"og:image\" content=\"https:\/\/www.sindmoveis.com.br\/en\/wp-content\/uploads\/2021\/05\/p1471866260.jpg\" \/>\n\t<meta property=\"og:image:width\" content=\"742\" \/>\n\t<meta property=\"og:image:height\" content=\"300\" \/>\n\t<meta property=\"og:image:type\" content=\"image\/jpeg\" \/>\n<meta name=\"author\" content=\"Imprensa Sindm\u00f3veis\" \/>\n<meta name=\"twitter:card\" content=\"summary_large_image\" \/>\n<meta name=\"twitter:label1\" content=\"Written by\" \/>\n\t<meta name=\"twitter:data1\" content=\"Imprensa Sindm\u00f3veis\" \/>\n\t<meta name=\"twitter:label2\" content=\"Est. reading time\" \/>\n\t<meta name=\"twitter:data2\" content=\"2 minutes\" \/>\n<script type=\"application\/ld+json\" class=\"yoast-schema-graph\">{\"@context\":\"https:\/\/schema.org\",\"@graph\":[{\"@type\":\"Article\",\"@id\":\"https:\/\/www.sindmoveis.com.br\/en\/premio-salao-design-tem-inscricoes-abertas\/#article\",\"isPartOf\":{\"@id\":\"https:\/\/www.sindmoveis.com.br\/en\/premio-salao-design-tem-inscricoes-abertas\/\"},\"author\":{\"name\":\"Imprensa Sindm\u00f3veis\",\"@id\":\"https:\/\/www.sindmoveis.com.br\/en\/#\/schema\/person\/16d379542db1950a17fe188179340d57\"},\"headline\":\"Registration for the the Sal\u00e3o Design Award is opened\",\"datePublished\":\"2016-08-23T03:00:00+00:00\",\"dateModified\":\"2021-05-26T13:48:37+00:00\",\"mainEntityOfPage\":{\"@id\":\"https:\/\/www.sindmoveis.com.br\/en\/premio-salao-design-tem-inscricoes-abertas\/\"},\"wordCount\":313,\"image\":{\"@id\":\"https:\/\/www.sindmoveis.com.br\/en\/premio-salao-design-tem-inscricoes-abertas\/#primaryimage\"},\"thumbnailUrl\":\"https:\/\/www.sindmoveis.com.br\/en\/wp-content\/uploads\/2021\/05\/p1471866260.jpg\",\"articleSection\":[\"Sal\u00e3o Design Award\",\"Sindm\u00f3veis\"],\"inLanguage\":\"en-US\"},{\"@type\":\"WebPage\",\"@id\":\"https:\/\/www.sindmoveis.com.br\/en\/premio-salao-design-tem-inscricoes-abertas\/\",\"url\":\"https:\/\/www.sindmoveis.com.br\/en\/premio-salao-design-tem-inscricoes-abertas\/\",\"name\":\"Registration for the the Sal\u00e3o Design Award is opened - Sindm\u00f3veis-RS\",\"isPartOf\":{\"@id\":\"https:\/\/www.sindmoveis.com.br\/en\/#website\"},\"primaryImageOfPage\":{\"@id\":\"https:\/\/www.sindmoveis.com.br\/en\/premio-salao-design-tem-inscricoes-abertas\/#primaryimage\"},\"image\":{\"@id\":\"https:\/\/www.sindmoveis.com.br\/en\/premio-salao-design-tem-inscricoes-abertas\/#primaryimage\"},\"thumbnailUrl\":\"https:\/\/www.sindmoveis.com.br\/en\/wp-content\/uploads\/2021\/05\/p1471866260.jpg\",\"datePublished\":\"2016-08-23T03:00:00+00:00\",\"dateModified\":\"2021-05-26T13:48:37+00:00\",\"author\":{\"@id\":\"https:\/\/www.sindmoveis.com.br\/en\/#\/schema\/person\/16d379542db1950a17fe188179340d57\"},\"inLanguage\":\"en-US\",\"potentialAction\":[{\"@type\":\"ReadAction\",\"target\":[\"https:\/\/www.sindmoveis.com.br\/en\/premio-salao-design-tem-inscricoes-abertas\/\"]}]},{\"@type\":\"ImageObject\",\"inLanguage\":\"en-US\",\"@id\":\"https:\/\/www.sindmoveis.com.br\/en\/premio-salao-design-tem-inscricoes-abertas\/#primaryimage\",\"url\":\"https:\/\/www.sindmoveis.com.br\/en\/wp-content\/uploads\/2021\/05\/p1471866260.jpg\",\"contentUrl\":\"https:\/\/www.sindmoveis.com.br\/en\/wp-content\/uploads\/2021\/05\/p1471866260.jpg\",\"width\":742,\"height\":300},{\"@type\":\"WebSite\",\"@id\":\"https:\/\/www.sindmoveis.com.br\/en\/#website\",\"url\":\"https:\/\/www.sindmoveis.com.br\/en\/\",\"name\":\"Sindm\u00f3veis-RS\",\"description\":\"\",\"potentialAction\":[{\"@type\":\"SearchAction\",\"target\":{\"@type\":\"EntryPoint\",\"urlTemplate\":\"https:\/\/www.sindmoveis.com.br\/en\/?s={search_term_string}\"},\"query-input\":{\"@type\":\"PropertyValueSpecification\",\"valueRequired\":true,\"valueName\":\"search_term_string\"}}],\"inLanguage\":\"en-US\"},{\"@type\":\"Person\",\"@id\":\"https:\/\/www.sindmoveis.com.br\/en\/#\/schema\/person\/16d379542db1950a17fe188179340d57\",\"name\":\"Imprensa Sindm\u00f3veis\",\"image\":{\"@type\":\"ImageObject\",\"inLanguage\":\"en-US\",\"@id\":\"https:\/\/www.sindmoveis.com.br\/en\/#\/schema\/person\/image\/\",\"url\":\"https:\/\/secure.gravatar.com\/avatar\/4973e2e2c2a0cb5db30b0c7b770041b8e33d048a16b695a1f99c042449d4bfaf?s=96&d=mm&r=g\",\"contentUrl\":\"https:\/\/secure.gravatar.com\/avatar\/4973e2e2c2a0cb5db30b0c7b770041b8e33d048a16b695a1f99c042449d4bfaf?s=96&d=mm&r=g\",\"caption\":\"Imprensa Sindm\u00f3veis\"},\"url\":\"https:\/\/www.sindmoveis.com.br\/en\/author\/ana\/\"}]}<\/script>\n<!-- \/ Yoast SEO plugin. -->","yoast_head_json":{"title":"Registration for the the Sal\u00e3o Design Award is opened - Sindm\u00f3veis-RS","robots":{"index":"index","follow":"follow","max-snippet":"max-snippet:-1","max-image-preview":"max-image-preview:large","max-video-preview":"max-video-preview:-1"},"canonical":"https:\/\/www.sindmoveis.com.br\/en\/premio-salao-design-tem-inscricoes-abertas\/","og_locale":"en_US","og_type":"article","og_title":"Registration for the the Sal\u00e3o Design Award is opened - Sindm\u00f3veis-RS","og_description":"New categories and the award ceremony held in S\u00e3o Paulo are the new features of the 21st competition","og_url":"https:\/\/www.sindmoveis.com.br\/en\/premio-salao-design-tem-inscricoes-abertas\/","og_site_name":"Sindm\u00f3veis-RS","article_published_time":"2016-08-23T03:00:00+00:00","article_modified_time":"2021-05-26T13:48:37+00:00","og_image":[{"width":742,"height":300,"url":"https:\/\/www.sindmoveis.com.br\/en\/wp-content\/uploads\/2021\/05\/p1471866260.jpg","type":"image\/jpeg"}],"author":"Imprensa Sindm\u00f3veis","twitter_card":"summary_large_image","twitter_misc":{"Written by":"Imprensa Sindm\u00f3veis","Est. reading time":"2 minutes"},"schema":{"@context":"https:\/\/schema.org","@graph":[{"@type":"Article","@id":"https:\/\/www.sindmoveis.com.br\/en\/premio-salao-design-tem-inscricoes-abertas\/#article","isPartOf":{"@id":"https:\/\/www.sindmoveis.com.br\/en\/premio-salao-design-tem-inscricoes-abertas\/"},"author":{"name":"Imprensa Sindm\u00f3veis","@id":"https:\/\/www.sindmoveis.com.br\/en\/#\/schema\/person\/16d379542db1950a17fe188179340d57"},"headline":"Registration for the the Sal\u00e3o Design Award is opened","datePublished":"2016-08-23T03:00:00+00:00","dateModified":"2021-05-26T13:48:37+00:00","mainEntityOfPage":{"@id":"https:\/\/www.sindmoveis.com.br\/en\/premio-salao-design-tem-inscricoes-abertas\/"},"wordCount":313,"image":{"@id":"https:\/\/www.sindmoveis.com.br\/en\/premio-salao-design-tem-inscricoes-abertas\/#primaryimage"},"thumbnailUrl":"https:\/\/www.sindmoveis.com.br\/en\/wp-content\/uploads\/2021\/05\/p1471866260.jpg","articleSection":["Sal\u00e3o Design Award","Sindm\u00f3veis"],"inLanguage":"en-US"},{"@type":"WebPage","@id":"https:\/\/www.sindmoveis.com.br\/en\/premio-salao-design-tem-inscricoes-abertas\/","url":"https:\/\/www.sindmoveis.com.br\/en\/premio-salao-design-tem-inscricoes-abertas\/","name":"Registration for the the Sal\u00e3o Design Award is opened - Sindm\u00f3veis-RS","isPartOf":{"@id":"https:\/\/www.sindmoveis.com.br\/en\/#website"},"primaryImageOfPage":{"@id":"https:\/\/www.sindmoveis.com.br\/en\/premio-salao-design-tem-inscricoes-abertas\/#primaryimage"},"image":{"@id":"https:\/\/www.sindmoveis.com.br\/en\/premio-salao-design-tem-inscricoes-abertas\/#primaryimage"},"thumbnailUrl":"https:\/\/www.sindmoveis.com.br\/en\/wp-content\/uploads\/2021\/05\/p1471866260.jpg","datePublished":"2016-08-23T03:00:00+00:00","dateModified":"2021-05-26T13:48:37+00:00","author":{"@id":"https:\/\/www.sindmoveis.com.br\/en\/#\/schema\/person\/16d379542db1950a17fe188179340d57"},"inLanguage":"en-US","potentialAction":[{"@type":"ReadAction","target":["https:\/\/www.sindmoveis.com.br\/en\/premio-salao-design-tem-inscricoes-abertas\/"]}]},{"@type":"ImageObject","inLanguage":"en-US","@id":"https:\/\/www.sindmoveis.com.br\/en\/premio-salao-design-tem-inscricoes-abertas\/#primaryimage","url":"https:\/\/www.sindmoveis.com.br\/en\/wp-content\/uploads\/2021\/05\/p1471866260.jpg","contentUrl":"https:\/\/www.sindmoveis.com.br\/en\/wp-content\/uploads\/2021\/05\/p1471866260.jpg","width":742,"height":300},{"@type":"WebSite","@id":"https:\/\/www.sindmoveis.com.br\/en\/#website","url":"https:\/\/www.sindmoveis.com.br\/en\/","name":"Sindm\u00f3veis-RS","description":"","potentialAction":[{"@type":"SearchAction","target":{"@type":"EntryPoint","urlTemplate":"https:\/\/www.sindmoveis.com.br\/en\/?s={search_term_string}"},"query-input":{"@type":"PropertyValueSpecification","valueRequired":true,"valueName":"search_term_string"}}],"inLanguage":"en-US"},{"@type":"Person","@id":"https:\/\/www.sindmoveis.com.br\/en\/#\/schema\/person\/16d379542db1950a17fe188179340d57","name":"Imprensa Sindm\u00f3veis","image":{"@type":"ImageObject","inLanguage":"en-US","@id":"https:\/\/www.sindmoveis.com.br\/en\/#\/schema\/person\/image\/","url":"https:\/\/secure.gravatar.com\/avatar\/4973e2e2c2a0cb5db30b0c7b770041b8e33d048a16b695a1f99c042449d4bfaf?s=96&d=mm&r=g","contentUrl":"https:\/\/secure.gravatar.com\/avatar\/4973e2e2c2a0cb5db30b0c7b770041b8e33d048a16b695a1f99c042449d4bfaf?s=96&d=mm&r=g","caption":"Imprensa Sindm\u00f3veis"},"url":"https:\/\/www.sindmoveis.com.br\/en\/author\/ana\/"}]}},"_links":{"self":[{"href":"https:\/\/www.sindmoveis.com.br\/en\/wp-json\/wp\/v2\/posts\/1254","targetHints":{"allow":["GET"]}}],"collection":[{"href":"https:\/\/www.sindmoveis.com.br\/en\/wp-json\/wp\/v2\/posts"}],"about":[{"href":"https:\/\/www.sindmoveis.com.br\/en\/wp-json\/wp\/v2\/types\/post"}],"author":[{"embeddable":true,"href":"https:\/\/www.sindmoveis.com.br\/en\/wp-json\/wp\/v2\/users\/5"}],"replies":[{"embeddable":true,"href":"https:\/\/www.sindmoveis.com.br\/en\/wp-json\/wp\/v2\/comments?post=1254"}],"version-history":[{"count":2,"href":"https:\/\/www.sindmoveis.com.br\/en\/wp-json\/wp\/v2\/posts\/1254\/revisions"}],"predecessor-version":[{"id":3547,"href":"https:\/\/www.sindmoveis.com.br\/en\/wp-json\/wp\/v2\/posts\/1254\/revisions\/3547"}],"wp:featuredmedia":[{"embeddable":true,"href":"https:\/\/www.sindmoveis.com.br\/en\/wp-json\/wp\/v2\/media\/3548"}],"wp:attachment":[{"href":"https:\/\/www.sindmoveis.com.br\/en\/wp-json\/wp\/v2\/media?parent=1254"}],"wp:term":[{"taxonomy":"category","embeddable":true,"href":"https:\/\/www.sindmoveis.com.br\/en\/wp-json\/wp\/v2\/categories?post=1254"},{"taxonomy":"post_tag","embeddable":true,"href":"https:\/\/www.sindmoveis.com.br\/en\/wp-json\/wp\/v2\/tags?post=1254"}],"curies":[{"name":"wp","href":"https:\/\/api.w.org\/{rel}","templated":true}]}}