{"id":1217,"date":"2016-03-04T00:00:00","date_gmt":"2016-03-04T03:00:00","guid":{"rendered":"http:\/\/sindmoveis.com.br\/imprensa\/noticias\/projeto-orchestra-brasil-leva-13-empresas-a-feira-na-colombia\/"},"modified":"2021-05-26T10:48:25","modified_gmt":"2021-05-26T13:48:25","slug":"projeto-orchestra-brasil-leva-13-empresas-a-feira-na-colombia","status":"publish","type":"post","link":"https:\/\/www.sindmoveis.com.br\/en\/projeto-orchestra-brasil-leva-13-empresas-a-feira-na-colombia\/","title":{"rendered":"The Orchestra Brasil Project takes 13 companies to a trade show in Colombia"},"content":{"rendered":"<p>From 09 to 12 March, thirteen member companies of the Orchestra Brasil Project &#8211; a partnership between the Brazilian Trade and Investment Promotion Agency (Apex-Brasil) and Sindm&oacute;veis Bento Gon&ccedil;alves to encourage exports of suppliers to the furniture industry &ndash; will take part in the 13th M&amp;M Technological and Industrial Fair in Bogota, Colombia. In addition to the 96-sq. meter collective booth, where eleven companies will exhibit their new products, Orchestra Brasil will also support Leitz and Promob Softwares in their individual exhibiting spaces. Some 14,000 professional visitors are expected to attend the fair held in a 15,500 sq. meter area.<\/p>\n<p>A country of 47.7 million inhabitants, Colombia has the third largest economy in South America, with a GDP growth estimated at 2.5% in 2015 and according to the IMF&rsquo;s forecast it will&nbsp;grow 2.8% in 2016. With one of the highest economic growths in Latin America in recent years, the country has stability and is currently considered by the World Bank one of the best places to do business in South America. Its furniture industry has also expanded, with a production growth of 8.4% in 2014, according to Euromonitor data.<\/p>\n<p>The Orchestra Brasil Project has been carried out since 2006 promoting the competitive inclusion of suppliers to the woodworking sector in the international market. To achieve this goal it promotes market research, missions to prospect markets, individual actions, Buyer&rsquo;s Projects, Seller&rsquo;s Projects and Image projects, in addition to taking part in major world trade fairs. Currently, Orchestra Brasil comprises 62 manufacturing companies. The priority markets for 2016 are South Africa, Argentina, Bolivia, Chile, Colombia, the United States, Mexico, Peru, Turkey and Vietnam.&nbsp;<\/p>\n","protected":false},"excerpt":{"rendered":"<p>Sindm\u00f3veis Bento Gon\u00e7alves will take part in M&#038;M Bogota in a collective booth with individual support<\/p>\n","protected":false},"author":5,"featured_media":3520,"comment_status":"closed","ping_status":"open","sticky":false,"template":"","format":"standard","meta":{"footnotes":"","_links_to":"","_links_to_target":""},"categories":[22,2],"tags":[],"class_list":["post-1217","post","type-post","status-publish","format-standard","has-post-thumbnail","hentry","category-orchestra-brasil-projeto","category-sindmoveis"],"yoast_head":"<!-- This site is optimized with the Yoast SEO plugin v27.0 - https:\/\/yoast.com\/product\/yoast-seo-wordpress\/ -->\n<title>The Orchestra Brasil Project takes 13 companies to a trade show in Colombia - Sindm\u00f3veis-RS<\/title>\n<meta name=\"robots\" content=\"index, follow, max-snippet:-1, max-image-preview:large, max-video-preview:-1\" \/>\n<link rel=\"canonical\" href=\"https:\/\/www.sindmoveis.com.br\/en\/projeto-orchestra-brasil-leva-13-empresas-a-feira-na-colombia\/\" \/>\n<meta property=\"og:locale\" content=\"en_US\" \/>\n<meta property=\"og:type\" content=\"article\" \/>\n<meta property=\"og:title\" content=\"The Orchestra Brasil Project takes 13 companies to a trade show in Colombia - Sindm\u00f3veis-RS\" \/>\n<meta property=\"og:description\" content=\"Sindm\u00f3veis Bento Gon\u00e7alves will take part in M&amp;M Bogota in a collective booth with individual support\" \/>\n<meta property=\"og:url\" content=\"https:\/\/www.sindmoveis.com.br\/en\/projeto-orchestra-brasil-leva-13-empresas-a-feira-na-colombia\/\" \/>\n<meta property=\"og:site_name\" content=\"Sindm\u00f3veis-RS\" \/>\n<meta property=\"article:published_time\" content=\"2016-03-04T03:00:00+00:00\" \/>\n<meta property=\"article:modified_time\" content=\"2021-05-26T13:48:25+00:00\" \/>\n<meta property=\"og:image\" content=\"https:\/\/www.sindmoveis.com.br\/en\/wp-content\/uploads\/2021\/05\/p1457117469.jpg\" \/>\n\t<meta property=\"og:image:width\" content=\"1000\" \/>\n\t<meta property=\"og:image:height\" content=\"728\" \/>\n\t<meta property=\"og:image:type\" content=\"image\/jpeg\" \/>\n<meta name=\"author\" content=\"Imprensa Sindm\u00f3veis\" \/>\n<meta name=\"twitter:card\" content=\"summary_large_image\" \/>\n<meta name=\"twitter:label1\" content=\"Written by\" \/>\n\t<meta name=\"twitter:data1\" content=\"Imprensa Sindm\u00f3veis\" \/>\n\t<meta name=\"twitter:label2\" content=\"Est. reading time\" \/>\n\t<meta name=\"twitter:data2\" content=\"1 minute\" \/>\n<script type=\"application\/ld+json\" class=\"yoast-schema-graph\">{\"@context\":\"https:\/\/schema.org\",\"@graph\":[{\"@type\":\"Article\",\"@id\":\"https:\/\/www.sindmoveis.com.br\/en\/projeto-orchestra-brasil-leva-13-empresas-a-feira-na-colombia\/#article\",\"isPartOf\":{\"@id\":\"https:\/\/www.sindmoveis.com.br\/en\/projeto-orchestra-brasil-leva-13-empresas-a-feira-na-colombia\/\"},\"author\":{\"name\":\"Imprensa Sindm\u00f3veis\",\"@id\":\"https:\/\/www.sindmoveis.com.br\/en\/#\/schema\/person\/16d379542db1950a17fe188179340d57\"},\"headline\":\"The Orchestra Brasil Project takes 13 companies to a trade show in Colombia\",\"datePublished\":\"2016-03-04T03:00:00+00:00\",\"dateModified\":\"2021-05-26T13:48:25+00:00\",\"mainEntityOfPage\":{\"@id\":\"https:\/\/www.sindmoveis.com.br\/en\/projeto-orchestra-brasil-leva-13-empresas-a-feira-na-colombia\/\"},\"wordCount\":284,\"image\":{\"@id\":\"https:\/\/www.sindmoveis.com.br\/en\/projeto-orchestra-brasil-leva-13-empresas-a-feira-na-colombia\/#primaryimage\"},\"thumbnailUrl\":\"https:\/\/www.sindmoveis.com.br\/en\/wp-content\/uploads\/2021\/05\/p1457117469.jpg\",\"articleSection\":[\"Orchestra Brasil Project\",\"Sindm\u00f3veis\"],\"inLanguage\":\"en-US\"},{\"@type\":\"WebPage\",\"@id\":\"https:\/\/www.sindmoveis.com.br\/en\/projeto-orchestra-brasil-leva-13-empresas-a-feira-na-colombia\/\",\"url\":\"https:\/\/www.sindmoveis.com.br\/en\/projeto-orchestra-brasil-leva-13-empresas-a-feira-na-colombia\/\",\"name\":\"The Orchestra Brasil Project takes 13 companies to a trade show in Colombia - Sindm\u00f3veis-RS\",\"isPartOf\":{\"@id\":\"https:\/\/www.sindmoveis.com.br\/en\/#website\"},\"primaryImageOfPage\":{\"@id\":\"https:\/\/www.sindmoveis.com.br\/en\/projeto-orchestra-brasil-leva-13-empresas-a-feira-na-colombia\/#primaryimage\"},\"image\":{\"@id\":\"https:\/\/www.sindmoveis.com.br\/en\/projeto-orchestra-brasil-leva-13-empresas-a-feira-na-colombia\/#primaryimage\"},\"thumbnailUrl\":\"https:\/\/www.sindmoveis.com.br\/en\/wp-content\/uploads\/2021\/05\/p1457117469.jpg\",\"datePublished\":\"2016-03-04T03:00:00+00:00\",\"dateModified\":\"2021-05-26T13:48:25+00:00\",\"author\":{\"@id\":\"https:\/\/www.sindmoveis.com.br\/en\/#\/schema\/person\/16d379542db1950a17fe188179340d57\"},\"inLanguage\":\"en-US\",\"potentialAction\":[{\"@type\":\"ReadAction\",\"target\":[\"https:\/\/www.sindmoveis.com.br\/en\/projeto-orchestra-brasil-leva-13-empresas-a-feira-na-colombia\/\"]}]},{\"@type\":\"ImageObject\",\"inLanguage\":\"en-US\",\"@id\":\"https:\/\/www.sindmoveis.com.br\/en\/projeto-orchestra-brasil-leva-13-empresas-a-feira-na-colombia\/#primaryimage\",\"url\":\"https:\/\/www.sindmoveis.com.br\/en\/wp-content\/uploads\/2021\/05\/p1457117469.jpg\",\"contentUrl\":\"https:\/\/www.sindmoveis.com.br\/en\/wp-content\/uploads\/2021\/05\/p1457117469.jpg\",\"width\":1000,\"height\":728},{\"@type\":\"WebSite\",\"@id\":\"https:\/\/www.sindmoveis.com.br\/en\/#website\",\"url\":\"https:\/\/www.sindmoveis.com.br\/en\/\",\"name\":\"Sindm\u00f3veis-RS\",\"description\":\"\",\"potentialAction\":[{\"@type\":\"SearchAction\",\"target\":{\"@type\":\"EntryPoint\",\"urlTemplate\":\"https:\/\/www.sindmoveis.com.br\/en\/?s={search_term_string}\"},\"query-input\":{\"@type\":\"PropertyValueSpecification\",\"valueRequired\":true,\"valueName\":\"search_term_string\"}}],\"inLanguage\":\"en-US\"},{\"@type\":\"Person\",\"@id\":\"https:\/\/www.sindmoveis.com.br\/en\/#\/schema\/person\/16d379542db1950a17fe188179340d57\",\"name\":\"Imprensa Sindm\u00f3veis\",\"image\":{\"@type\":\"ImageObject\",\"inLanguage\":\"en-US\",\"@id\":\"https:\/\/www.sindmoveis.com.br\/en\/#\/schema\/person\/image\/\",\"url\":\"https:\/\/secure.gravatar.com\/avatar\/4973e2e2c2a0cb5db30b0c7b770041b8e33d048a16b695a1f99c042449d4bfaf?s=96&d=mm&r=g\",\"contentUrl\":\"https:\/\/secure.gravatar.com\/avatar\/4973e2e2c2a0cb5db30b0c7b770041b8e33d048a16b695a1f99c042449d4bfaf?s=96&d=mm&r=g\",\"caption\":\"Imprensa Sindm\u00f3veis\"},\"url\":\"https:\/\/www.sindmoveis.com.br\/en\/author\/ana\/\"}]}<\/script>\n<!-- \/ Yoast SEO plugin. -->","yoast_head_json":{"title":"The Orchestra Brasil Project takes 13 companies to a trade show in Colombia - Sindm\u00f3veis-RS","robots":{"index":"index","follow":"follow","max-snippet":"max-snippet:-1","max-image-preview":"max-image-preview:large","max-video-preview":"max-video-preview:-1"},"canonical":"https:\/\/www.sindmoveis.com.br\/en\/projeto-orchestra-brasil-leva-13-empresas-a-feira-na-colombia\/","og_locale":"en_US","og_type":"article","og_title":"The Orchestra Brasil Project takes 13 companies to a trade show in Colombia - Sindm\u00f3veis-RS","og_description":"Sindm\u00f3veis Bento Gon\u00e7alves will take part in M&M Bogota in a collective booth with individual support","og_url":"https:\/\/www.sindmoveis.com.br\/en\/projeto-orchestra-brasil-leva-13-empresas-a-feira-na-colombia\/","og_site_name":"Sindm\u00f3veis-RS","article_published_time":"2016-03-04T03:00:00+00:00","article_modified_time":"2021-05-26T13:48:25+00:00","og_image":[{"width":1000,"height":728,"url":"https:\/\/www.sindmoveis.com.br\/en\/wp-content\/uploads\/2021\/05\/p1457117469.jpg","type":"image\/jpeg"}],"author":"Imprensa Sindm\u00f3veis","twitter_card":"summary_large_image","twitter_misc":{"Written by":"Imprensa Sindm\u00f3veis","Est. reading time":"1 minute"},"schema":{"@context":"https:\/\/schema.org","@graph":[{"@type":"Article","@id":"https:\/\/www.sindmoveis.com.br\/en\/projeto-orchestra-brasil-leva-13-empresas-a-feira-na-colombia\/#article","isPartOf":{"@id":"https:\/\/www.sindmoveis.com.br\/en\/projeto-orchestra-brasil-leva-13-empresas-a-feira-na-colombia\/"},"author":{"name":"Imprensa Sindm\u00f3veis","@id":"https:\/\/www.sindmoveis.com.br\/en\/#\/schema\/person\/16d379542db1950a17fe188179340d57"},"headline":"The Orchestra Brasil Project takes 13 companies to a trade show in Colombia","datePublished":"2016-03-04T03:00:00+00:00","dateModified":"2021-05-26T13:48:25+00:00","mainEntityOfPage":{"@id":"https:\/\/www.sindmoveis.com.br\/en\/projeto-orchestra-brasil-leva-13-empresas-a-feira-na-colombia\/"},"wordCount":284,"image":{"@id":"https:\/\/www.sindmoveis.com.br\/en\/projeto-orchestra-brasil-leva-13-empresas-a-feira-na-colombia\/#primaryimage"},"thumbnailUrl":"https:\/\/www.sindmoveis.com.br\/en\/wp-content\/uploads\/2021\/05\/p1457117469.jpg","articleSection":["Orchestra Brasil Project","Sindm\u00f3veis"],"inLanguage":"en-US"},{"@type":"WebPage","@id":"https:\/\/www.sindmoveis.com.br\/en\/projeto-orchestra-brasil-leva-13-empresas-a-feira-na-colombia\/","url":"https:\/\/www.sindmoveis.com.br\/en\/projeto-orchestra-brasil-leva-13-empresas-a-feira-na-colombia\/","name":"The Orchestra Brasil Project takes 13 companies to a trade show in Colombia - Sindm\u00f3veis-RS","isPartOf":{"@id":"https:\/\/www.sindmoveis.com.br\/en\/#website"},"primaryImageOfPage":{"@id":"https:\/\/www.sindmoveis.com.br\/en\/projeto-orchestra-brasil-leva-13-empresas-a-feira-na-colombia\/#primaryimage"},"image":{"@id":"https:\/\/www.sindmoveis.com.br\/en\/projeto-orchestra-brasil-leva-13-empresas-a-feira-na-colombia\/#primaryimage"},"thumbnailUrl":"https:\/\/www.sindmoveis.com.br\/en\/wp-content\/uploads\/2021\/05\/p1457117469.jpg","datePublished":"2016-03-04T03:00:00+00:00","dateModified":"2021-05-26T13:48:25+00:00","author":{"@id":"https:\/\/www.sindmoveis.com.br\/en\/#\/schema\/person\/16d379542db1950a17fe188179340d57"},"inLanguage":"en-US","potentialAction":[{"@type":"ReadAction","target":["https:\/\/www.sindmoveis.com.br\/en\/projeto-orchestra-brasil-leva-13-empresas-a-feira-na-colombia\/"]}]},{"@type":"ImageObject","inLanguage":"en-US","@id":"https:\/\/www.sindmoveis.com.br\/en\/projeto-orchestra-brasil-leva-13-empresas-a-feira-na-colombia\/#primaryimage","url":"https:\/\/www.sindmoveis.com.br\/en\/wp-content\/uploads\/2021\/05\/p1457117469.jpg","contentUrl":"https:\/\/www.sindmoveis.com.br\/en\/wp-content\/uploads\/2021\/05\/p1457117469.jpg","width":1000,"height":728},{"@type":"WebSite","@id":"https:\/\/www.sindmoveis.com.br\/en\/#website","url":"https:\/\/www.sindmoveis.com.br\/en\/","name":"Sindm\u00f3veis-RS","description":"","potentialAction":[{"@type":"SearchAction","target":{"@type":"EntryPoint","urlTemplate":"https:\/\/www.sindmoveis.com.br\/en\/?s={search_term_string}"},"query-input":{"@type":"PropertyValueSpecification","valueRequired":true,"valueName":"search_term_string"}}],"inLanguage":"en-US"},{"@type":"Person","@id":"https:\/\/www.sindmoveis.com.br\/en\/#\/schema\/person\/16d379542db1950a17fe188179340d57","name":"Imprensa Sindm\u00f3veis","image":{"@type":"ImageObject","inLanguage":"en-US","@id":"https:\/\/www.sindmoveis.com.br\/en\/#\/schema\/person\/image\/","url":"https:\/\/secure.gravatar.com\/avatar\/4973e2e2c2a0cb5db30b0c7b770041b8e33d048a16b695a1f99c042449d4bfaf?s=96&d=mm&r=g","contentUrl":"https:\/\/secure.gravatar.com\/avatar\/4973e2e2c2a0cb5db30b0c7b770041b8e33d048a16b695a1f99c042449d4bfaf?s=96&d=mm&r=g","caption":"Imprensa Sindm\u00f3veis"},"url":"https:\/\/www.sindmoveis.com.br\/en\/author\/ana\/"}]}},"_links":{"self":[{"href":"https:\/\/www.sindmoveis.com.br\/en\/wp-json\/wp\/v2\/posts\/1217","targetHints":{"allow":["GET"]}}],"collection":[{"href":"https:\/\/www.sindmoveis.com.br\/en\/wp-json\/wp\/v2\/posts"}],"about":[{"href":"https:\/\/www.sindmoveis.com.br\/en\/wp-json\/wp\/v2\/types\/post"}],"author":[{"embeddable":true,"href":"https:\/\/www.sindmoveis.com.br\/en\/wp-json\/wp\/v2\/users\/5"}],"replies":[{"embeddable":true,"href":"https:\/\/www.sindmoveis.com.br\/en\/wp-json\/wp\/v2\/comments?post=1217"}],"version-history":[{"count":2,"href":"https:\/\/www.sindmoveis.com.br\/en\/wp-json\/wp\/v2\/posts\/1217\/revisions"}],"predecessor-version":[{"id":3519,"href":"https:\/\/www.sindmoveis.com.br\/en\/wp-json\/wp\/v2\/posts\/1217\/revisions\/3519"}],"wp:featuredmedia":[{"embeddable":true,"href":"https:\/\/www.sindmoveis.com.br\/en\/wp-json\/wp\/v2\/media\/3520"}],"wp:attachment":[{"href":"https:\/\/www.sindmoveis.com.br\/en\/wp-json\/wp\/v2\/media?parent=1217"}],"wp:term":[{"taxonomy":"category","embeddable":true,"href":"https:\/\/www.sindmoveis.com.br\/en\/wp-json\/wp\/v2\/categories?post=1217"},{"taxonomy":"post_tag","embeddable":true,"href":"https:\/\/www.sindmoveis.com.br\/en\/wp-json\/wp\/v2\/tags?post=1217"}],"curies":[{"name":"wp","href":"https:\/\/api.w.org\/{rel}","templated":true}]}}