{"id":1178,"date":"2015-08-24T00:00:00","date_gmt":"2015-08-24T03:00:00","guid":{"rendered":"http:\/\/sindmoveis.com.br\/imprensa\/noticias\/balanco-positivo-da-participacao-do-sindmoveis-no-sao-paulo-design-weekend\/"},"modified":"2021-05-26T10:48:11","modified_gmt":"2021-05-26T13:48:11","slug":"balanco-positivo-da-participacao-do-sindmoveis-no-sao-paulo-design-weekend","status":"publish","type":"post","link":"https:\/\/www.sindmoveis.com.br\/en\/balanco-positivo-da-participacao-do-sindmoveis-no-sao-paulo-design-weekend\/","title":{"rendered":"Positive evaluation of the participation of Sindm\u00f3veis in S\u00e3o Paulo Design Weekend"},"content":{"rendered":"<p>More than 10,000 people participated in the 1st Art Design Village, one of the main addresses of S&atilde;o Paulo Design Weekend 2015 at the Jockey Club. As part of the program, the Furniture Industry Association of Bento Gon&ccedil;alves (Sindm&oacute;veis) held the first exhibition of the Sal&atilde;o Design award in S&atilde;o Paulo, the exhibition Projeto Raiz &ndash; aimed at the international promotion of designers&rsquo; service &#8211; a special Buyer&rsquo;s Project&nbsp; and the International Seminar &quot;The form follows the material&quot; featuring Italian Clino Trini Castelli, Chilean Cristian Dom&iacute;nguez and Brazilian Brunno Jahara.<\/p>\n<p>&quot;These initiatives will increase the visibility of the furniture industry of Bento Gon&ccedil;alves. A significant number of architects, designers and entrepreneurs circulated around S&atilde;o Paulo during DW ! &#8211; highly skilled and qualified attendees. That is exactly what we need to further disseminate our work. Sal&atilde;o Design was also very successful, visited by professionals who commented favorably about the award. We can only benefit from &nbsp;this,&quot; says the president of Sindm&oacute;veis Bento Gon&ccedil;alves, Henrique Tecchio. The award, sponsored by the organization since 1988, encourages creativity, entrepreneurship and technological innovation of furniture and accessories through design.<\/p>\n<p>The actions were boosted by transferring Casa Brasil to S&atilde;o Paulo which will be held annually as of next year. An initiative promoted by the association since 2007, the high end furniture and decoration fair was held four times in Serra Ga&uacute;cha, bringing together big names in the segments of furniture, lighting, decor and accessories. In 2016, it will be the anchor event of DW! and High Design &#8211; Home &amp; Office Expo, launched at the Design Weekend this year aiming to become the leading international furniture design event in Brazil. To facilitate this evolution, Sindm&oacute;veis joined the English Informa Group, one of the main organizers of fairs, conferences and training courses around the world, and Summit Promo, the company that devised DW!.<\/p>\n<p>Altogether, approximately 30 initiatives were developed including lectures and events from August 12-16 at the Jockey Club S&atilde;o Paulo, during the 1st Art Design Village.<\/p>\n","protected":false},"excerpt":{"rendered":"<p>The association debuted in the S\u00e3o Paulo festival with a 500-square meter area at the Jockey Club<\/p>\n","protected":false},"author":5,"featured_media":3481,"comment_status":"closed","ping_status":"open","sticky":false,"template":"","format":"standard","meta":{"footnotes":"","_links_to":"","_links_to_target":""},"categories":[2],"tags":[],"class_list":["post-1178","post","type-post","status-publish","format-standard","has-post-thumbnail","hentry","category-sindmoveis"],"yoast_head":"<!-- This site is optimized with the Yoast SEO plugin v27.0 - https:\/\/yoast.com\/product\/yoast-seo-wordpress\/ -->\n<title>Positive evaluation of the participation of Sindm\u00f3veis in S\u00e3o Paulo Design Weekend - Sindm\u00f3veis-RS<\/title>\n<meta name=\"robots\" content=\"index, follow, max-snippet:-1, max-image-preview:large, max-video-preview:-1\" \/>\n<link rel=\"canonical\" href=\"https:\/\/www.sindmoveis.com.br\/en\/balanco-positivo-da-participacao-do-sindmoveis-no-sao-paulo-design-weekend\/\" \/>\n<meta property=\"og:locale\" content=\"en_US\" \/>\n<meta property=\"og:type\" content=\"article\" \/>\n<meta property=\"og:title\" content=\"Positive evaluation of the participation of Sindm\u00f3veis in S\u00e3o Paulo Design Weekend - Sindm\u00f3veis-RS\" \/>\n<meta property=\"og:description\" content=\"The association debuted in the S\u00e3o Paulo festival with a 500-square meter area at the Jockey Club\" \/>\n<meta property=\"og:url\" content=\"https:\/\/www.sindmoveis.com.br\/en\/balanco-positivo-da-participacao-do-sindmoveis-no-sao-paulo-design-weekend\/\" \/>\n<meta property=\"og:site_name\" content=\"Sindm\u00f3veis-RS\" \/>\n<meta property=\"article:published_time\" content=\"2015-08-24T03:00:00+00:00\" \/>\n<meta property=\"article:modified_time\" content=\"2021-05-26T13:48:11+00:00\" \/>\n<meta property=\"og:image\" content=\"https:\/\/www.sindmoveis.com.br\/en\/wp-content\/uploads\/2021\/05\/p1440431556.jpg\" \/>\n\t<meta property=\"og:image:width\" content=\"945\" \/>\n\t<meta property=\"og:image:height\" content=\"1402\" \/>\n\t<meta property=\"og:image:type\" content=\"image\/jpeg\" \/>\n<meta name=\"author\" content=\"Imprensa Sindm\u00f3veis\" \/>\n<meta name=\"twitter:card\" content=\"summary_large_image\" \/>\n<meta name=\"twitter:label1\" content=\"Written by\" \/>\n\t<meta name=\"twitter:data1\" content=\"Imprensa Sindm\u00f3veis\" \/>\n\t<meta name=\"twitter:label2\" content=\"Est. reading time\" \/>\n\t<meta name=\"twitter:data2\" content=\"2 minutes\" \/>\n<script type=\"application\/ld+json\" class=\"yoast-schema-graph\">{\"@context\":\"https:\/\/schema.org\",\"@graph\":[{\"@type\":\"Article\",\"@id\":\"https:\/\/www.sindmoveis.com.br\/en\/balanco-positivo-da-participacao-do-sindmoveis-no-sao-paulo-design-weekend\/#article\",\"isPartOf\":{\"@id\":\"https:\/\/www.sindmoveis.com.br\/en\/balanco-positivo-da-participacao-do-sindmoveis-no-sao-paulo-design-weekend\/\"},\"author\":{\"name\":\"Imprensa Sindm\u00f3veis\",\"@id\":\"https:\/\/www.sindmoveis.com.br\/en\/#\/schema\/person\/16d379542db1950a17fe188179340d57\"},\"headline\":\"Positive evaluation of the participation of Sindm\u00f3veis in S\u00e3o Paulo Design Weekend\",\"datePublished\":\"2015-08-24T03:00:00+00:00\",\"dateModified\":\"2021-05-26T13:48:11+00:00\",\"mainEntityOfPage\":{\"@id\":\"https:\/\/www.sindmoveis.com.br\/en\/balanco-positivo-da-participacao-do-sindmoveis-no-sao-paulo-design-weekend\/\"},\"wordCount\":379,\"image\":{\"@id\":\"https:\/\/www.sindmoveis.com.br\/en\/balanco-positivo-da-participacao-do-sindmoveis-no-sao-paulo-design-weekend\/#primaryimage\"},\"thumbnailUrl\":\"https:\/\/www.sindmoveis.com.br\/en\/wp-content\/uploads\/2021\/05\/p1440431556.jpg\",\"articleSection\":[\"Sindm\u00f3veis\"],\"inLanguage\":\"en-US\"},{\"@type\":\"WebPage\",\"@id\":\"https:\/\/www.sindmoveis.com.br\/en\/balanco-positivo-da-participacao-do-sindmoveis-no-sao-paulo-design-weekend\/\",\"url\":\"https:\/\/www.sindmoveis.com.br\/en\/balanco-positivo-da-participacao-do-sindmoveis-no-sao-paulo-design-weekend\/\",\"name\":\"Positive evaluation of the participation of Sindm\u00f3veis in S\u00e3o Paulo Design Weekend - Sindm\u00f3veis-RS\",\"isPartOf\":{\"@id\":\"https:\/\/www.sindmoveis.com.br\/en\/#website\"},\"primaryImageOfPage\":{\"@id\":\"https:\/\/www.sindmoveis.com.br\/en\/balanco-positivo-da-participacao-do-sindmoveis-no-sao-paulo-design-weekend\/#primaryimage\"},\"image\":{\"@id\":\"https:\/\/www.sindmoveis.com.br\/en\/balanco-positivo-da-participacao-do-sindmoveis-no-sao-paulo-design-weekend\/#primaryimage\"},\"thumbnailUrl\":\"https:\/\/www.sindmoveis.com.br\/en\/wp-content\/uploads\/2021\/05\/p1440431556.jpg\",\"datePublished\":\"2015-08-24T03:00:00+00:00\",\"dateModified\":\"2021-05-26T13:48:11+00:00\",\"author\":{\"@id\":\"https:\/\/www.sindmoveis.com.br\/en\/#\/schema\/person\/16d379542db1950a17fe188179340d57\"},\"inLanguage\":\"en-US\",\"potentialAction\":[{\"@type\":\"ReadAction\",\"target\":[\"https:\/\/www.sindmoveis.com.br\/en\/balanco-positivo-da-participacao-do-sindmoveis-no-sao-paulo-design-weekend\/\"]}]},{\"@type\":\"ImageObject\",\"inLanguage\":\"en-US\",\"@id\":\"https:\/\/www.sindmoveis.com.br\/en\/balanco-positivo-da-participacao-do-sindmoveis-no-sao-paulo-design-weekend\/#primaryimage\",\"url\":\"https:\/\/www.sindmoveis.com.br\/en\/wp-content\/uploads\/2021\/05\/p1440431556.jpg\",\"contentUrl\":\"https:\/\/www.sindmoveis.com.br\/en\/wp-content\/uploads\/2021\/05\/p1440431556.jpg\",\"width\":945,\"height\":1402,\"caption\":\"Foto: Henry Lopes\"},{\"@type\":\"WebSite\",\"@id\":\"https:\/\/www.sindmoveis.com.br\/en\/#website\",\"url\":\"https:\/\/www.sindmoveis.com.br\/en\/\",\"name\":\"Sindm\u00f3veis-RS\",\"description\":\"\",\"potentialAction\":[{\"@type\":\"SearchAction\",\"target\":{\"@type\":\"EntryPoint\",\"urlTemplate\":\"https:\/\/www.sindmoveis.com.br\/en\/?s={search_term_string}\"},\"query-input\":{\"@type\":\"PropertyValueSpecification\",\"valueRequired\":true,\"valueName\":\"search_term_string\"}}],\"inLanguage\":\"en-US\"},{\"@type\":\"Person\",\"@id\":\"https:\/\/www.sindmoveis.com.br\/en\/#\/schema\/person\/16d379542db1950a17fe188179340d57\",\"name\":\"Imprensa Sindm\u00f3veis\",\"image\":{\"@type\":\"ImageObject\",\"inLanguage\":\"en-US\",\"@id\":\"https:\/\/www.sindmoveis.com.br\/en\/#\/schema\/person\/image\/\",\"url\":\"https:\/\/secure.gravatar.com\/avatar\/4973e2e2c2a0cb5db30b0c7b770041b8e33d048a16b695a1f99c042449d4bfaf?s=96&d=mm&r=g\",\"contentUrl\":\"https:\/\/secure.gravatar.com\/avatar\/4973e2e2c2a0cb5db30b0c7b770041b8e33d048a16b695a1f99c042449d4bfaf?s=96&d=mm&r=g\",\"caption\":\"Imprensa Sindm\u00f3veis\"},\"url\":\"https:\/\/www.sindmoveis.com.br\/en\/author\/ana\/\"}]}<\/script>\n<!-- \/ Yoast SEO plugin. -->","yoast_head_json":{"title":"Positive evaluation of the participation of Sindm\u00f3veis in S\u00e3o Paulo Design Weekend - Sindm\u00f3veis-RS","robots":{"index":"index","follow":"follow","max-snippet":"max-snippet:-1","max-image-preview":"max-image-preview:large","max-video-preview":"max-video-preview:-1"},"canonical":"https:\/\/www.sindmoveis.com.br\/en\/balanco-positivo-da-participacao-do-sindmoveis-no-sao-paulo-design-weekend\/","og_locale":"en_US","og_type":"article","og_title":"Positive evaluation of the participation of Sindm\u00f3veis in S\u00e3o Paulo Design Weekend - Sindm\u00f3veis-RS","og_description":"The association debuted in the S\u00e3o Paulo festival with a 500-square meter area at the Jockey Club","og_url":"https:\/\/www.sindmoveis.com.br\/en\/balanco-positivo-da-participacao-do-sindmoveis-no-sao-paulo-design-weekend\/","og_site_name":"Sindm\u00f3veis-RS","article_published_time":"2015-08-24T03:00:00+00:00","article_modified_time":"2021-05-26T13:48:11+00:00","og_image":[{"width":945,"height":1402,"url":"https:\/\/www.sindmoveis.com.br\/en\/wp-content\/uploads\/2021\/05\/p1440431556.jpg","type":"image\/jpeg"}],"author":"Imprensa Sindm\u00f3veis","twitter_card":"summary_large_image","twitter_misc":{"Written by":"Imprensa Sindm\u00f3veis","Est. reading time":"2 minutes"},"schema":{"@context":"https:\/\/schema.org","@graph":[{"@type":"Article","@id":"https:\/\/www.sindmoveis.com.br\/en\/balanco-positivo-da-participacao-do-sindmoveis-no-sao-paulo-design-weekend\/#article","isPartOf":{"@id":"https:\/\/www.sindmoveis.com.br\/en\/balanco-positivo-da-participacao-do-sindmoveis-no-sao-paulo-design-weekend\/"},"author":{"name":"Imprensa Sindm\u00f3veis","@id":"https:\/\/www.sindmoveis.com.br\/en\/#\/schema\/person\/16d379542db1950a17fe188179340d57"},"headline":"Positive evaluation of the participation of Sindm\u00f3veis in S\u00e3o Paulo Design Weekend","datePublished":"2015-08-24T03:00:00+00:00","dateModified":"2021-05-26T13:48:11+00:00","mainEntityOfPage":{"@id":"https:\/\/www.sindmoveis.com.br\/en\/balanco-positivo-da-participacao-do-sindmoveis-no-sao-paulo-design-weekend\/"},"wordCount":379,"image":{"@id":"https:\/\/www.sindmoveis.com.br\/en\/balanco-positivo-da-participacao-do-sindmoveis-no-sao-paulo-design-weekend\/#primaryimage"},"thumbnailUrl":"https:\/\/www.sindmoveis.com.br\/en\/wp-content\/uploads\/2021\/05\/p1440431556.jpg","articleSection":["Sindm\u00f3veis"],"inLanguage":"en-US"},{"@type":"WebPage","@id":"https:\/\/www.sindmoveis.com.br\/en\/balanco-positivo-da-participacao-do-sindmoveis-no-sao-paulo-design-weekend\/","url":"https:\/\/www.sindmoveis.com.br\/en\/balanco-positivo-da-participacao-do-sindmoveis-no-sao-paulo-design-weekend\/","name":"Positive evaluation of the participation of Sindm\u00f3veis in S\u00e3o Paulo Design Weekend - Sindm\u00f3veis-RS","isPartOf":{"@id":"https:\/\/www.sindmoveis.com.br\/en\/#website"},"primaryImageOfPage":{"@id":"https:\/\/www.sindmoveis.com.br\/en\/balanco-positivo-da-participacao-do-sindmoveis-no-sao-paulo-design-weekend\/#primaryimage"},"image":{"@id":"https:\/\/www.sindmoveis.com.br\/en\/balanco-positivo-da-participacao-do-sindmoveis-no-sao-paulo-design-weekend\/#primaryimage"},"thumbnailUrl":"https:\/\/www.sindmoveis.com.br\/en\/wp-content\/uploads\/2021\/05\/p1440431556.jpg","datePublished":"2015-08-24T03:00:00+00:00","dateModified":"2021-05-26T13:48:11+00:00","author":{"@id":"https:\/\/www.sindmoveis.com.br\/en\/#\/schema\/person\/16d379542db1950a17fe188179340d57"},"inLanguage":"en-US","potentialAction":[{"@type":"ReadAction","target":["https:\/\/www.sindmoveis.com.br\/en\/balanco-positivo-da-participacao-do-sindmoveis-no-sao-paulo-design-weekend\/"]}]},{"@type":"ImageObject","inLanguage":"en-US","@id":"https:\/\/www.sindmoveis.com.br\/en\/balanco-positivo-da-participacao-do-sindmoveis-no-sao-paulo-design-weekend\/#primaryimage","url":"https:\/\/www.sindmoveis.com.br\/en\/wp-content\/uploads\/2021\/05\/p1440431556.jpg","contentUrl":"https:\/\/www.sindmoveis.com.br\/en\/wp-content\/uploads\/2021\/05\/p1440431556.jpg","width":945,"height":1402,"caption":"Foto: Henry Lopes"},{"@type":"WebSite","@id":"https:\/\/www.sindmoveis.com.br\/en\/#website","url":"https:\/\/www.sindmoveis.com.br\/en\/","name":"Sindm\u00f3veis-RS","description":"","potentialAction":[{"@type":"SearchAction","target":{"@type":"EntryPoint","urlTemplate":"https:\/\/www.sindmoveis.com.br\/en\/?s={search_term_string}"},"query-input":{"@type":"PropertyValueSpecification","valueRequired":true,"valueName":"search_term_string"}}],"inLanguage":"en-US"},{"@type":"Person","@id":"https:\/\/www.sindmoveis.com.br\/en\/#\/schema\/person\/16d379542db1950a17fe188179340d57","name":"Imprensa Sindm\u00f3veis","image":{"@type":"ImageObject","inLanguage":"en-US","@id":"https:\/\/www.sindmoveis.com.br\/en\/#\/schema\/person\/image\/","url":"https:\/\/secure.gravatar.com\/avatar\/4973e2e2c2a0cb5db30b0c7b770041b8e33d048a16b695a1f99c042449d4bfaf?s=96&d=mm&r=g","contentUrl":"https:\/\/secure.gravatar.com\/avatar\/4973e2e2c2a0cb5db30b0c7b770041b8e33d048a16b695a1f99c042449d4bfaf?s=96&d=mm&r=g","caption":"Imprensa Sindm\u00f3veis"},"url":"https:\/\/www.sindmoveis.com.br\/en\/author\/ana\/"}]}},"_links":{"self":[{"href":"https:\/\/www.sindmoveis.com.br\/en\/wp-json\/wp\/v2\/posts\/1178","targetHints":{"allow":["GET"]}}],"collection":[{"href":"https:\/\/www.sindmoveis.com.br\/en\/wp-json\/wp\/v2\/posts"}],"about":[{"href":"https:\/\/www.sindmoveis.com.br\/en\/wp-json\/wp\/v2\/types\/post"}],"author":[{"embeddable":true,"href":"https:\/\/www.sindmoveis.com.br\/en\/wp-json\/wp\/v2\/users\/5"}],"replies":[{"embeddable":true,"href":"https:\/\/www.sindmoveis.com.br\/en\/wp-json\/wp\/v2\/comments?post=1178"}],"version-history":[{"count":2,"href":"https:\/\/www.sindmoveis.com.br\/en\/wp-json\/wp\/v2\/posts\/1178\/revisions"}],"predecessor-version":[{"id":3480,"href":"https:\/\/www.sindmoveis.com.br\/en\/wp-json\/wp\/v2\/posts\/1178\/revisions\/3480"}],"wp:featuredmedia":[{"embeddable":true,"href":"https:\/\/www.sindmoveis.com.br\/en\/wp-json\/wp\/v2\/media\/3481"}],"wp:attachment":[{"href":"https:\/\/www.sindmoveis.com.br\/en\/wp-json\/wp\/v2\/media?parent=1178"}],"wp:term":[{"taxonomy":"category","embeddable":true,"href":"https:\/\/www.sindmoveis.com.br\/en\/wp-json\/wp\/v2\/categories?post=1178"},{"taxonomy":"post_tag","embeddable":true,"href":"https:\/\/www.sindmoveis.com.br\/en\/wp-json\/wp\/v2\/tags?post=1178"}],"curies":[{"name":"wp","href":"https:\/\/api.w.org\/{rel}","templated":true}]}}