{"id":1175,"date":"2015-08-13T00:00:00","date_gmt":"2015-08-13T03:00:00","guid":{"rendered":"http:\/\/sindmoveis.com.br\/imprensa\/noticias\/premio-salao-design-entrega-trofeus-no-sao-paulo-design-weekend\/"},"modified":"2021-05-26T10:48:07","modified_gmt":"2021-05-26T13:48:07","slug":"premio-salao-design-entrega-trofeus-no-sao-paulo-design-weekend","status":"publish","type":"post","link":"https:\/\/www.sindmoveis.com.br\/en\/premio-salao-design-entrega-trofeus-no-sao-paulo-design-weekend\/","title":{"rendered":"Sal\u00e3o Design Awards handed out at S\u00e3o Paulo Design Weekend"},"content":{"rendered":"<p>The first exhibition of products outside Serra Ga&uacute;cha enhanced Sal&atilde;o Design Award popularity. Nineteen awards were handed out during a ceremony held on Wednesday &#8211; August 12, including winners, honorable mentions, Alternative Woods Award and the Teacher Advisor Award. Bento Gon&ccedil;alves was represented by Cinex, awarded in the industry class for Coifa Pura &ndash; designed by Italian Adriano brothers in partnership with the product development team of the company. Sindm&oacute;veis will participate until Sunday &nbsp;in the events of S&atilde;o Paulo Design Weekend in a 500 square meter space located at Jockey Club S&atilde;o Paulo.<\/p>\n<p>The President of Sindm&oacute;veis Henrique Tecchio, points out that the 19 competitions held since 1988 have provided a genuine exchange of experiences to competitors, the organizing body and the judging panel. The 20th Sal&atilde;o Design will be held next year and competitors will have two opportunities to exhibit their work: in March at Movelsul Brasil, and in August, at Casa Brasil in S&atilde;o Paulo.<\/p>\n<p>Tecchio reinforces the idea that over the years there has been a growing niche in the market for furniture with added value. &quot;That is the main contribution given by the award to the furniture industry, which is a source of pride for all of us. The seed that Sindm&oacute;veis planted 27 years ago has grown successfully and we are honored by the importance that the award gained on the design scene in Latin America,&quot; said the president.<\/p>\n<p>Products awarded in the following categories: Furniture for living and dining rooms, Furniture for outdoor areas, Furniture for bedrooms, Furniture for kitchens, laundry rooms and bathrooms, Furniture for offices and home-offices and Household utensils and lighting were chosen by architects Ilse Lang and Isabela Vecci and designers Ivens Fontoura, Leonardo Lattavo and Gl&aacute;ucia Binda.<\/p>\n<p>Sponsored by Berneck, Sal&atilde;o Design Award aims to add creativity and technological innovation to the furniture industry through design. This year the exhibition of the award-winning products and finalists will be held until August 16 at the Jockey Club S&atilde;o Paulo, during the Design Weekend. Registrations for the 20th Sal&atilde;o Design are now open at www.salaodesign.com.br.<\/p>\n<p><strong>Surprise at the award ceremony <\/strong><\/p>\n<p>One of the designers had double satisfaction during the Sal&atilde;o Design award ceremony. Ricardo Graham Ferreira from oEbanista &#8211; Nova Friburgo, Rio de Janeiro, received an extra prize from the Brazilian Forest Service for his Alternative Woods Award winning product. Thanks to his Banco Sela, which also won in the Professional category, the designer will take part in an expedition into the Brazilian wood diversity. He will visit the institution head office and &nbsp;forestry and wood processing areas in Amaz&ocirc;nia.<\/p>\n<p>Since 1996, Sal&atilde;o Design has given the Alternative Woods award to the best product made from species that the Brazilian Forest Service considers as not &quot;widely used&quot;. Under the technical analysis of the Ministry of Environment,&nbsp; products that value the huge diversity of Brazilian woods compete for this award. In addition, the initiative encourages the sustainable forest management, while absorbing its production, making them economically and ecologically viable.<\/p>\n","protected":false},"excerpt":{"rendered":"<p>The first exhibition of award winners and finalists in S\u00e3o Paulo in one of the main spaces of the S\u00e3o Paulo Jockey Club.<\/p>\n","protected":false},"author":5,"featured_media":3473,"comment_status":"closed","ping_status":"open","sticky":false,"template":"","format":"standard","meta":{"footnotes":"","_links_to":"","_links_to_target":""},"categories":[21,2],"tags":[],"class_list":["post-1175","post","type-post","status-publish","format-standard","has-post-thumbnail","hentry","category-salao-design-award","category-sindmoveis"],"yoast_head":"<!-- This site is optimized with the Yoast SEO plugin v27.0 - https:\/\/yoast.com\/product\/yoast-seo-wordpress\/ -->\n<title>Sal\u00e3o Design Awards handed out at S\u00e3o Paulo Design Weekend - Sindm\u00f3veis-RS<\/title>\n<meta name=\"robots\" content=\"index, follow, max-snippet:-1, max-image-preview:large, max-video-preview:-1\" \/>\n<link rel=\"canonical\" href=\"https:\/\/www.sindmoveis.com.br\/en\/premio-salao-design-entrega-trofeus-no-sao-paulo-design-weekend\/\" \/>\n<meta property=\"og:locale\" content=\"en_US\" \/>\n<meta property=\"og:type\" content=\"article\" \/>\n<meta property=\"og:title\" content=\"Sal\u00e3o Design Awards handed out at S\u00e3o Paulo Design Weekend - Sindm\u00f3veis-RS\" \/>\n<meta property=\"og:description\" content=\"The first exhibition of award winners and finalists in S\u00e3o Paulo in one of the main spaces of the S\u00e3o Paulo Jockey Club.\" \/>\n<meta property=\"og:url\" content=\"https:\/\/www.sindmoveis.com.br\/en\/premio-salao-design-entrega-trofeus-no-sao-paulo-design-weekend\/\" \/>\n<meta property=\"og:site_name\" content=\"Sindm\u00f3veis-RS\" \/>\n<meta property=\"article:published_time\" content=\"2015-08-13T03:00:00+00:00\" \/>\n<meta property=\"article:modified_time\" content=\"2021-05-26T13:48:07+00:00\" \/>\n<meta property=\"og:image\" content=\"https:\/\/www.sindmoveis.com.br\/en\/wp-content\/uploads\/2021\/05\/p1439487236.jpg\" \/>\n\t<meta property=\"og:image:width\" content=\"886\" \/>\n\t<meta property=\"og:image:height\" content=\"589\" \/>\n\t<meta property=\"og:image:type\" content=\"image\/jpeg\" \/>\n<meta name=\"author\" content=\"Imprensa Sindm\u00f3veis\" \/>\n<meta name=\"twitter:card\" content=\"summary_large_image\" \/>\n<meta name=\"twitter:label1\" content=\"Written by\" \/>\n\t<meta name=\"twitter:data1\" content=\"Imprensa Sindm\u00f3veis\" \/>\n\t<meta name=\"twitter:label2\" content=\"Est. reading time\" \/>\n\t<meta name=\"twitter:data2\" content=\"3 minutes\" \/>\n<script type=\"application\/ld+json\" class=\"yoast-schema-graph\">{\"@context\":\"https:\/\/schema.org\",\"@graph\":[{\"@type\":\"Article\",\"@id\":\"https:\/\/www.sindmoveis.com.br\/en\/premio-salao-design-entrega-trofeus-no-sao-paulo-design-weekend\/#article\",\"isPartOf\":{\"@id\":\"https:\/\/www.sindmoveis.com.br\/en\/premio-salao-design-entrega-trofeus-no-sao-paulo-design-weekend\/\"},\"author\":{\"name\":\"Imprensa Sindm\u00f3veis\",\"@id\":\"https:\/\/www.sindmoveis.com.br\/en\/#\/schema\/person\/16d379542db1950a17fe188179340d57\"},\"headline\":\"Sal\u00e3o Design Awards handed out at S\u00e3o Paulo Design Weekend\",\"datePublished\":\"2015-08-13T03:00:00+00:00\",\"dateModified\":\"2021-05-26T13:48:07+00:00\",\"mainEntityOfPage\":{\"@id\":\"https:\/\/www.sindmoveis.com.br\/en\/premio-salao-design-entrega-trofeus-no-sao-paulo-design-weekend\/\"},\"wordCount\":547,\"image\":{\"@id\":\"https:\/\/www.sindmoveis.com.br\/en\/premio-salao-design-entrega-trofeus-no-sao-paulo-design-weekend\/#primaryimage\"},\"thumbnailUrl\":\"https:\/\/www.sindmoveis.com.br\/en\/wp-content\/uploads\/2021\/05\/p1439487236.jpg\",\"articleSection\":[\"Sal\u00e3o Design Award\",\"Sindm\u00f3veis\"],\"inLanguage\":\"en-US\"},{\"@type\":\"WebPage\",\"@id\":\"https:\/\/www.sindmoveis.com.br\/en\/premio-salao-design-entrega-trofeus-no-sao-paulo-design-weekend\/\",\"url\":\"https:\/\/www.sindmoveis.com.br\/en\/premio-salao-design-entrega-trofeus-no-sao-paulo-design-weekend\/\",\"name\":\"Sal\u00e3o Design Awards handed out at S\u00e3o Paulo Design Weekend - Sindm\u00f3veis-RS\",\"isPartOf\":{\"@id\":\"https:\/\/www.sindmoveis.com.br\/en\/#website\"},\"primaryImageOfPage\":{\"@id\":\"https:\/\/www.sindmoveis.com.br\/en\/premio-salao-design-entrega-trofeus-no-sao-paulo-design-weekend\/#primaryimage\"},\"image\":{\"@id\":\"https:\/\/www.sindmoveis.com.br\/en\/premio-salao-design-entrega-trofeus-no-sao-paulo-design-weekend\/#primaryimage\"},\"thumbnailUrl\":\"https:\/\/www.sindmoveis.com.br\/en\/wp-content\/uploads\/2021\/05\/p1439487236.jpg\",\"datePublished\":\"2015-08-13T03:00:00+00:00\",\"dateModified\":\"2021-05-26T13:48:07+00:00\",\"author\":{\"@id\":\"https:\/\/www.sindmoveis.com.br\/en\/#\/schema\/person\/16d379542db1950a17fe188179340d57\"},\"inLanguage\":\"en-US\",\"potentialAction\":[{\"@type\":\"ReadAction\",\"target\":[\"https:\/\/www.sindmoveis.com.br\/en\/premio-salao-design-entrega-trofeus-no-sao-paulo-design-weekend\/\"]}]},{\"@type\":\"ImageObject\",\"inLanguage\":\"en-US\",\"@id\":\"https:\/\/www.sindmoveis.com.br\/en\/premio-salao-design-entrega-trofeus-no-sao-paulo-design-weekend\/#primaryimage\",\"url\":\"https:\/\/www.sindmoveis.com.br\/en\/wp-content\/uploads\/2021\/05\/p1439487236.jpg\",\"contentUrl\":\"https:\/\/www.sindmoveis.com.br\/en\/wp-content\/uploads\/2021\/05\/p1439487236.jpg\",\"width\":886,\"height\":589,\"caption\":\"Foto: Celina Germer\"},{\"@type\":\"WebSite\",\"@id\":\"https:\/\/www.sindmoveis.com.br\/en\/#website\",\"url\":\"https:\/\/www.sindmoveis.com.br\/en\/\",\"name\":\"Sindm\u00f3veis-RS\",\"description\":\"\",\"potentialAction\":[{\"@type\":\"SearchAction\",\"target\":{\"@type\":\"EntryPoint\",\"urlTemplate\":\"https:\/\/www.sindmoveis.com.br\/en\/?s={search_term_string}\"},\"query-input\":{\"@type\":\"PropertyValueSpecification\",\"valueRequired\":true,\"valueName\":\"search_term_string\"}}],\"inLanguage\":\"en-US\"},{\"@type\":\"Person\",\"@id\":\"https:\/\/www.sindmoveis.com.br\/en\/#\/schema\/person\/16d379542db1950a17fe188179340d57\",\"name\":\"Imprensa Sindm\u00f3veis\",\"image\":{\"@type\":\"ImageObject\",\"inLanguage\":\"en-US\",\"@id\":\"https:\/\/www.sindmoveis.com.br\/en\/#\/schema\/person\/image\/\",\"url\":\"https:\/\/secure.gravatar.com\/avatar\/4973e2e2c2a0cb5db30b0c7b770041b8e33d048a16b695a1f99c042449d4bfaf?s=96&d=mm&r=g\",\"contentUrl\":\"https:\/\/secure.gravatar.com\/avatar\/4973e2e2c2a0cb5db30b0c7b770041b8e33d048a16b695a1f99c042449d4bfaf?s=96&d=mm&r=g\",\"caption\":\"Imprensa Sindm\u00f3veis\"},\"url\":\"https:\/\/www.sindmoveis.com.br\/en\/author\/ana\/\"}]}<\/script>\n<!-- \/ Yoast SEO plugin. -->","yoast_head_json":{"title":"Sal\u00e3o Design Awards handed out at S\u00e3o Paulo Design Weekend - Sindm\u00f3veis-RS","robots":{"index":"index","follow":"follow","max-snippet":"max-snippet:-1","max-image-preview":"max-image-preview:large","max-video-preview":"max-video-preview:-1"},"canonical":"https:\/\/www.sindmoveis.com.br\/en\/premio-salao-design-entrega-trofeus-no-sao-paulo-design-weekend\/","og_locale":"en_US","og_type":"article","og_title":"Sal\u00e3o Design Awards handed out at S\u00e3o Paulo Design Weekend - Sindm\u00f3veis-RS","og_description":"The first exhibition of award winners and finalists in S\u00e3o Paulo in one of the main spaces of the S\u00e3o Paulo Jockey Club.","og_url":"https:\/\/www.sindmoveis.com.br\/en\/premio-salao-design-entrega-trofeus-no-sao-paulo-design-weekend\/","og_site_name":"Sindm\u00f3veis-RS","article_published_time":"2015-08-13T03:00:00+00:00","article_modified_time":"2021-05-26T13:48:07+00:00","og_image":[{"width":886,"height":589,"url":"https:\/\/www.sindmoveis.com.br\/en\/wp-content\/uploads\/2021\/05\/p1439487236.jpg","type":"image\/jpeg"}],"author":"Imprensa Sindm\u00f3veis","twitter_card":"summary_large_image","twitter_misc":{"Written by":"Imprensa Sindm\u00f3veis","Est. reading time":"3 minutes"},"schema":{"@context":"https:\/\/schema.org","@graph":[{"@type":"Article","@id":"https:\/\/www.sindmoveis.com.br\/en\/premio-salao-design-entrega-trofeus-no-sao-paulo-design-weekend\/#article","isPartOf":{"@id":"https:\/\/www.sindmoveis.com.br\/en\/premio-salao-design-entrega-trofeus-no-sao-paulo-design-weekend\/"},"author":{"name":"Imprensa Sindm\u00f3veis","@id":"https:\/\/www.sindmoveis.com.br\/en\/#\/schema\/person\/16d379542db1950a17fe188179340d57"},"headline":"Sal\u00e3o Design Awards handed out at S\u00e3o Paulo Design Weekend","datePublished":"2015-08-13T03:00:00+00:00","dateModified":"2021-05-26T13:48:07+00:00","mainEntityOfPage":{"@id":"https:\/\/www.sindmoveis.com.br\/en\/premio-salao-design-entrega-trofeus-no-sao-paulo-design-weekend\/"},"wordCount":547,"image":{"@id":"https:\/\/www.sindmoveis.com.br\/en\/premio-salao-design-entrega-trofeus-no-sao-paulo-design-weekend\/#primaryimage"},"thumbnailUrl":"https:\/\/www.sindmoveis.com.br\/en\/wp-content\/uploads\/2021\/05\/p1439487236.jpg","articleSection":["Sal\u00e3o Design Award","Sindm\u00f3veis"],"inLanguage":"en-US"},{"@type":"WebPage","@id":"https:\/\/www.sindmoveis.com.br\/en\/premio-salao-design-entrega-trofeus-no-sao-paulo-design-weekend\/","url":"https:\/\/www.sindmoveis.com.br\/en\/premio-salao-design-entrega-trofeus-no-sao-paulo-design-weekend\/","name":"Sal\u00e3o Design Awards handed out at S\u00e3o Paulo Design Weekend - Sindm\u00f3veis-RS","isPartOf":{"@id":"https:\/\/www.sindmoveis.com.br\/en\/#website"},"primaryImageOfPage":{"@id":"https:\/\/www.sindmoveis.com.br\/en\/premio-salao-design-entrega-trofeus-no-sao-paulo-design-weekend\/#primaryimage"},"image":{"@id":"https:\/\/www.sindmoveis.com.br\/en\/premio-salao-design-entrega-trofeus-no-sao-paulo-design-weekend\/#primaryimage"},"thumbnailUrl":"https:\/\/www.sindmoveis.com.br\/en\/wp-content\/uploads\/2021\/05\/p1439487236.jpg","datePublished":"2015-08-13T03:00:00+00:00","dateModified":"2021-05-26T13:48:07+00:00","author":{"@id":"https:\/\/www.sindmoveis.com.br\/en\/#\/schema\/person\/16d379542db1950a17fe188179340d57"},"inLanguage":"en-US","potentialAction":[{"@type":"ReadAction","target":["https:\/\/www.sindmoveis.com.br\/en\/premio-salao-design-entrega-trofeus-no-sao-paulo-design-weekend\/"]}]},{"@type":"ImageObject","inLanguage":"en-US","@id":"https:\/\/www.sindmoveis.com.br\/en\/premio-salao-design-entrega-trofeus-no-sao-paulo-design-weekend\/#primaryimage","url":"https:\/\/www.sindmoveis.com.br\/en\/wp-content\/uploads\/2021\/05\/p1439487236.jpg","contentUrl":"https:\/\/www.sindmoveis.com.br\/en\/wp-content\/uploads\/2021\/05\/p1439487236.jpg","width":886,"height":589,"caption":"Foto: Celina Germer"},{"@type":"WebSite","@id":"https:\/\/www.sindmoveis.com.br\/en\/#website","url":"https:\/\/www.sindmoveis.com.br\/en\/","name":"Sindm\u00f3veis-RS","description":"","potentialAction":[{"@type":"SearchAction","target":{"@type":"EntryPoint","urlTemplate":"https:\/\/www.sindmoveis.com.br\/en\/?s={search_term_string}"},"query-input":{"@type":"PropertyValueSpecification","valueRequired":true,"valueName":"search_term_string"}}],"inLanguage":"en-US"},{"@type":"Person","@id":"https:\/\/www.sindmoveis.com.br\/en\/#\/schema\/person\/16d379542db1950a17fe188179340d57","name":"Imprensa Sindm\u00f3veis","image":{"@type":"ImageObject","inLanguage":"en-US","@id":"https:\/\/www.sindmoveis.com.br\/en\/#\/schema\/person\/image\/","url":"https:\/\/secure.gravatar.com\/avatar\/4973e2e2c2a0cb5db30b0c7b770041b8e33d048a16b695a1f99c042449d4bfaf?s=96&d=mm&r=g","contentUrl":"https:\/\/secure.gravatar.com\/avatar\/4973e2e2c2a0cb5db30b0c7b770041b8e33d048a16b695a1f99c042449d4bfaf?s=96&d=mm&r=g","caption":"Imprensa Sindm\u00f3veis"},"url":"https:\/\/www.sindmoveis.com.br\/en\/author\/ana\/"}]}},"_links":{"self":[{"href":"https:\/\/www.sindmoveis.com.br\/en\/wp-json\/wp\/v2\/posts\/1175","targetHints":{"allow":["GET"]}}],"collection":[{"href":"https:\/\/www.sindmoveis.com.br\/en\/wp-json\/wp\/v2\/posts"}],"about":[{"href":"https:\/\/www.sindmoveis.com.br\/en\/wp-json\/wp\/v2\/types\/post"}],"author":[{"embeddable":true,"href":"https:\/\/www.sindmoveis.com.br\/en\/wp-json\/wp\/v2\/users\/5"}],"replies":[{"embeddable":true,"href":"https:\/\/www.sindmoveis.com.br\/en\/wp-json\/wp\/v2\/comments?post=1175"}],"version-history":[{"count":2,"href":"https:\/\/www.sindmoveis.com.br\/en\/wp-json\/wp\/v2\/posts\/1175\/revisions"}],"predecessor-version":[{"id":3472,"href":"https:\/\/www.sindmoveis.com.br\/en\/wp-json\/wp\/v2\/posts\/1175\/revisions\/3472"}],"wp:featuredmedia":[{"embeddable":true,"href":"https:\/\/www.sindmoveis.com.br\/en\/wp-json\/wp\/v2\/media\/3473"}],"wp:attachment":[{"href":"https:\/\/www.sindmoveis.com.br\/en\/wp-json\/wp\/v2\/media?parent=1175"}],"wp:term":[{"taxonomy":"category","embeddable":true,"href":"https:\/\/www.sindmoveis.com.br\/en\/wp-json\/wp\/v2\/categories?post=1175"},{"taxonomy":"post_tag","embeddable":true,"href":"https:\/\/www.sindmoveis.com.br\/en\/wp-json\/wp\/v2\/tags?post=1175"}],"curies":[{"name":"wp","href":"https:\/\/api.w.org\/{rel}","templated":true}]}}