{"id":1174,"date":"2015-08-12T00:00:00","date_gmt":"2015-08-12T03:00:00","guid":{"rendered":"http:\/\/sindmoveis.com.br\/imprensa\/noticias\/sao-paulo-design-weekend-abre-hoje-com-atracoes-do-sindmoveis\/"},"modified":"2021-05-26T10:48:07","modified_gmt":"2021-05-26T13:48:07","slug":"sao-paulo-design-weekend-abre-hoje-com-atracoes-do-sindmoveis","status":"publish","type":"post","link":"https:\/\/www.sindmoveis.com.br\/en\/sao-paulo-design-weekend-abre-hoje-com-atracoes-do-sindmoveis\/","title":{"rendered":"S\u00e3o Paulo Design Weekend opens today with  Sindm\u00f3veis attractions"},"content":{"rendered":"<p>On Wednesday, Aug 12, the attractions of the 4th S&atilde;o Paulo Design Weekend open to the public. Until next Sunday, more than 140 architecture, art and design events will take place throughout the capital of S&atilde;o Paulo. Sindm&oacute;veis Bento Gon&ccedil;alves will have a 500-square-meter exhibit area for lectures and business meetings at the Jockey Club in S&atilde;o Paulo, at the Art Design Village. This initiative aims to further strengthen design as a competitive advantage for the furniture industry.<\/p>\n<p>Sal&atilde;o Design will be the highlight of this space, with the first exhibition of award-winning and finalist products out of Serra Ga&uacute;cha. Taking place in the center of the main Brazilian events focused on decoration, design and business, the award, which is already considered the largest of its kind in Latin America, gains more notoriety. The exhibition will showcase 64 products and the award ceremony will take place tonight &ndash; right after the international seminar &ldquo;The form follows the material&rdquo;, with lectures given by three important designers who research new materials for the furniture industry: Italian Clino Trini Castelli, Chilean Cristian Dom&iacute;nguez and Brazilian Brunno Jahara.<\/p>\n<p>Sponsored by Berneck, the Sal&atilde;o Design award has been held since 1988 totaling 12,058 products registered by students, professionals and manufacturing companies. Registrations for the 20th edition are open at www.salaodesign.com.br..<\/p>\n<p>&nbsp;<\/p>\n<p><strong>Design for export<\/strong><\/p>\n<p>In a partnership with the Brazilian Trade and Investment Promotion Agency (Apex-Brasil)&nbsp;and Sindm&oacute;veis, the Jockey Club S&atilde;o Paulo also hosts the first exhibition of Projeto Raiz pieces, aimed at the export of design service. This project resulted from the Design Challenge, an initiative developed over the past year with studios aimed to provide experience in developing products from the perspective of an American team. The initiative resulted in a collection that represents the diversity of the Brazilian designer furniture consisting of 44 products of 18 design studios &ndash; 21 of these products are part of the exhibition.<\/p>\n<p>Besides the exhibition of products, 18 design studios will also have the opportunity to present their work to American guests in business meetings held on August 12 and 13 during a special Buyer&rsquo;s Project &nbsp;<\/p>\n","protected":false},"excerpt":{"rendered":"<p>The program will be held in  a 500-square-meter exhibit area in the S\u00e3o Paulo Jockey Club featuring shows, seminar and business meetings.<\/p>\n","protected":false},"author":5,"featured_media":3471,"comment_status":"closed","ping_status":"open","sticky":false,"template":"","format":"standard","meta":{"footnotes":"","_links_to":"","_links_to_target":""},"categories":[2],"tags":[],"class_list":["post-1174","post","type-post","status-publish","format-standard","has-post-thumbnail","hentry","category-sindmoveis"],"yoast_head":"<!-- This site is optimized with the Yoast SEO plugin v27.0 - https:\/\/yoast.com\/product\/yoast-seo-wordpress\/ -->\n<title>S\u00e3o Paulo Design Weekend opens today with Sindm\u00f3veis attractions - Sindm\u00f3veis-RS<\/title>\n<meta name=\"robots\" content=\"index, follow, max-snippet:-1, max-image-preview:large, max-video-preview:-1\" \/>\n<link rel=\"canonical\" href=\"https:\/\/www.sindmoveis.com.br\/en\/sao-paulo-design-weekend-abre-hoje-com-atracoes-do-sindmoveis\/\" \/>\n<meta property=\"og:locale\" content=\"en_US\" \/>\n<meta property=\"og:type\" content=\"article\" \/>\n<meta property=\"og:title\" content=\"S\u00e3o Paulo Design Weekend opens today with Sindm\u00f3veis attractions - Sindm\u00f3veis-RS\" \/>\n<meta property=\"og:description\" content=\"The program will be held in a 500-square-meter exhibit area in the S\u00e3o Paulo Jockey Club featuring shows, seminar and business meetings.\" \/>\n<meta property=\"og:url\" content=\"https:\/\/www.sindmoveis.com.br\/en\/sao-paulo-design-weekend-abre-hoje-com-atracoes-do-sindmoveis\/\" \/>\n<meta property=\"og:site_name\" content=\"Sindm\u00f3veis-RS\" \/>\n<meta property=\"article:published_time\" content=\"2015-08-12T03:00:00+00:00\" \/>\n<meta property=\"article:modified_time\" content=\"2021-05-26T13:48:07+00:00\" \/>\n<meta property=\"og:image\" content=\"https:\/\/www.sindmoveis.com.br\/en\/wp-content\/uploads\/2021\/05\/p1439394801.jpg\" \/>\n\t<meta property=\"og:image:width\" content=\"1024\" \/>\n\t<meta property=\"og:image:height\" content=\"683\" \/>\n\t<meta property=\"og:image:type\" content=\"image\/jpeg\" \/>\n<meta name=\"author\" content=\"Imprensa Sindm\u00f3veis\" \/>\n<meta name=\"twitter:card\" content=\"summary_large_image\" \/>\n<meta name=\"twitter:label1\" content=\"Written by\" \/>\n\t<meta name=\"twitter:data1\" content=\"Imprensa Sindm\u00f3veis\" \/>\n\t<meta name=\"twitter:label2\" content=\"Est. reading time\" \/>\n\t<meta name=\"twitter:data2\" content=\"2 minutes\" \/>\n<script type=\"application\/ld+json\" class=\"yoast-schema-graph\">{\"@context\":\"https:\/\/schema.org\",\"@graph\":[{\"@type\":\"Article\",\"@id\":\"https:\/\/www.sindmoveis.com.br\/en\/sao-paulo-design-weekend-abre-hoje-com-atracoes-do-sindmoveis\/#article\",\"isPartOf\":{\"@id\":\"https:\/\/www.sindmoveis.com.br\/en\/sao-paulo-design-weekend-abre-hoje-com-atracoes-do-sindmoveis\/\"},\"author\":{\"name\":\"Imprensa Sindm\u00f3veis\",\"@id\":\"https:\/\/www.sindmoveis.com.br\/en\/#\/schema\/person\/16d379542db1950a17fe188179340d57\"},\"headline\":\"S\u00e3o Paulo Design Weekend opens today with Sindm\u00f3veis attractions\",\"datePublished\":\"2015-08-12T03:00:00+00:00\",\"dateModified\":\"2021-05-26T13:48:07+00:00\",\"mainEntityOfPage\":{\"@id\":\"https:\/\/www.sindmoveis.com.br\/en\/sao-paulo-design-weekend-abre-hoje-com-atracoes-do-sindmoveis\/\"},\"wordCount\":382,\"image\":{\"@id\":\"https:\/\/www.sindmoveis.com.br\/en\/sao-paulo-design-weekend-abre-hoje-com-atracoes-do-sindmoveis\/#primaryimage\"},\"thumbnailUrl\":\"https:\/\/www.sindmoveis.com.br\/en\/wp-content\/uploads\/2021\/05\/p1439394801.jpg\",\"articleSection\":[\"Sindm\u00f3veis\"],\"inLanguage\":\"en-US\"},{\"@type\":\"WebPage\",\"@id\":\"https:\/\/www.sindmoveis.com.br\/en\/sao-paulo-design-weekend-abre-hoje-com-atracoes-do-sindmoveis\/\",\"url\":\"https:\/\/www.sindmoveis.com.br\/en\/sao-paulo-design-weekend-abre-hoje-com-atracoes-do-sindmoveis\/\",\"name\":\"S\u00e3o Paulo Design Weekend opens today with Sindm\u00f3veis attractions - Sindm\u00f3veis-RS\",\"isPartOf\":{\"@id\":\"https:\/\/www.sindmoveis.com.br\/en\/#website\"},\"primaryImageOfPage\":{\"@id\":\"https:\/\/www.sindmoveis.com.br\/en\/sao-paulo-design-weekend-abre-hoje-com-atracoes-do-sindmoveis\/#primaryimage\"},\"image\":{\"@id\":\"https:\/\/www.sindmoveis.com.br\/en\/sao-paulo-design-weekend-abre-hoje-com-atracoes-do-sindmoveis\/#primaryimage\"},\"thumbnailUrl\":\"https:\/\/www.sindmoveis.com.br\/en\/wp-content\/uploads\/2021\/05\/p1439394801.jpg\",\"datePublished\":\"2015-08-12T03:00:00+00:00\",\"dateModified\":\"2021-05-26T13:48:07+00:00\",\"author\":{\"@id\":\"https:\/\/www.sindmoveis.com.br\/en\/#\/schema\/person\/16d379542db1950a17fe188179340d57\"},\"inLanguage\":\"en-US\",\"potentialAction\":[{\"@type\":\"ReadAction\",\"target\":[\"https:\/\/www.sindmoveis.com.br\/en\/sao-paulo-design-weekend-abre-hoje-com-atracoes-do-sindmoveis\/\"]}]},{\"@type\":\"ImageObject\",\"inLanguage\":\"en-US\",\"@id\":\"https:\/\/www.sindmoveis.com.br\/en\/sao-paulo-design-weekend-abre-hoje-com-atracoes-do-sindmoveis\/#primaryimage\",\"url\":\"https:\/\/www.sindmoveis.com.br\/en\/wp-content\/uploads\/2021\/05\/p1439394801.jpg\",\"contentUrl\":\"https:\/\/www.sindmoveis.com.br\/en\/wp-content\/uploads\/2021\/05\/p1439394801.jpg\",\"width\":1024,\"height\":683,\"caption\":\"Foto: Celina Germer\"},{\"@type\":\"WebSite\",\"@id\":\"https:\/\/www.sindmoveis.com.br\/en\/#website\",\"url\":\"https:\/\/www.sindmoveis.com.br\/en\/\",\"name\":\"Sindm\u00f3veis-RS\",\"description\":\"\",\"potentialAction\":[{\"@type\":\"SearchAction\",\"target\":{\"@type\":\"EntryPoint\",\"urlTemplate\":\"https:\/\/www.sindmoveis.com.br\/en\/?s={search_term_string}\"},\"query-input\":{\"@type\":\"PropertyValueSpecification\",\"valueRequired\":true,\"valueName\":\"search_term_string\"}}],\"inLanguage\":\"en-US\"},{\"@type\":\"Person\",\"@id\":\"https:\/\/www.sindmoveis.com.br\/en\/#\/schema\/person\/16d379542db1950a17fe188179340d57\",\"name\":\"Imprensa Sindm\u00f3veis\",\"image\":{\"@type\":\"ImageObject\",\"inLanguage\":\"en-US\",\"@id\":\"https:\/\/www.sindmoveis.com.br\/en\/#\/schema\/person\/image\/\",\"url\":\"https:\/\/secure.gravatar.com\/avatar\/4973e2e2c2a0cb5db30b0c7b770041b8e33d048a16b695a1f99c042449d4bfaf?s=96&d=mm&r=g\",\"contentUrl\":\"https:\/\/secure.gravatar.com\/avatar\/4973e2e2c2a0cb5db30b0c7b770041b8e33d048a16b695a1f99c042449d4bfaf?s=96&d=mm&r=g\",\"caption\":\"Imprensa Sindm\u00f3veis\"},\"url\":\"https:\/\/www.sindmoveis.com.br\/en\/author\/ana\/\"}]}<\/script>\n<!-- \/ Yoast SEO plugin. -->","yoast_head_json":{"title":"S\u00e3o Paulo Design Weekend opens today with Sindm\u00f3veis attractions - Sindm\u00f3veis-RS","robots":{"index":"index","follow":"follow","max-snippet":"max-snippet:-1","max-image-preview":"max-image-preview:large","max-video-preview":"max-video-preview:-1"},"canonical":"https:\/\/www.sindmoveis.com.br\/en\/sao-paulo-design-weekend-abre-hoje-com-atracoes-do-sindmoveis\/","og_locale":"en_US","og_type":"article","og_title":"S\u00e3o Paulo Design Weekend opens today with Sindm\u00f3veis attractions - Sindm\u00f3veis-RS","og_description":"The program will be held in a 500-square-meter exhibit area in the S\u00e3o Paulo Jockey Club featuring shows, seminar and business meetings.","og_url":"https:\/\/www.sindmoveis.com.br\/en\/sao-paulo-design-weekend-abre-hoje-com-atracoes-do-sindmoveis\/","og_site_name":"Sindm\u00f3veis-RS","article_published_time":"2015-08-12T03:00:00+00:00","article_modified_time":"2021-05-26T13:48:07+00:00","og_image":[{"width":1024,"height":683,"url":"https:\/\/www.sindmoveis.com.br\/en\/wp-content\/uploads\/2021\/05\/p1439394801.jpg","type":"image\/jpeg"}],"author":"Imprensa Sindm\u00f3veis","twitter_card":"summary_large_image","twitter_misc":{"Written by":"Imprensa Sindm\u00f3veis","Est. reading time":"2 minutes"},"schema":{"@context":"https:\/\/schema.org","@graph":[{"@type":"Article","@id":"https:\/\/www.sindmoveis.com.br\/en\/sao-paulo-design-weekend-abre-hoje-com-atracoes-do-sindmoveis\/#article","isPartOf":{"@id":"https:\/\/www.sindmoveis.com.br\/en\/sao-paulo-design-weekend-abre-hoje-com-atracoes-do-sindmoveis\/"},"author":{"name":"Imprensa Sindm\u00f3veis","@id":"https:\/\/www.sindmoveis.com.br\/en\/#\/schema\/person\/16d379542db1950a17fe188179340d57"},"headline":"S\u00e3o Paulo Design Weekend opens today with Sindm\u00f3veis attractions","datePublished":"2015-08-12T03:00:00+00:00","dateModified":"2021-05-26T13:48:07+00:00","mainEntityOfPage":{"@id":"https:\/\/www.sindmoveis.com.br\/en\/sao-paulo-design-weekend-abre-hoje-com-atracoes-do-sindmoveis\/"},"wordCount":382,"image":{"@id":"https:\/\/www.sindmoveis.com.br\/en\/sao-paulo-design-weekend-abre-hoje-com-atracoes-do-sindmoveis\/#primaryimage"},"thumbnailUrl":"https:\/\/www.sindmoveis.com.br\/en\/wp-content\/uploads\/2021\/05\/p1439394801.jpg","articleSection":["Sindm\u00f3veis"],"inLanguage":"en-US"},{"@type":"WebPage","@id":"https:\/\/www.sindmoveis.com.br\/en\/sao-paulo-design-weekend-abre-hoje-com-atracoes-do-sindmoveis\/","url":"https:\/\/www.sindmoveis.com.br\/en\/sao-paulo-design-weekend-abre-hoje-com-atracoes-do-sindmoveis\/","name":"S\u00e3o Paulo Design Weekend opens today with Sindm\u00f3veis attractions - Sindm\u00f3veis-RS","isPartOf":{"@id":"https:\/\/www.sindmoveis.com.br\/en\/#website"},"primaryImageOfPage":{"@id":"https:\/\/www.sindmoveis.com.br\/en\/sao-paulo-design-weekend-abre-hoje-com-atracoes-do-sindmoveis\/#primaryimage"},"image":{"@id":"https:\/\/www.sindmoveis.com.br\/en\/sao-paulo-design-weekend-abre-hoje-com-atracoes-do-sindmoveis\/#primaryimage"},"thumbnailUrl":"https:\/\/www.sindmoveis.com.br\/en\/wp-content\/uploads\/2021\/05\/p1439394801.jpg","datePublished":"2015-08-12T03:00:00+00:00","dateModified":"2021-05-26T13:48:07+00:00","author":{"@id":"https:\/\/www.sindmoveis.com.br\/en\/#\/schema\/person\/16d379542db1950a17fe188179340d57"},"inLanguage":"en-US","potentialAction":[{"@type":"ReadAction","target":["https:\/\/www.sindmoveis.com.br\/en\/sao-paulo-design-weekend-abre-hoje-com-atracoes-do-sindmoveis\/"]}]},{"@type":"ImageObject","inLanguage":"en-US","@id":"https:\/\/www.sindmoveis.com.br\/en\/sao-paulo-design-weekend-abre-hoje-com-atracoes-do-sindmoveis\/#primaryimage","url":"https:\/\/www.sindmoveis.com.br\/en\/wp-content\/uploads\/2021\/05\/p1439394801.jpg","contentUrl":"https:\/\/www.sindmoveis.com.br\/en\/wp-content\/uploads\/2021\/05\/p1439394801.jpg","width":1024,"height":683,"caption":"Foto: Celina Germer"},{"@type":"WebSite","@id":"https:\/\/www.sindmoveis.com.br\/en\/#website","url":"https:\/\/www.sindmoveis.com.br\/en\/","name":"Sindm\u00f3veis-RS","description":"","potentialAction":[{"@type":"SearchAction","target":{"@type":"EntryPoint","urlTemplate":"https:\/\/www.sindmoveis.com.br\/en\/?s={search_term_string}"},"query-input":{"@type":"PropertyValueSpecification","valueRequired":true,"valueName":"search_term_string"}}],"inLanguage":"en-US"},{"@type":"Person","@id":"https:\/\/www.sindmoveis.com.br\/en\/#\/schema\/person\/16d379542db1950a17fe188179340d57","name":"Imprensa Sindm\u00f3veis","image":{"@type":"ImageObject","inLanguage":"en-US","@id":"https:\/\/www.sindmoveis.com.br\/en\/#\/schema\/person\/image\/","url":"https:\/\/secure.gravatar.com\/avatar\/4973e2e2c2a0cb5db30b0c7b770041b8e33d048a16b695a1f99c042449d4bfaf?s=96&d=mm&r=g","contentUrl":"https:\/\/secure.gravatar.com\/avatar\/4973e2e2c2a0cb5db30b0c7b770041b8e33d048a16b695a1f99c042449d4bfaf?s=96&d=mm&r=g","caption":"Imprensa Sindm\u00f3veis"},"url":"https:\/\/www.sindmoveis.com.br\/en\/author\/ana\/"}]}},"_links":{"self":[{"href":"https:\/\/www.sindmoveis.com.br\/en\/wp-json\/wp\/v2\/posts\/1174","targetHints":{"allow":["GET"]}}],"collection":[{"href":"https:\/\/www.sindmoveis.com.br\/en\/wp-json\/wp\/v2\/posts"}],"about":[{"href":"https:\/\/www.sindmoveis.com.br\/en\/wp-json\/wp\/v2\/types\/post"}],"author":[{"embeddable":true,"href":"https:\/\/www.sindmoveis.com.br\/en\/wp-json\/wp\/v2\/users\/5"}],"replies":[{"embeddable":true,"href":"https:\/\/www.sindmoveis.com.br\/en\/wp-json\/wp\/v2\/comments?post=1174"}],"version-history":[{"count":2,"href":"https:\/\/www.sindmoveis.com.br\/en\/wp-json\/wp\/v2\/posts\/1174\/revisions"}],"predecessor-version":[{"id":3470,"href":"https:\/\/www.sindmoveis.com.br\/en\/wp-json\/wp\/v2\/posts\/1174\/revisions\/3470"}],"wp:featuredmedia":[{"embeddable":true,"href":"https:\/\/www.sindmoveis.com.br\/en\/wp-json\/wp\/v2\/media\/3471"}],"wp:attachment":[{"href":"https:\/\/www.sindmoveis.com.br\/en\/wp-json\/wp\/v2\/media?parent=1174"}],"wp:term":[{"taxonomy":"category","embeddable":true,"href":"https:\/\/www.sindmoveis.com.br\/en\/wp-json\/wp\/v2\/categories?post=1174"},{"taxonomy":"post_tag","embeddable":true,"href":"https:\/\/www.sindmoveis.com.br\/en\/wp-json\/wp\/v2\/tags?post=1174"}],"curies":[{"name":"wp","href":"https:\/\/api.w.org\/{rel}","templated":true}]}}