{"id":1159,"date":"2015-06-23T00:00:00","date_gmt":"2015-06-23T03:00:00","guid":{"rendered":"http:\/\/sindmoveis.com.br\/imprensa\/noticias\/premio-salao-design-tera-mostra-no-jockey-club-sao-paulo\/"},"modified":"2021-05-26T10:48:00","modified_gmt":"2021-05-26T13:48:00","slug":"premio-salao-design-tera-mostra-no-jockey-club-sao-paulo","status":"publish","type":"post","link":"https:\/\/www.sindmoveis.com.br\/en\/premio-salao-design-tera-mostra-no-jockey-club-sao-paulo\/","title":{"rendered":"Sal\u00e3o Design Award exhibition at Jockey Club S\u00e3o Paulo"},"content":{"rendered":"<p>A show of the awarded entries and other selected products of the 2015 Sal&atilde;o Design &nbsp;Award will be held from August 12 to 16 at Jockey Club S&atilde;o Paulo, concurrent with the DW! S&atilde;o Paulo Design Weekend program. Sponsored by Berneck, the award competition has been organized by Sindm&oacute;veis Bento Gon&ccedil;alves since 1988.<\/p>\n<p>The event will also see the award ceremony and the launch of Casa Brasil 2016, which will be held yearly in S&atilde;o Paulo capital city as of next year. During DW! the city of S&atilde;o Paulo is home to hundreds of events dedicated to design culture, including courses, lectures, exhibitions, installations, experiments, circuits and fairs. Jockey Club S&atilde;o Paulo is located in avenida Lineu de Paula Machado, 1263, bairro Cidade Jardim.<\/p>\n","protected":false},"excerpt":{"rendered":"<p>Exhibition of award winners and other selected products will be held during DW! S\u00e3o Paulo Design Weekend 2015<\/p>\n","protected":false},"author":5,"featured_media":3453,"comment_status":"closed","ping_status":"open","sticky":false,"template":"","format":"standard","meta":{"footnotes":"","_links_to":"","_links_to_target":""},"categories":[21,2],"tags":[],"class_list":["post-1159","post","type-post","status-publish","format-standard","has-post-thumbnail","hentry","category-salao-design-award","category-sindmoveis"],"yoast_head":"<!-- This site is optimized with the Yoast SEO plugin v27.0 - https:\/\/yoast.com\/product\/yoast-seo-wordpress\/ -->\n<title>Sal\u00e3o Design Award exhibition at Jockey Club S\u00e3o Paulo - Sindm\u00f3veis-RS<\/title>\n<meta name=\"robots\" content=\"index, follow, max-snippet:-1, max-image-preview:large, max-video-preview:-1\" \/>\n<link rel=\"canonical\" href=\"https:\/\/www.sindmoveis.com.br\/en\/premio-salao-design-tera-mostra-no-jockey-club-sao-paulo\/\" \/>\n<meta property=\"og:locale\" content=\"en_US\" \/>\n<meta property=\"og:type\" content=\"article\" \/>\n<meta property=\"og:title\" content=\"Sal\u00e3o Design Award exhibition at Jockey Club S\u00e3o Paulo - Sindm\u00f3veis-RS\" \/>\n<meta property=\"og:description\" content=\"Exhibition of award winners and other selected products will be held during DW! S\u00e3o Paulo Design Weekend 2015\" \/>\n<meta property=\"og:url\" content=\"https:\/\/www.sindmoveis.com.br\/en\/premio-salao-design-tera-mostra-no-jockey-club-sao-paulo\/\" \/>\n<meta property=\"og:site_name\" content=\"Sindm\u00f3veis-RS\" \/>\n<meta property=\"article:published_time\" content=\"2015-06-23T03:00:00+00:00\" \/>\n<meta property=\"article:modified_time\" content=\"2021-05-26T13:48:00+00:00\" \/>\n<meta property=\"og:image\" content=\"https:\/\/www.sindmoveis.com.br\/en\/wp-content\/uploads\/2021\/05\/p1435083475.jpg\" \/>\n\t<meta property=\"og:image:width\" content=\"1181\" \/>\n\t<meta property=\"og:image:height\" content=\"591\" \/>\n\t<meta property=\"og:image:type\" content=\"image\/jpeg\" \/>\n<meta name=\"author\" content=\"Imprensa Sindm\u00f3veis\" \/>\n<meta name=\"twitter:card\" content=\"summary_large_image\" \/>\n<meta name=\"twitter:label1\" content=\"Written by\" \/>\n\t<meta name=\"twitter:data1\" content=\"Imprensa Sindm\u00f3veis\" \/>\n\t<meta name=\"twitter:label2\" content=\"Est. reading time\" \/>\n\t<meta name=\"twitter:data2\" content=\"1 minute\" \/>\n<script type=\"application\/ld+json\" class=\"yoast-schema-graph\">{\"@context\":\"https:\/\/schema.org\",\"@graph\":[{\"@type\":\"Article\",\"@id\":\"https:\/\/www.sindmoveis.com.br\/en\/premio-salao-design-tera-mostra-no-jockey-club-sao-paulo\/#article\",\"isPartOf\":{\"@id\":\"https:\/\/www.sindmoveis.com.br\/en\/premio-salao-design-tera-mostra-no-jockey-club-sao-paulo\/\"},\"author\":{\"name\":\"Imprensa Sindm\u00f3veis\",\"@id\":\"https:\/\/www.sindmoveis.com.br\/en\/#\/schema\/person\/16d379542db1950a17fe188179340d57\"},\"headline\":\"Sal\u00e3o Design Award exhibition at Jockey Club S\u00e3o Paulo\",\"datePublished\":\"2015-06-23T03:00:00+00:00\",\"dateModified\":\"2021-05-26T13:48:00+00:00\",\"mainEntityOfPage\":{\"@id\":\"https:\/\/www.sindmoveis.com.br\/en\/premio-salao-design-tera-mostra-no-jockey-club-sao-paulo\/\"},\"wordCount\":146,\"image\":{\"@id\":\"https:\/\/www.sindmoveis.com.br\/en\/premio-salao-design-tera-mostra-no-jockey-club-sao-paulo\/#primaryimage\"},\"thumbnailUrl\":\"https:\/\/www.sindmoveis.com.br\/en\/wp-content\/uploads\/2021\/05\/p1435083475.jpg\",\"articleSection\":[\"Sal\u00e3o Design Award\",\"Sindm\u00f3veis\"],\"inLanguage\":\"en-US\"},{\"@type\":\"WebPage\",\"@id\":\"https:\/\/www.sindmoveis.com.br\/en\/premio-salao-design-tera-mostra-no-jockey-club-sao-paulo\/\",\"url\":\"https:\/\/www.sindmoveis.com.br\/en\/premio-salao-design-tera-mostra-no-jockey-club-sao-paulo\/\",\"name\":\"Sal\u00e3o Design Award exhibition at Jockey Club S\u00e3o Paulo - Sindm\u00f3veis-RS\",\"isPartOf\":{\"@id\":\"https:\/\/www.sindmoveis.com.br\/en\/#website\"},\"primaryImageOfPage\":{\"@id\":\"https:\/\/www.sindmoveis.com.br\/en\/premio-salao-design-tera-mostra-no-jockey-club-sao-paulo\/#primaryimage\"},\"image\":{\"@id\":\"https:\/\/www.sindmoveis.com.br\/en\/premio-salao-design-tera-mostra-no-jockey-club-sao-paulo\/#primaryimage\"},\"thumbnailUrl\":\"https:\/\/www.sindmoveis.com.br\/en\/wp-content\/uploads\/2021\/05\/p1435083475.jpg\",\"datePublished\":\"2015-06-23T03:00:00+00:00\",\"dateModified\":\"2021-05-26T13:48:00+00:00\",\"author\":{\"@id\":\"https:\/\/www.sindmoveis.com.br\/en\/#\/schema\/person\/16d379542db1950a17fe188179340d57\"},\"inLanguage\":\"en-US\",\"potentialAction\":[{\"@type\":\"ReadAction\",\"target\":[\"https:\/\/www.sindmoveis.com.br\/en\/premio-salao-design-tera-mostra-no-jockey-club-sao-paulo\/\"]}]},{\"@type\":\"ImageObject\",\"inLanguage\":\"en-US\",\"@id\":\"https:\/\/www.sindmoveis.com.br\/en\/premio-salao-design-tera-mostra-no-jockey-club-sao-paulo\/#primaryimage\",\"url\":\"https:\/\/www.sindmoveis.com.br\/en\/wp-content\/uploads\/2021\/05\/p1435083475.jpg\",\"contentUrl\":\"https:\/\/www.sindmoveis.com.br\/en\/wp-content\/uploads\/2021\/05\/p1435083475.jpg\",\"width\":1181,\"height\":591,\"caption\":\"Produto premiado na modalidade Ind\u00fastria\"},{\"@type\":\"WebSite\",\"@id\":\"https:\/\/www.sindmoveis.com.br\/en\/#website\",\"url\":\"https:\/\/www.sindmoveis.com.br\/en\/\",\"name\":\"Sindm\u00f3veis-RS\",\"description\":\"\",\"potentialAction\":[{\"@type\":\"SearchAction\",\"target\":{\"@type\":\"EntryPoint\",\"urlTemplate\":\"https:\/\/www.sindmoveis.com.br\/en\/?s={search_term_string}\"},\"query-input\":{\"@type\":\"PropertyValueSpecification\",\"valueRequired\":true,\"valueName\":\"search_term_string\"}}],\"inLanguage\":\"en-US\"},{\"@type\":\"Person\",\"@id\":\"https:\/\/www.sindmoveis.com.br\/en\/#\/schema\/person\/16d379542db1950a17fe188179340d57\",\"name\":\"Imprensa Sindm\u00f3veis\",\"image\":{\"@type\":\"ImageObject\",\"inLanguage\":\"en-US\",\"@id\":\"https:\/\/www.sindmoveis.com.br\/en\/#\/schema\/person\/image\/\",\"url\":\"https:\/\/secure.gravatar.com\/avatar\/4973e2e2c2a0cb5db30b0c7b770041b8e33d048a16b695a1f99c042449d4bfaf?s=96&d=mm&r=g\",\"contentUrl\":\"https:\/\/secure.gravatar.com\/avatar\/4973e2e2c2a0cb5db30b0c7b770041b8e33d048a16b695a1f99c042449d4bfaf?s=96&d=mm&r=g\",\"caption\":\"Imprensa Sindm\u00f3veis\"},\"url\":\"https:\/\/www.sindmoveis.com.br\/en\/author\/ana\/\"}]}<\/script>\n<!-- \/ Yoast SEO plugin. -->","yoast_head_json":{"title":"Sal\u00e3o Design Award exhibition at Jockey Club S\u00e3o Paulo - Sindm\u00f3veis-RS","robots":{"index":"index","follow":"follow","max-snippet":"max-snippet:-1","max-image-preview":"max-image-preview:large","max-video-preview":"max-video-preview:-1"},"canonical":"https:\/\/www.sindmoveis.com.br\/en\/premio-salao-design-tera-mostra-no-jockey-club-sao-paulo\/","og_locale":"en_US","og_type":"article","og_title":"Sal\u00e3o Design Award exhibition at Jockey Club S\u00e3o Paulo - Sindm\u00f3veis-RS","og_description":"Exhibition of award winners and other selected products will be held during DW! S\u00e3o Paulo Design Weekend 2015","og_url":"https:\/\/www.sindmoveis.com.br\/en\/premio-salao-design-tera-mostra-no-jockey-club-sao-paulo\/","og_site_name":"Sindm\u00f3veis-RS","article_published_time":"2015-06-23T03:00:00+00:00","article_modified_time":"2021-05-26T13:48:00+00:00","og_image":[{"width":1181,"height":591,"url":"https:\/\/www.sindmoveis.com.br\/en\/wp-content\/uploads\/2021\/05\/p1435083475.jpg","type":"image\/jpeg"}],"author":"Imprensa Sindm\u00f3veis","twitter_card":"summary_large_image","twitter_misc":{"Written by":"Imprensa Sindm\u00f3veis","Est. reading time":"1 minute"},"schema":{"@context":"https:\/\/schema.org","@graph":[{"@type":"Article","@id":"https:\/\/www.sindmoveis.com.br\/en\/premio-salao-design-tera-mostra-no-jockey-club-sao-paulo\/#article","isPartOf":{"@id":"https:\/\/www.sindmoveis.com.br\/en\/premio-salao-design-tera-mostra-no-jockey-club-sao-paulo\/"},"author":{"name":"Imprensa Sindm\u00f3veis","@id":"https:\/\/www.sindmoveis.com.br\/en\/#\/schema\/person\/16d379542db1950a17fe188179340d57"},"headline":"Sal\u00e3o Design Award exhibition at Jockey Club S\u00e3o Paulo","datePublished":"2015-06-23T03:00:00+00:00","dateModified":"2021-05-26T13:48:00+00:00","mainEntityOfPage":{"@id":"https:\/\/www.sindmoveis.com.br\/en\/premio-salao-design-tera-mostra-no-jockey-club-sao-paulo\/"},"wordCount":146,"image":{"@id":"https:\/\/www.sindmoveis.com.br\/en\/premio-salao-design-tera-mostra-no-jockey-club-sao-paulo\/#primaryimage"},"thumbnailUrl":"https:\/\/www.sindmoveis.com.br\/en\/wp-content\/uploads\/2021\/05\/p1435083475.jpg","articleSection":["Sal\u00e3o Design Award","Sindm\u00f3veis"],"inLanguage":"en-US"},{"@type":"WebPage","@id":"https:\/\/www.sindmoveis.com.br\/en\/premio-salao-design-tera-mostra-no-jockey-club-sao-paulo\/","url":"https:\/\/www.sindmoveis.com.br\/en\/premio-salao-design-tera-mostra-no-jockey-club-sao-paulo\/","name":"Sal\u00e3o Design Award exhibition at Jockey Club S\u00e3o Paulo - Sindm\u00f3veis-RS","isPartOf":{"@id":"https:\/\/www.sindmoveis.com.br\/en\/#website"},"primaryImageOfPage":{"@id":"https:\/\/www.sindmoveis.com.br\/en\/premio-salao-design-tera-mostra-no-jockey-club-sao-paulo\/#primaryimage"},"image":{"@id":"https:\/\/www.sindmoveis.com.br\/en\/premio-salao-design-tera-mostra-no-jockey-club-sao-paulo\/#primaryimage"},"thumbnailUrl":"https:\/\/www.sindmoveis.com.br\/en\/wp-content\/uploads\/2021\/05\/p1435083475.jpg","datePublished":"2015-06-23T03:00:00+00:00","dateModified":"2021-05-26T13:48:00+00:00","author":{"@id":"https:\/\/www.sindmoveis.com.br\/en\/#\/schema\/person\/16d379542db1950a17fe188179340d57"},"inLanguage":"en-US","potentialAction":[{"@type":"ReadAction","target":["https:\/\/www.sindmoveis.com.br\/en\/premio-salao-design-tera-mostra-no-jockey-club-sao-paulo\/"]}]},{"@type":"ImageObject","inLanguage":"en-US","@id":"https:\/\/www.sindmoveis.com.br\/en\/premio-salao-design-tera-mostra-no-jockey-club-sao-paulo\/#primaryimage","url":"https:\/\/www.sindmoveis.com.br\/en\/wp-content\/uploads\/2021\/05\/p1435083475.jpg","contentUrl":"https:\/\/www.sindmoveis.com.br\/en\/wp-content\/uploads\/2021\/05\/p1435083475.jpg","width":1181,"height":591,"caption":"Produto premiado na modalidade Ind\u00fastria"},{"@type":"WebSite","@id":"https:\/\/www.sindmoveis.com.br\/en\/#website","url":"https:\/\/www.sindmoveis.com.br\/en\/","name":"Sindm\u00f3veis-RS","description":"","potentialAction":[{"@type":"SearchAction","target":{"@type":"EntryPoint","urlTemplate":"https:\/\/www.sindmoveis.com.br\/en\/?s={search_term_string}"},"query-input":{"@type":"PropertyValueSpecification","valueRequired":true,"valueName":"search_term_string"}}],"inLanguage":"en-US"},{"@type":"Person","@id":"https:\/\/www.sindmoveis.com.br\/en\/#\/schema\/person\/16d379542db1950a17fe188179340d57","name":"Imprensa Sindm\u00f3veis","image":{"@type":"ImageObject","inLanguage":"en-US","@id":"https:\/\/www.sindmoveis.com.br\/en\/#\/schema\/person\/image\/","url":"https:\/\/secure.gravatar.com\/avatar\/4973e2e2c2a0cb5db30b0c7b770041b8e33d048a16b695a1f99c042449d4bfaf?s=96&d=mm&r=g","contentUrl":"https:\/\/secure.gravatar.com\/avatar\/4973e2e2c2a0cb5db30b0c7b770041b8e33d048a16b695a1f99c042449d4bfaf?s=96&d=mm&r=g","caption":"Imprensa Sindm\u00f3veis"},"url":"https:\/\/www.sindmoveis.com.br\/en\/author\/ana\/"}]}},"_links":{"self":[{"href":"https:\/\/www.sindmoveis.com.br\/en\/wp-json\/wp\/v2\/posts\/1159","targetHints":{"allow":["GET"]}}],"collection":[{"href":"https:\/\/www.sindmoveis.com.br\/en\/wp-json\/wp\/v2\/posts"}],"about":[{"href":"https:\/\/www.sindmoveis.com.br\/en\/wp-json\/wp\/v2\/types\/post"}],"author":[{"embeddable":true,"href":"https:\/\/www.sindmoveis.com.br\/en\/wp-json\/wp\/v2\/users\/5"}],"replies":[{"embeddable":true,"href":"https:\/\/www.sindmoveis.com.br\/en\/wp-json\/wp\/v2\/comments?post=1159"}],"version-history":[{"count":2,"href":"https:\/\/www.sindmoveis.com.br\/en\/wp-json\/wp\/v2\/posts\/1159\/revisions"}],"predecessor-version":[{"id":3452,"href":"https:\/\/www.sindmoveis.com.br\/en\/wp-json\/wp\/v2\/posts\/1159\/revisions\/3452"}],"wp:featuredmedia":[{"embeddable":true,"href":"https:\/\/www.sindmoveis.com.br\/en\/wp-json\/wp\/v2\/media\/3453"}],"wp:attachment":[{"href":"https:\/\/www.sindmoveis.com.br\/en\/wp-json\/wp\/v2\/media?parent=1159"}],"wp:term":[{"taxonomy":"category","embeddable":true,"href":"https:\/\/www.sindmoveis.com.br\/en\/wp-json\/wp\/v2\/categories?post=1159"},{"taxonomy":"post_tag","embeddable":true,"href":"https:\/\/www.sindmoveis.com.br\/en\/wp-json\/wp\/v2\/tags?post=1159"}],"curies":[{"name":"wp","href":"https:\/\/api.w.org\/{rel}","templated":true}]}}