{"id":1156,"date":"2015-06-22T00:00:00","date_gmt":"2015-06-22T03:00:00","guid":{"rendered":"http:\/\/sindmoveis.com.br\/imprensa\/noticias\/projeto-orchestra-brasil-leva-fabricantes-brasileiras-a-fitecma-2015\/"},"modified":"2021-05-26T10:47:59","modified_gmt":"2021-05-26T13:47:59","slug":"projeto-orchestra-brasil-leva-fabricantes-brasileiras-a-fitecma-2015","status":"publish","type":"post","link":"https:\/\/www.sindmoveis.com.br\/en\/projeto-orchestra-brasil-leva-fabricantes-brasileiras-a-fitecma-2015\/","title":{"rendered":"The Orchestra Brasil Project takes Brazilian manufacturers to Fitecma"},"content":{"rendered":"<p>Taking part in The International Fair of Wood and Technology (Fitecma) is an initiative carried out by the Orchestra Brasil Project this year to maintain trade relations with Argentina. Brasmacol, Crippa M&aacute;quinas, Lamiecco, Renner Sayerlack and Tecbril will exhibit their new products in a collective 70-m&sup2; booth that the project will have at the fair, held from 23 to 27 June at the Centro Costa Salguero in Buenos Aires. Orchestra Brasil is the project developed by the Brazilian Trade and Investment Promotion Agency (Apex-Brasil) and Sindm&oacute;veis Bento Gon&ccedil;alves to promote the exports of suppliers to the furniture industry.<\/p>\n<p>Despite the continued ban on imports and restrictions on foreign trade, added to the economic stagnation in the country, Argentina is still the third largest Brazilian trade partner and, after the United States, it is the major buyer of Brazilian manufactured products. Regarding the companies participating in the Orchestra Brasil Project, Argentina was the second largest importer in 2014. The loss of relevance of the country in terms of exports of suppliers to the furniture industry began in 2013, with a decrease of 14.3% in sales to the neighboring country. Last year, exports to Argentina fell by 20.9%.<\/p>\n<p>Taking part in Fitecma is considered strategic for member companies of the project, which take advantage of the fair to prospect new distributors and customers in Argentina and the surrounding area. Orchestra Brasil, a sector-based project, promotes the inclusion of suppliers to the woodworking industry and the sustainable entry of Brazilian design into the international market. To achieve this goal it organizes market research, missions to prospect markets, individual actions, Buyer&rsquo;s Projects, Seller&rsquo;s Projects and Image Projects, in addition to taking part in major world trade fairs. Currently, Orchestra Brasil comprises 74 companies and 50 design studios.<\/p>\n","protected":false},"excerpt":{"rendered":"<p>Argentina was the second largest importer from the member companies of the project in 2014<\/p>\n","protected":false},"author":5,"featured_media":3451,"comment_status":"closed","ping_status":"open","sticky":false,"template":"","format":"standard","meta":{"footnotes":"","_links_to":"","_links_to_target":""},"categories":[22,2],"tags":[],"class_list":["post-1156","post","type-post","status-publish","format-standard","has-post-thumbnail","hentry","category-orchestra-brasil-projeto","category-sindmoveis"],"yoast_head":"<!-- This site is optimized with the Yoast SEO plugin v27.0 - https:\/\/yoast.com\/product\/yoast-seo-wordpress\/ -->\n<title>The Orchestra Brasil Project takes Brazilian manufacturers to Fitecma - Sindm\u00f3veis-RS<\/title>\n<meta name=\"robots\" content=\"index, follow, max-snippet:-1, max-image-preview:large, max-video-preview:-1\" \/>\n<link rel=\"canonical\" href=\"https:\/\/www.sindmoveis.com.br\/en\/projeto-orchestra-brasil-leva-fabricantes-brasileiras-a-fitecma-2015\/\" \/>\n<meta property=\"og:locale\" content=\"en_US\" \/>\n<meta property=\"og:type\" content=\"article\" \/>\n<meta property=\"og:title\" content=\"The Orchestra Brasil Project takes Brazilian manufacturers to Fitecma - Sindm\u00f3veis-RS\" \/>\n<meta property=\"og:description\" content=\"Argentina was the second largest importer from the member companies of the project in 2014\" \/>\n<meta property=\"og:url\" content=\"https:\/\/www.sindmoveis.com.br\/en\/projeto-orchestra-brasil-leva-fabricantes-brasileiras-a-fitecma-2015\/\" \/>\n<meta property=\"og:site_name\" content=\"Sindm\u00f3veis-RS\" \/>\n<meta property=\"article:published_time\" content=\"2015-06-22T03:00:00+00:00\" \/>\n<meta property=\"article:modified_time\" content=\"2021-05-26T13:47:59+00:00\" \/>\n<meta property=\"og:image\" content=\"https:\/\/www.sindmoveis.com.br\/en\/wp-content\/uploads\/2021\/05\/p1434995165.jpg\" \/>\n\t<meta property=\"og:image:width\" content=\"1280\" \/>\n\t<meta property=\"og:image:height\" content=\"960\" \/>\n\t<meta property=\"og:image:type\" content=\"image\/jpeg\" \/>\n<meta name=\"author\" content=\"Imprensa Sindm\u00f3veis\" \/>\n<meta name=\"twitter:card\" content=\"summary_large_image\" \/>\n<meta name=\"twitter:label1\" content=\"Written by\" \/>\n\t<meta name=\"twitter:data1\" content=\"Imprensa Sindm\u00f3veis\" \/>\n\t<meta name=\"twitter:label2\" content=\"Est. reading time\" \/>\n\t<meta name=\"twitter:data2\" content=\"1 minute\" \/>\n<script type=\"application\/ld+json\" class=\"yoast-schema-graph\">{\"@context\":\"https:\/\/schema.org\",\"@graph\":[{\"@type\":\"Article\",\"@id\":\"https:\/\/www.sindmoveis.com.br\/en\/projeto-orchestra-brasil-leva-fabricantes-brasileiras-a-fitecma-2015\/#article\",\"isPartOf\":{\"@id\":\"https:\/\/www.sindmoveis.com.br\/en\/projeto-orchestra-brasil-leva-fabricantes-brasileiras-a-fitecma-2015\/\"},\"author\":{\"name\":\"Imprensa Sindm\u00f3veis\",\"@id\":\"https:\/\/www.sindmoveis.com.br\/en\/#\/schema\/person\/16d379542db1950a17fe188179340d57\"},\"headline\":\"The Orchestra Brasil Project takes Brazilian manufacturers to Fitecma\",\"datePublished\":\"2015-06-22T03:00:00+00:00\",\"dateModified\":\"2021-05-26T13:47:59+00:00\",\"mainEntityOfPage\":{\"@id\":\"https:\/\/www.sindmoveis.com.br\/en\/projeto-orchestra-brasil-leva-fabricantes-brasileiras-a-fitecma-2015\/\"},\"wordCount\":305,\"image\":{\"@id\":\"https:\/\/www.sindmoveis.com.br\/en\/projeto-orchestra-brasil-leva-fabricantes-brasileiras-a-fitecma-2015\/#primaryimage\"},\"thumbnailUrl\":\"https:\/\/www.sindmoveis.com.br\/en\/wp-content\/uploads\/2021\/05\/p1434995165.jpg\",\"articleSection\":[\"Orchestra Brasil Project\",\"Sindm\u00f3veis\"],\"inLanguage\":\"en-US\"},{\"@type\":\"WebPage\",\"@id\":\"https:\/\/www.sindmoveis.com.br\/en\/projeto-orchestra-brasil-leva-fabricantes-brasileiras-a-fitecma-2015\/\",\"url\":\"https:\/\/www.sindmoveis.com.br\/en\/projeto-orchestra-brasil-leva-fabricantes-brasileiras-a-fitecma-2015\/\",\"name\":\"The Orchestra Brasil Project takes Brazilian manufacturers to Fitecma - Sindm\u00f3veis-RS\",\"isPartOf\":{\"@id\":\"https:\/\/www.sindmoveis.com.br\/en\/#website\"},\"primaryImageOfPage\":{\"@id\":\"https:\/\/www.sindmoveis.com.br\/en\/projeto-orchestra-brasil-leva-fabricantes-brasileiras-a-fitecma-2015\/#primaryimage\"},\"image\":{\"@id\":\"https:\/\/www.sindmoveis.com.br\/en\/projeto-orchestra-brasil-leva-fabricantes-brasileiras-a-fitecma-2015\/#primaryimage\"},\"thumbnailUrl\":\"https:\/\/www.sindmoveis.com.br\/en\/wp-content\/uploads\/2021\/05\/p1434995165.jpg\",\"datePublished\":\"2015-06-22T03:00:00+00:00\",\"dateModified\":\"2021-05-26T13:47:59+00:00\",\"author\":{\"@id\":\"https:\/\/www.sindmoveis.com.br\/en\/#\/schema\/person\/16d379542db1950a17fe188179340d57\"},\"inLanguage\":\"en-US\",\"potentialAction\":[{\"@type\":\"ReadAction\",\"target\":[\"https:\/\/www.sindmoveis.com.br\/en\/projeto-orchestra-brasil-leva-fabricantes-brasileiras-a-fitecma-2015\/\"]}]},{\"@type\":\"ImageObject\",\"inLanguage\":\"en-US\",\"@id\":\"https:\/\/www.sindmoveis.com.br\/en\/projeto-orchestra-brasil-leva-fabricantes-brasileiras-a-fitecma-2015\/#primaryimage\",\"url\":\"https:\/\/www.sindmoveis.com.br\/en\/wp-content\/uploads\/2021\/05\/p1434995165.jpg\",\"contentUrl\":\"https:\/\/www.sindmoveis.com.br\/en\/wp-content\/uploads\/2021\/05\/p1434995165.jpg\",\"width\":1280,\"height\":960,\"caption\":\"Projeto participa da feira argentina h\u00e1 quatro edi\u00e7\u00f5es Arquivo\/Sindm\u00f3veis\"},{\"@type\":\"WebSite\",\"@id\":\"https:\/\/www.sindmoveis.com.br\/en\/#website\",\"url\":\"https:\/\/www.sindmoveis.com.br\/en\/\",\"name\":\"Sindm\u00f3veis-RS\",\"description\":\"\",\"potentialAction\":[{\"@type\":\"SearchAction\",\"target\":{\"@type\":\"EntryPoint\",\"urlTemplate\":\"https:\/\/www.sindmoveis.com.br\/en\/?s={search_term_string}\"},\"query-input\":{\"@type\":\"PropertyValueSpecification\",\"valueRequired\":true,\"valueName\":\"search_term_string\"}}],\"inLanguage\":\"en-US\"},{\"@type\":\"Person\",\"@id\":\"https:\/\/www.sindmoveis.com.br\/en\/#\/schema\/person\/16d379542db1950a17fe188179340d57\",\"name\":\"Imprensa Sindm\u00f3veis\",\"image\":{\"@type\":\"ImageObject\",\"inLanguage\":\"en-US\",\"@id\":\"https:\/\/www.sindmoveis.com.br\/en\/#\/schema\/person\/image\/\",\"url\":\"https:\/\/secure.gravatar.com\/avatar\/4973e2e2c2a0cb5db30b0c7b770041b8e33d048a16b695a1f99c042449d4bfaf?s=96&d=mm&r=g\",\"contentUrl\":\"https:\/\/secure.gravatar.com\/avatar\/4973e2e2c2a0cb5db30b0c7b770041b8e33d048a16b695a1f99c042449d4bfaf?s=96&d=mm&r=g\",\"caption\":\"Imprensa Sindm\u00f3veis\"},\"url\":\"https:\/\/www.sindmoveis.com.br\/en\/author\/ana\/\"}]}<\/script>\n<!-- \/ Yoast SEO plugin. -->","yoast_head_json":{"title":"The Orchestra Brasil Project takes Brazilian manufacturers to Fitecma - Sindm\u00f3veis-RS","robots":{"index":"index","follow":"follow","max-snippet":"max-snippet:-1","max-image-preview":"max-image-preview:large","max-video-preview":"max-video-preview:-1"},"canonical":"https:\/\/www.sindmoveis.com.br\/en\/projeto-orchestra-brasil-leva-fabricantes-brasileiras-a-fitecma-2015\/","og_locale":"en_US","og_type":"article","og_title":"The Orchestra Brasil Project takes Brazilian manufacturers to Fitecma - Sindm\u00f3veis-RS","og_description":"Argentina was the second largest importer from the member companies of the project in 2014","og_url":"https:\/\/www.sindmoveis.com.br\/en\/projeto-orchestra-brasil-leva-fabricantes-brasileiras-a-fitecma-2015\/","og_site_name":"Sindm\u00f3veis-RS","article_published_time":"2015-06-22T03:00:00+00:00","article_modified_time":"2021-05-26T13:47:59+00:00","og_image":[{"width":1280,"height":960,"url":"https:\/\/www.sindmoveis.com.br\/en\/wp-content\/uploads\/2021\/05\/p1434995165.jpg","type":"image\/jpeg"}],"author":"Imprensa Sindm\u00f3veis","twitter_card":"summary_large_image","twitter_misc":{"Written by":"Imprensa Sindm\u00f3veis","Est. reading time":"1 minute"},"schema":{"@context":"https:\/\/schema.org","@graph":[{"@type":"Article","@id":"https:\/\/www.sindmoveis.com.br\/en\/projeto-orchestra-brasil-leva-fabricantes-brasileiras-a-fitecma-2015\/#article","isPartOf":{"@id":"https:\/\/www.sindmoveis.com.br\/en\/projeto-orchestra-brasil-leva-fabricantes-brasileiras-a-fitecma-2015\/"},"author":{"name":"Imprensa Sindm\u00f3veis","@id":"https:\/\/www.sindmoveis.com.br\/en\/#\/schema\/person\/16d379542db1950a17fe188179340d57"},"headline":"The Orchestra Brasil Project takes Brazilian manufacturers to Fitecma","datePublished":"2015-06-22T03:00:00+00:00","dateModified":"2021-05-26T13:47:59+00:00","mainEntityOfPage":{"@id":"https:\/\/www.sindmoveis.com.br\/en\/projeto-orchestra-brasil-leva-fabricantes-brasileiras-a-fitecma-2015\/"},"wordCount":305,"image":{"@id":"https:\/\/www.sindmoveis.com.br\/en\/projeto-orchestra-brasil-leva-fabricantes-brasileiras-a-fitecma-2015\/#primaryimage"},"thumbnailUrl":"https:\/\/www.sindmoveis.com.br\/en\/wp-content\/uploads\/2021\/05\/p1434995165.jpg","articleSection":["Orchestra Brasil Project","Sindm\u00f3veis"],"inLanguage":"en-US"},{"@type":"WebPage","@id":"https:\/\/www.sindmoveis.com.br\/en\/projeto-orchestra-brasil-leva-fabricantes-brasileiras-a-fitecma-2015\/","url":"https:\/\/www.sindmoveis.com.br\/en\/projeto-orchestra-brasil-leva-fabricantes-brasileiras-a-fitecma-2015\/","name":"The Orchestra Brasil Project takes Brazilian manufacturers to Fitecma - Sindm\u00f3veis-RS","isPartOf":{"@id":"https:\/\/www.sindmoveis.com.br\/en\/#website"},"primaryImageOfPage":{"@id":"https:\/\/www.sindmoveis.com.br\/en\/projeto-orchestra-brasil-leva-fabricantes-brasileiras-a-fitecma-2015\/#primaryimage"},"image":{"@id":"https:\/\/www.sindmoveis.com.br\/en\/projeto-orchestra-brasil-leva-fabricantes-brasileiras-a-fitecma-2015\/#primaryimage"},"thumbnailUrl":"https:\/\/www.sindmoveis.com.br\/en\/wp-content\/uploads\/2021\/05\/p1434995165.jpg","datePublished":"2015-06-22T03:00:00+00:00","dateModified":"2021-05-26T13:47:59+00:00","author":{"@id":"https:\/\/www.sindmoveis.com.br\/en\/#\/schema\/person\/16d379542db1950a17fe188179340d57"},"inLanguage":"en-US","potentialAction":[{"@type":"ReadAction","target":["https:\/\/www.sindmoveis.com.br\/en\/projeto-orchestra-brasil-leva-fabricantes-brasileiras-a-fitecma-2015\/"]}]},{"@type":"ImageObject","inLanguage":"en-US","@id":"https:\/\/www.sindmoveis.com.br\/en\/projeto-orchestra-brasil-leva-fabricantes-brasileiras-a-fitecma-2015\/#primaryimage","url":"https:\/\/www.sindmoveis.com.br\/en\/wp-content\/uploads\/2021\/05\/p1434995165.jpg","contentUrl":"https:\/\/www.sindmoveis.com.br\/en\/wp-content\/uploads\/2021\/05\/p1434995165.jpg","width":1280,"height":960,"caption":"Projeto participa da feira argentina h\u00e1 quatro edi\u00e7\u00f5es Arquivo\/Sindm\u00f3veis"},{"@type":"WebSite","@id":"https:\/\/www.sindmoveis.com.br\/en\/#website","url":"https:\/\/www.sindmoveis.com.br\/en\/","name":"Sindm\u00f3veis-RS","description":"","potentialAction":[{"@type":"SearchAction","target":{"@type":"EntryPoint","urlTemplate":"https:\/\/www.sindmoveis.com.br\/en\/?s={search_term_string}"},"query-input":{"@type":"PropertyValueSpecification","valueRequired":true,"valueName":"search_term_string"}}],"inLanguage":"en-US"},{"@type":"Person","@id":"https:\/\/www.sindmoveis.com.br\/en\/#\/schema\/person\/16d379542db1950a17fe188179340d57","name":"Imprensa Sindm\u00f3veis","image":{"@type":"ImageObject","inLanguage":"en-US","@id":"https:\/\/www.sindmoveis.com.br\/en\/#\/schema\/person\/image\/","url":"https:\/\/secure.gravatar.com\/avatar\/4973e2e2c2a0cb5db30b0c7b770041b8e33d048a16b695a1f99c042449d4bfaf?s=96&d=mm&r=g","contentUrl":"https:\/\/secure.gravatar.com\/avatar\/4973e2e2c2a0cb5db30b0c7b770041b8e33d048a16b695a1f99c042449d4bfaf?s=96&d=mm&r=g","caption":"Imprensa Sindm\u00f3veis"},"url":"https:\/\/www.sindmoveis.com.br\/en\/author\/ana\/"}]}},"_links":{"self":[{"href":"https:\/\/www.sindmoveis.com.br\/en\/wp-json\/wp\/v2\/posts\/1156","targetHints":{"allow":["GET"]}}],"collection":[{"href":"https:\/\/www.sindmoveis.com.br\/en\/wp-json\/wp\/v2\/posts"}],"about":[{"href":"https:\/\/www.sindmoveis.com.br\/en\/wp-json\/wp\/v2\/types\/post"}],"author":[{"embeddable":true,"href":"https:\/\/www.sindmoveis.com.br\/en\/wp-json\/wp\/v2\/users\/5"}],"replies":[{"embeddable":true,"href":"https:\/\/www.sindmoveis.com.br\/en\/wp-json\/wp\/v2\/comments?post=1156"}],"version-history":[{"count":2,"href":"https:\/\/www.sindmoveis.com.br\/en\/wp-json\/wp\/v2\/posts\/1156\/revisions"}],"predecessor-version":[{"id":3450,"href":"https:\/\/www.sindmoveis.com.br\/en\/wp-json\/wp\/v2\/posts\/1156\/revisions\/3450"}],"wp:featuredmedia":[{"embeddable":true,"href":"https:\/\/www.sindmoveis.com.br\/en\/wp-json\/wp\/v2\/media\/3451"}],"wp:attachment":[{"href":"https:\/\/www.sindmoveis.com.br\/en\/wp-json\/wp\/v2\/media?parent=1156"}],"wp:term":[{"taxonomy":"category","embeddable":true,"href":"https:\/\/www.sindmoveis.com.br\/en\/wp-json\/wp\/v2\/categories?post=1156"},{"taxonomy":"post_tag","embeddable":true,"href":"https:\/\/www.sindmoveis.com.br\/en\/wp-json\/wp\/v2\/tags?post=1156"}],"curies":[{"name":"wp","href":"https:\/\/api.w.org\/{rel}","templated":true}]}}