{"id":1127,"date":"2014-11-14T00:00:00","date_gmt":"2014-11-14T02:00:00","guid":{"rendered":"http:\/\/sindmoveis.com.br\/imprensa\/noticias\/salao-design-2015-tem-830-inscricoes\/"},"modified":"2021-05-26T10:47:46","modified_gmt":"2021-05-26T13:47:46","slug":"salao-design-2015-tem-830-inscricoes","status":"publish","type":"post","link":"https:\/\/www.sindmoveis.com.br\/en\/salao-design-2015-tem-830-inscricoes\/","title":{"rendered":"Sal\u00e3o Design 2015 has 830 entries"},"content":{"rendered":"<p>Projects from 15 countries will be assessed starting next Friday by the judging panels<\/em><br \/>\n&nbsp;<\/div>\n<div><em>On Friday, November 14, the juldging panel of Sal&atilde;o Design 2015 will begin to evaluate the 830 projects entered in the 19th edition of the award, held since 1988 by Sindm&oacute;veis Bento Gon&ccedil;alves. Creations of students, professionals and manufacturing companies were received in seven categories: Lighting; Furniture for bedrooms; Furniture for living and dining rooms; Furniture for kitchens, laundry rooms and bathrooms; Furniture for outdoor areas; Furniture for offices and home-offices; and Household utensils<\/em><\/div>\n<div><em>With an increasing participation of foreigners, the prize is a benchmark for the appreciation of copyright design, especially in Latin America. For this edition, projects from 15 countries were entered, and the largest foreign participation came from Uruguay, Cuba, Argentina and Colombia. The director of Sal&atilde;o Design, Cristiane Silveira, also celebrates the increase in the number of projects submitted by manufacturing companies. &quot;This is the ideal place to explore creativity, entrepreneurship, sustainability and technological innovation in the furniture industry. The increased participation of companies is a cause for celebration, as we have long supported the idea of differentiation through design,&quot; she says.<\/em><\/div>\n<div><em>The judgment of Sal&atilde;o Design is done in two phases. In the first, held from November 14-28, the graphic projects entered will be judged by five judges: architects Ilse Lang and Isabela Vecci; designers Ivens Fontoura and Leonardo Lattavo; and executive Gl&aacute;ucia Binda, who will represent the industry. The selected products will be announced on December. Afterwards the contestants will have until May 2015 to send the products or prototypes in natural size to Bento Gon&ccedil;alves.<\/em><\/div>\n<div><em>The cash prize this edition will total R$ 205,000 and the winners will also receive the Sal&atilde;o Design Stamp, which can be used on the product as recognition of its excellence. Additionally, the traditional Master Teacher award will be given to the advisor of the projects entered by the awarded students, and the Alternative Woods award, which rewards the best project produced from species that the Brazilian Forest Service considers as not commonly used.<\/em><\/div>\n<div><em>For more information, visit <a href=\"http:\/\/www.salaodesign.com.br\" target=\"\" rel=\"noopener\">www.salaodesign.com.br<\/a>.<\/em><\/div>\n<\/div>\n<div>&nbsp;<\/div>\n<div>&nbsp;<\/div>\n","protected":false},"excerpt":{"rendered":"<p>On Friday, November 14, the judging panel of Sal\u00e3o Design 2015 will begin to evaluate the 830 projects entered in the 19th edition of the award, held since 1988 by Sindm\u00f3veis Bento Gon\u00e7alves. Creations of students, professionals and manufacturing companies were received in seven categories: Lighting; Furniture for bedrooms; Furniture for living and dining rooms; Furniture for kitchens, laundry rooms and bathrooms; Furniture for outdoor areas; Furniture for offices and home-offices; and Household utensils<\/p>\n","protected":false},"author":5,"featured_media":3415,"comment_status":"closed","ping_status":"open","sticky":false,"template":"","format":"standard","meta":{"footnotes":"","_links_to":"","_links_to_target":""},"categories":[21,2],"tags":[],"class_list":["post-1127","post","type-post","status-publish","format-standard","has-post-thumbnail","hentry","category-salao-design-award","category-sindmoveis"],"yoast_head":"<!-- This site is optimized with the Yoast SEO plugin v27.0 - https:\/\/yoast.com\/product\/yoast-seo-wordpress\/ -->\n<title>Sal\u00e3o Design 2015 has 830 entries - Sindm\u00f3veis-RS<\/title>\n<meta name=\"robots\" content=\"index, follow, max-snippet:-1, max-image-preview:large, max-video-preview:-1\" \/>\n<link rel=\"canonical\" href=\"https:\/\/www.sindmoveis.com.br\/en\/salao-design-2015-tem-830-inscricoes\/\" \/>\n<meta property=\"og:locale\" content=\"en_US\" \/>\n<meta property=\"og:type\" content=\"article\" \/>\n<meta property=\"og:title\" content=\"Sal\u00e3o Design 2015 has 830 entries - Sindm\u00f3veis-RS\" \/>\n<meta property=\"og:description\" content=\"On Friday, November 14, the judging panel of Sal\u00e3o Design 2015 will begin to evaluate the 830 projects entered in the 19th edition of the award, held since 1988 by Sindm\u00f3veis Bento Gon\u00e7alves. Creations of students, professionals and manufacturing companies were received in seven categories: Lighting; Furniture for bedrooms; Furniture for living and dining rooms; Furniture for kitchens, laundry rooms and bathrooms; Furniture for outdoor areas; Furniture for offices and home-offices; and Household utensils\" \/>\n<meta property=\"og:url\" content=\"https:\/\/www.sindmoveis.com.br\/en\/salao-design-2015-tem-830-inscricoes\/\" \/>\n<meta property=\"og:site_name\" content=\"Sindm\u00f3veis-RS\" \/>\n<meta property=\"article:published_time\" content=\"2014-11-14T02:00:00+00:00\" \/>\n<meta property=\"article:modified_time\" content=\"2021-05-26T13:47:46+00:00\" \/>\n<meta property=\"og:image\" content=\"https:\/\/www.sindmoveis.com.br\/en\/wp-content\/uploads\/2021\/05\/p1415981111.jpg\" \/>\n\t<meta property=\"og:image:width\" content=\"1200\" \/>\n\t<meta property=\"og:image:height\" content=\"800\" \/>\n\t<meta property=\"og:image:type\" content=\"image\/jpeg\" \/>\n<meta name=\"author\" content=\"Imprensa Sindm\u00f3veis\" \/>\n<meta name=\"twitter:card\" content=\"summary_large_image\" \/>\n<meta name=\"twitter:label1\" content=\"Written by\" \/>\n\t<meta name=\"twitter:data1\" content=\"Imprensa Sindm\u00f3veis\" \/>\n\t<meta name=\"twitter:label2\" content=\"Est. reading time\" \/>\n\t<meta name=\"twitter:data2\" content=\"2 minutes\" \/>\n<script type=\"application\/ld+json\" class=\"yoast-schema-graph\">{\"@context\":\"https:\/\/schema.org\",\"@graph\":[{\"@type\":\"Article\",\"@id\":\"https:\/\/www.sindmoveis.com.br\/en\/salao-design-2015-tem-830-inscricoes\/#article\",\"isPartOf\":{\"@id\":\"https:\/\/www.sindmoveis.com.br\/en\/salao-design-2015-tem-830-inscricoes\/\"},\"author\":{\"name\":\"Imprensa Sindm\u00f3veis\",\"@id\":\"https:\/\/www.sindmoveis.com.br\/en\/#\/schema\/person\/16d379542db1950a17fe188179340d57\"},\"headline\":\"Sal\u00e3o Design 2015 has 830 entries\",\"datePublished\":\"2014-11-14T02:00:00+00:00\",\"dateModified\":\"2021-05-26T13:47:46+00:00\",\"mainEntityOfPage\":{\"@id\":\"https:\/\/www.sindmoveis.com.br\/en\/salao-design-2015-tem-830-inscricoes\/\"},\"wordCount\":366,\"image\":{\"@id\":\"https:\/\/www.sindmoveis.com.br\/en\/salao-design-2015-tem-830-inscricoes\/#primaryimage\"},\"thumbnailUrl\":\"https:\/\/www.sindmoveis.com.br\/en\/wp-content\/uploads\/2021\/05\/p1415981111.jpg\",\"articleSection\":[\"Sal\u00e3o Design Award\",\"Sindm\u00f3veis\"],\"inLanguage\":\"en-US\"},{\"@type\":\"WebPage\",\"@id\":\"https:\/\/www.sindmoveis.com.br\/en\/salao-design-2015-tem-830-inscricoes\/\",\"url\":\"https:\/\/www.sindmoveis.com.br\/en\/salao-design-2015-tem-830-inscricoes\/\",\"name\":\"Sal\u00e3o Design 2015 has 830 entries - Sindm\u00f3veis-RS\",\"isPartOf\":{\"@id\":\"https:\/\/www.sindmoveis.com.br\/en\/#website\"},\"primaryImageOfPage\":{\"@id\":\"https:\/\/www.sindmoveis.com.br\/en\/salao-design-2015-tem-830-inscricoes\/#primaryimage\"},\"image\":{\"@id\":\"https:\/\/www.sindmoveis.com.br\/en\/salao-design-2015-tem-830-inscricoes\/#primaryimage\"},\"thumbnailUrl\":\"https:\/\/www.sindmoveis.com.br\/en\/wp-content\/uploads\/2021\/05\/p1415981111.jpg\",\"datePublished\":\"2014-11-14T02:00:00+00:00\",\"dateModified\":\"2021-05-26T13:47:46+00:00\",\"author\":{\"@id\":\"https:\/\/www.sindmoveis.com.br\/en\/#\/schema\/person\/16d379542db1950a17fe188179340d57\"},\"inLanguage\":\"en-US\",\"potentialAction\":[{\"@type\":\"ReadAction\",\"target\":[\"https:\/\/www.sindmoveis.com.br\/en\/salao-design-2015-tem-830-inscricoes\/\"]}]},{\"@type\":\"ImageObject\",\"inLanguage\":\"en-US\",\"@id\":\"https:\/\/www.sindmoveis.com.br\/en\/salao-design-2015-tem-830-inscricoes\/#primaryimage\",\"url\":\"https:\/\/www.sindmoveis.com.br\/en\/wp-content\/uploads\/2021\/05\/p1415981111.jpg\",\"contentUrl\":\"https:\/\/www.sindmoveis.com.br\/en\/wp-content\/uploads\/2021\/05\/p1415981111.jpg\",\"width\":1200,\"height\":800},{\"@type\":\"WebSite\",\"@id\":\"https:\/\/www.sindmoveis.com.br\/en\/#website\",\"url\":\"https:\/\/www.sindmoveis.com.br\/en\/\",\"name\":\"Sindm\u00f3veis-RS\",\"description\":\"\",\"potentialAction\":[{\"@type\":\"SearchAction\",\"target\":{\"@type\":\"EntryPoint\",\"urlTemplate\":\"https:\/\/www.sindmoveis.com.br\/en\/?s={search_term_string}\"},\"query-input\":{\"@type\":\"PropertyValueSpecification\",\"valueRequired\":true,\"valueName\":\"search_term_string\"}}],\"inLanguage\":\"en-US\"},{\"@type\":\"Person\",\"@id\":\"https:\/\/www.sindmoveis.com.br\/en\/#\/schema\/person\/16d379542db1950a17fe188179340d57\",\"name\":\"Imprensa Sindm\u00f3veis\",\"image\":{\"@type\":\"ImageObject\",\"inLanguage\":\"en-US\",\"@id\":\"https:\/\/www.sindmoveis.com.br\/en\/#\/schema\/person\/image\/\",\"url\":\"https:\/\/secure.gravatar.com\/avatar\/4973e2e2c2a0cb5db30b0c7b770041b8e33d048a16b695a1f99c042449d4bfaf?s=96&d=mm&r=g\",\"contentUrl\":\"https:\/\/secure.gravatar.com\/avatar\/4973e2e2c2a0cb5db30b0c7b770041b8e33d048a16b695a1f99c042449d4bfaf?s=96&d=mm&r=g\",\"caption\":\"Imprensa Sindm\u00f3veis\"},\"url\":\"https:\/\/www.sindmoveis.com.br\/en\/author\/ana\/\"}]}<\/script>\n<!-- \/ Yoast SEO plugin. -->","yoast_head_json":{"title":"Sal\u00e3o Design 2015 has 830 entries - Sindm\u00f3veis-RS","robots":{"index":"index","follow":"follow","max-snippet":"max-snippet:-1","max-image-preview":"max-image-preview:large","max-video-preview":"max-video-preview:-1"},"canonical":"https:\/\/www.sindmoveis.com.br\/en\/salao-design-2015-tem-830-inscricoes\/","og_locale":"en_US","og_type":"article","og_title":"Sal\u00e3o Design 2015 has 830 entries - Sindm\u00f3veis-RS","og_description":"On Friday, November 14, the judging panel of Sal\u00e3o Design 2015 will begin to evaluate the 830 projects entered in the 19th edition of the award, held since 1988 by Sindm\u00f3veis Bento Gon\u00e7alves. Creations of students, professionals and manufacturing companies were received in seven categories: Lighting; Furniture for bedrooms; Furniture for living and dining rooms; Furniture for kitchens, laundry rooms and bathrooms; Furniture for outdoor areas; Furniture for offices and home-offices; and Household utensils","og_url":"https:\/\/www.sindmoveis.com.br\/en\/salao-design-2015-tem-830-inscricoes\/","og_site_name":"Sindm\u00f3veis-RS","article_published_time":"2014-11-14T02:00:00+00:00","article_modified_time":"2021-05-26T13:47:46+00:00","og_image":[{"width":1200,"height":800,"url":"https:\/\/www.sindmoveis.com.br\/en\/wp-content\/uploads\/2021\/05\/p1415981111.jpg","type":"image\/jpeg"}],"author":"Imprensa Sindm\u00f3veis","twitter_card":"summary_large_image","twitter_misc":{"Written by":"Imprensa Sindm\u00f3veis","Est. reading time":"2 minutes"},"schema":{"@context":"https:\/\/schema.org","@graph":[{"@type":"Article","@id":"https:\/\/www.sindmoveis.com.br\/en\/salao-design-2015-tem-830-inscricoes\/#article","isPartOf":{"@id":"https:\/\/www.sindmoveis.com.br\/en\/salao-design-2015-tem-830-inscricoes\/"},"author":{"name":"Imprensa Sindm\u00f3veis","@id":"https:\/\/www.sindmoveis.com.br\/en\/#\/schema\/person\/16d379542db1950a17fe188179340d57"},"headline":"Sal\u00e3o Design 2015 has 830 entries","datePublished":"2014-11-14T02:00:00+00:00","dateModified":"2021-05-26T13:47:46+00:00","mainEntityOfPage":{"@id":"https:\/\/www.sindmoveis.com.br\/en\/salao-design-2015-tem-830-inscricoes\/"},"wordCount":366,"image":{"@id":"https:\/\/www.sindmoveis.com.br\/en\/salao-design-2015-tem-830-inscricoes\/#primaryimage"},"thumbnailUrl":"https:\/\/www.sindmoveis.com.br\/en\/wp-content\/uploads\/2021\/05\/p1415981111.jpg","articleSection":["Sal\u00e3o Design Award","Sindm\u00f3veis"],"inLanguage":"en-US"},{"@type":"WebPage","@id":"https:\/\/www.sindmoveis.com.br\/en\/salao-design-2015-tem-830-inscricoes\/","url":"https:\/\/www.sindmoveis.com.br\/en\/salao-design-2015-tem-830-inscricoes\/","name":"Sal\u00e3o Design 2015 has 830 entries - Sindm\u00f3veis-RS","isPartOf":{"@id":"https:\/\/www.sindmoveis.com.br\/en\/#website"},"primaryImageOfPage":{"@id":"https:\/\/www.sindmoveis.com.br\/en\/salao-design-2015-tem-830-inscricoes\/#primaryimage"},"image":{"@id":"https:\/\/www.sindmoveis.com.br\/en\/salao-design-2015-tem-830-inscricoes\/#primaryimage"},"thumbnailUrl":"https:\/\/www.sindmoveis.com.br\/en\/wp-content\/uploads\/2021\/05\/p1415981111.jpg","datePublished":"2014-11-14T02:00:00+00:00","dateModified":"2021-05-26T13:47:46+00:00","author":{"@id":"https:\/\/www.sindmoveis.com.br\/en\/#\/schema\/person\/16d379542db1950a17fe188179340d57"},"inLanguage":"en-US","potentialAction":[{"@type":"ReadAction","target":["https:\/\/www.sindmoveis.com.br\/en\/salao-design-2015-tem-830-inscricoes\/"]}]},{"@type":"ImageObject","inLanguage":"en-US","@id":"https:\/\/www.sindmoveis.com.br\/en\/salao-design-2015-tem-830-inscricoes\/#primaryimage","url":"https:\/\/www.sindmoveis.com.br\/en\/wp-content\/uploads\/2021\/05\/p1415981111.jpg","contentUrl":"https:\/\/www.sindmoveis.com.br\/en\/wp-content\/uploads\/2021\/05\/p1415981111.jpg","width":1200,"height":800},{"@type":"WebSite","@id":"https:\/\/www.sindmoveis.com.br\/en\/#website","url":"https:\/\/www.sindmoveis.com.br\/en\/","name":"Sindm\u00f3veis-RS","description":"","potentialAction":[{"@type":"SearchAction","target":{"@type":"EntryPoint","urlTemplate":"https:\/\/www.sindmoveis.com.br\/en\/?s={search_term_string}"},"query-input":{"@type":"PropertyValueSpecification","valueRequired":true,"valueName":"search_term_string"}}],"inLanguage":"en-US"},{"@type":"Person","@id":"https:\/\/www.sindmoveis.com.br\/en\/#\/schema\/person\/16d379542db1950a17fe188179340d57","name":"Imprensa Sindm\u00f3veis","image":{"@type":"ImageObject","inLanguage":"en-US","@id":"https:\/\/www.sindmoveis.com.br\/en\/#\/schema\/person\/image\/","url":"https:\/\/secure.gravatar.com\/avatar\/4973e2e2c2a0cb5db30b0c7b770041b8e33d048a16b695a1f99c042449d4bfaf?s=96&d=mm&r=g","contentUrl":"https:\/\/secure.gravatar.com\/avatar\/4973e2e2c2a0cb5db30b0c7b770041b8e33d048a16b695a1f99c042449d4bfaf?s=96&d=mm&r=g","caption":"Imprensa Sindm\u00f3veis"},"url":"https:\/\/www.sindmoveis.com.br\/en\/author\/ana\/"}]}},"_links":{"self":[{"href":"https:\/\/www.sindmoveis.com.br\/en\/wp-json\/wp\/v2\/posts\/1127","targetHints":{"allow":["GET"]}}],"collection":[{"href":"https:\/\/www.sindmoveis.com.br\/en\/wp-json\/wp\/v2\/posts"}],"about":[{"href":"https:\/\/www.sindmoveis.com.br\/en\/wp-json\/wp\/v2\/types\/post"}],"author":[{"embeddable":true,"href":"https:\/\/www.sindmoveis.com.br\/en\/wp-json\/wp\/v2\/users\/5"}],"replies":[{"embeddable":true,"href":"https:\/\/www.sindmoveis.com.br\/en\/wp-json\/wp\/v2\/comments?post=1127"}],"version-history":[{"count":2,"href":"https:\/\/www.sindmoveis.com.br\/en\/wp-json\/wp\/v2\/posts\/1127\/revisions"}],"predecessor-version":[{"id":3414,"href":"https:\/\/www.sindmoveis.com.br\/en\/wp-json\/wp\/v2\/posts\/1127\/revisions\/3414"}],"wp:featuredmedia":[{"embeddable":true,"href":"https:\/\/www.sindmoveis.com.br\/en\/wp-json\/wp\/v2\/media\/3415"}],"wp:attachment":[{"href":"https:\/\/www.sindmoveis.com.br\/en\/wp-json\/wp\/v2\/media?parent=1127"}],"wp:term":[{"taxonomy":"category","embeddable":true,"href":"https:\/\/www.sindmoveis.com.br\/en\/wp-json\/wp\/v2\/categories?post=1127"},{"taxonomy":"post_tag","embeddable":true,"href":"https:\/\/www.sindmoveis.com.br\/en\/wp-json\/wp\/v2\/tags?post=1127"}],"curies":[{"name":"wp","href":"https:\/\/api.w.org\/{rel}","templated":true}]}}