{"id":1118,"date":"2014-09-24T00:00:00","date_gmt":"2014-09-24T03:00:00","guid":{"rendered":"http:\/\/sindmoveis.com.br\/imprensa\/noticias\/sindmoveis-recebe-importadores-da-bolivia\/"},"modified":"2021-05-26T10:47:38","modified_gmt":"2021-05-26T13:47:38","slug":"sindmoveis-recebe-importadores-da-bolivia","status":"publish","type":"post","link":"https:\/\/www.sindmoveis.com.br\/en\/sindmoveis-recebe-importadores-da-bolivia\/","title":{"rendered":"Sindm\u00f3veis receives importers from Bolivia"},"content":{"rendered":"<div>Buyer&rsquo;s Project to be held next week with the participation of five guests and twelve companies<\/div>\n<div>In an initiative of Sindm&oacute;veis &nbsp;International Committee of Bento Gon&ccedil;alves aimed exclusively to its member companies, the association will hold from September 29 to October 3, a Buyer&rsquo;s Project with the participation of Bolivian importers. Five buyers of furniture from Cochabamba, La Paz and Santa Cruz de La Sierra were invited to business meetings and visits to the factories of the furniture center. They imported furniture worth approximately US$ 4.5 million in 2013.<\/div>\n<div>This event is the result of a series of studies that the committee has been carrying out in order to identify new markets for the furniture center. Exports by the furniture industry in Bento Gon&ccedil;alves have been declining since last year. In the first half of 2014, it fell by 2.7% compared to the same period last year. Altogether, twelve companies have signed up to participate in the project.<\/div>\n<div>Bolivia is one of the countries with the highest economic growth in recent years in that region and will have the second largest GDP growth in Latin America and the Caribbean in 2014, according to ECLAC data. In a scenario with an average growth of 2.2% this year for the region, the country is expected to grow 5.5%, second only to Panama. Moreover, in recent years, it has been one of the most dynamic markets for Brazilian furniture with consecutive growth. In the first half of 2014, it was the sixth largest destination for furniture exporters from Brazil, with imports worth US$ 18.2 million and an increase of 23.2% over the same period in 2013.<\/div>\n<div>Sindm&oacute;veis International Committee holds regular meetings in order to provide member companies with tools to enter new markets abroad. Last year, the association&nbsp;<\/div>\n<div>&nbsp;<\/div>\n","protected":false},"excerpt":{"rendered":"<p>Buyer\u2019s Project to be held next week with the participation of five guests and twelve companies<br \/>\nIn an initiative of Sindm\u00f3veis  International Committee of Bento Gon\u00e7alves aimed exclusively to its member companies, the association will hold from September 29 to October 3, a Buyer\u2019s Project with the participation of Bolivian importers.<\/p>\n","protected":false},"author":5,"featured_media":3400,"comment_status":"closed","ping_status":"open","sticky":false,"template":"","format":"standard","meta":{"footnotes":"","_links_to":"","_links_to_target":""},"categories":[2],"tags":[],"class_list":["post-1118","post","type-post","status-publish","format-standard","has-post-thumbnail","hentry","category-sindmoveis"],"yoast_head":"<!-- This site is optimized with the Yoast SEO plugin v27.0 - https:\/\/yoast.com\/product\/yoast-seo-wordpress\/ -->\n<title>Sindm\u00f3veis receives importers from Bolivia - Sindm\u00f3veis-RS<\/title>\n<meta name=\"robots\" content=\"index, follow, max-snippet:-1, max-image-preview:large, max-video-preview:-1\" \/>\n<link rel=\"canonical\" href=\"https:\/\/www.sindmoveis.com.br\/en\/sindmoveis-recebe-importadores-da-bolivia\/\" \/>\n<meta property=\"og:locale\" content=\"en_US\" \/>\n<meta property=\"og:type\" content=\"article\" \/>\n<meta property=\"og:title\" content=\"Sindm\u00f3veis receives importers from Bolivia - Sindm\u00f3veis-RS\" \/>\n<meta property=\"og:description\" content=\"Buyer\u2019s Project to be held next week with the participation of five guests and twelve companies In an initiative of Sindm\u00f3veis International Committee of Bento Gon\u00e7alves aimed exclusively to its member companies, the association will hold from September 29 to October 3, a Buyer\u2019s Project with the participation of Bolivian importers.\" \/>\n<meta property=\"og:url\" content=\"https:\/\/www.sindmoveis.com.br\/en\/sindmoveis-recebe-importadores-da-bolivia\/\" \/>\n<meta property=\"og:site_name\" content=\"Sindm\u00f3veis-RS\" \/>\n<meta property=\"article:published_time\" content=\"2014-09-24T03:00:00+00:00\" \/>\n<meta property=\"article:modified_time\" content=\"2021-05-26T13:47:38+00:00\" \/>\n<meta property=\"og:image\" content=\"https:\/\/www.sindmoveis.com.br\/en\/wp-content\/uploads\/2021\/05\/p1411580565.jpg\" \/>\n\t<meta property=\"og:image:width\" content=\"1181\" \/>\n\t<meta property=\"og:image:height\" content=\"788\" \/>\n\t<meta property=\"og:image:type\" content=\"image\/jpeg\" \/>\n<meta name=\"author\" content=\"Imprensa Sindm\u00f3veis\" \/>\n<meta name=\"twitter:card\" content=\"summary_large_image\" \/>\n<meta name=\"twitter:label1\" content=\"Written by\" \/>\n\t<meta name=\"twitter:data1\" content=\"Imprensa Sindm\u00f3veis\" \/>\n\t<meta name=\"twitter:label2\" content=\"Est. reading time\" \/>\n\t<meta name=\"twitter:data2\" content=\"1 minute\" \/>\n<script type=\"application\/ld+json\" class=\"yoast-schema-graph\">{\"@context\":\"https:\/\/schema.org\",\"@graph\":[{\"@type\":\"Article\",\"@id\":\"https:\/\/www.sindmoveis.com.br\/en\/sindmoveis-recebe-importadores-da-bolivia\/#article\",\"isPartOf\":{\"@id\":\"https:\/\/www.sindmoveis.com.br\/en\/sindmoveis-recebe-importadores-da-bolivia\/\"},\"author\":{\"name\":\"Imprensa Sindm\u00f3veis\",\"@id\":\"https:\/\/www.sindmoveis.com.br\/en\/#\/schema\/person\/16d379542db1950a17fe188179340d57\"},\"headline\":\"Sindm\u00f3veis receives importers from Bolivia\",\"datePublished\":\"2014-09-24T03:00:00+00:00\",\"dateModified\":\"2021-05-26T13:47:38+00:00\",\"mainEntityOfPage\":{\"@id\":\"https:\/\/www.sindmoveis.com.br\/en\/sindmoveis-recebe-importadores-da-bolivia\/\"},\"wordCount\":304,\"image\":{\"@id\":\"https:\/\/www.sindmoveis.com.br\/en\/sindmoveis-recebe-importadores-da-bolivia\/#primaryimage\"},\"thumbnailUrl\":\"https:\/\/www.sindmoveis.com.br\/en\/wp-content\/uploads\/2021\/05\/p1411580565.jpg\",\"articleSection\":[\"Sindm\u00f3veis\"],\"inLanguage\":\"en-US\"},{\"@type\":\"WebPage\",\"@id\":\"https:\/\/www.sindmoveis.com.br\/en\/sindmoveis-recebe-importadores-da-bolivia\/\",\"url\":\"https:\/\/www.sindmoveis.com.br\/en\/sindmoveis-recebe-importadores-da-bolivia\/\",\"name\":\"Sindm\u00f3veis receives importers from Bolivia - Sindm\u00f3veis-RS\",\"isPartOf\":{\"@id\":\"https:\/\/www.sindmoveis.com.br\/en\/#website\"},\"primaryImageOfPage\":{\"@id\":\"https:\/\/www.sindmoveis.com.br\/en\/sindmoveis-recebe-importadores-da-bolivia\/#primaryimage\"},\"image\":{\"@id\":\"https:\/\/www.sindmoveis.com.br\/en\/sindmoveis-recebe-importadores-da-bolivia\/#primaryimage\"},\"thumbnailUrl\":\"https:\/\/www.sindmoveis.com.br\/en\/wp-content\/uploads\/2021\/05\/p1411580565.jpg\",\"datePublished\":\"2014-09-24T03:00:00+00:00\",\"dateModified\":\"2021-05-26T13:47:38+00:00\",\"author\":{\"@id\":\"https:\/\/www.sindmoveis.com.br\/en\/#\/schema\/person\/16d379542db1950a17fe188179340d57\"},\"inLanguage\":\"en-US\",\"potentialAction\":[{\"@type\":\"ReadAction\",\"target\":[\"https:\/\/www.sindmoveis.com.br\/en\/sindmoveis-recebe-importadores-da-bolivia\/\"]}]},{\"@type\":\"ImageObject\",\"inLanguage\":\"en-US\",\"@id\":\"https:\/\/www.sindmoveis.com.br\/en\/sindmoveis-recebe-importadores-da-bolivia\/#primaryimage\",\"url\":\"https:\/\/www.sindmoveis.com.br\/en\/wp-content\/uploads\/2021\/05\/p1411580565.jpg\",\"contentUrl\":\"https:\/\/www.sindmoveis.com.br\/en\/wp-content\/uploads\/2021\/05\/p1411580565.jpg\",\"width\":1181,\"height\":788,\"caption\":\"Projeto Comprador inclui rodadas de neg\u00f3cios e visita\u00e7\u00e3o a f\u00e1bricas do polo moveleiro de Bento Gon\u00e7alves Jeferson Soldi\/Sindm\u00f3veis\"},{\"@type\":\"WebSite\",\"@id\":\"https:\/\/www.sindmoveis.com.br\/en\/#website\",\"url\":\"https:\/\/www.sindmoveis.com.br\/en\/\",\"name\":\"Sindm\u00f3veis-RS\",\"description\":\"\",\"potentialAction\":[{\"@type\":\"SearchAction\",\"target\":{\"@type\":\"EntryPoint\",\"urlTemplate\":\"https:\/\/www.sindmoveis.com.br\/en\/?s={search_term_string}\"},\"query-input\":{\"@type\":\"PropertyValueSpecification\",\"valueRequired\":true,\"valueName\":\"search_term_string\"}}],\"inLanguage\":\"en-US\"},{\"@type\":\"Person\",\"@id\":\"https:\/\/www.sindmoveis.com.br\/en\/#\/schema\/person\/16d379542db1950a17fe188179340d57\",\"name\":\"Imprensa Sindm\u00f3veis\",\"image\":{\"@type\":\"ImageObject\",\"inLanguage\":\"en-US\",\"@id\":\"https:\/\/www.sindmoveis.com.br\/en\/#\/schema\/person\/image\/\",\"url\":\"https:\/\/secure.gravatar.com\/avatar\/4973e2e2c2a0cb5db30b0c7b770041b8e33d048a16b695a1f99c042449d4bfaf?s=96&d=mm&r=g\",\"contentUrl\":\"https:\/\/secure.gravatar.com\/avatar\/4973e2e2c2a0cb5db30b0c7b770041b8e33d048a16b695a1f99c042449d4bfaf?s=96&d=mm&r=g\",\"caption\":\"Imprensa Sindm\u00f3veis\"},\"url\":\"https:\/\/www.sindmoveis.com.br\/en\/author\/ana\/\"}]}<\/script>\n<!-- \/ Yoast SEO plugin. -->","yoast_head_json":{"title":"Sindm\u00f3veis receives importers from Bolivia - Sindm\u00f3veis-RS","robots":{"index":"index","follow":"follow","max-snippet":"max-snippet:-1","max-image-preview":"max-image-preview:large","max-video-preview":"max-video-preview:-1"},"canonical":"https:\/\/www.sindmoveis.com.br\/en\/sindmoveis-recebe-importadores-da-bolivia\/","og_locale":"en_US","og_type":"article","og_title":"Sindm\u00f3veis receives importers from Bolivia - Sindm\u00f3veis-RS","og_description":"Buyer\u2019s Project to be held next week with the participation of five guests and twelve companies In an initiative of Sindm\u00f3veis International Committee of Bento Gon\u00e7alves aimed exclusively to its member companies, the association will hold from September 29 to October 3, a Buyer\u2019s Project with the participation of Bolivian importers.","og_url":"https:\/\/www.sindmoveis.com.br\/en\/sindmoveis-recebe-importadores-da-bolivia\/","og_site_name":"Sindm\u00f3veis-RS","article_published_time":"2014-09-24T03:00:00+00:00","article_modified_time":"2021-05-26T13:47:38+00:00","og_image":[{"width":1181,"height":788,"url":"https:\/\/www.sindmoveis.com.br\/en\/wp-content\/uploads\/2021\/05\/p1411580565.jpg","type":"image\/jpeg"}],"author":"Imprensa Sindm\u00f3veis","twitter_card":"summary_large_image","twitter_misc":{"Written by":"Imprensa Sindm\u00f3veis","Est. reading time":"1 minute"},"schema":{"@context":"https:\/\/schema.org","@graph":[{"@type":"Article","@id":"https:\/\/www.sindmoveis.com.br\/en\/sindmoveis-recebe-importadores-da-bolivia\/#article","isPartOf":{"@id":"https:\/\/www.sindmoveis.com.br\/en\/sindmoveis-recebe-importadores-da-bolivia\/"},"author":{"name":"Imprensa Sindm\u00f3veis","@id":"https:\/\/www.sindmoveis.com.br\/en\/#\/schema\/person\/16d379542db1950a17fe188179340d57"},"headline":"Sindm\u00f3veis receives importers from Bolivia","datePublished":"2014-09-24T03:00:00+00:00","dateModified":"2021-05-26T13:47:38+00:00","mainEntityOfPage":{"@id":"https:\/\/www.sindmoveis.com.br\/en\/sindmoveis-recebe-importadores-da-bolivia\/"},"wordCount":304,"image":{"@id":"https:\/\/www.sindmoveis.com.br\/en\/sindmoveis-recebe-importadores-da-bolivia\/#primaryimage"},"thumbnailUrl":"https:\/\/www.sindmoveis.com.br\/en\/wp-content\/uploads\/2021\/05\/p1411580565.jpg","articleSection":["Sindm\u00f3veis"],"inLanguage":"en-US"},{"@type":"WebPage","@id":"https:\/\/www.sindmoveis.com.br\/en\/sindmoveis-recebe-importadores-da-bolivia\/","url":"https:\/\/www.sindmoveis.com.br\/en\/sindmoveis-recebe-importadores-da-bolivia\/","name":"Sindm\u00f3veis receives importers from Bolivia - Sindm\u00f3veis-RS","isPartOf":{"@id":"https:\/\/www.sindmoveis.com.br\/en\/#website"},"primaryImageOfPage":{"@id":"https:\/\/www.sindmoveis.com.br\/en\/sindmoveis-recebe-importadores-da-bolivia\/#primaryimage"},"image":{"@id":"https:\/\/www.sindmoveis.com.br\/en\/sindmoveis-recebe-importadores-da-bolivia\/#primaryimage"},"thumbnailUrl":"https:\/\/www.sindmoveis.com.br\/en\/wp-content\/uploads\/2021\/05\/p1411580565.jpg","datePublished":"2014-09-24T03:00:00+00:00","dateModified":"2021-05-26T13:47:38+00:00","author":{"@id":"https:\/\/www.sindmoveis.com.br\/en\/#\/schema\/person\/16d379542db1950a17fe188179340d57"},"inLanguage":"en-US","potentialAction":[{"@type":"ReadAction","target":["https:\/\/www.sindmoveis.com.br\/en\/sindmoveis-recebe-importadores-da-bolivia\/"]}]},{"@type":"ImageObject","inLanguage":"en-US","@id":"https:\/\/www.sindmoveis.com.br\/en\/sindmoveis-recebe-importadores-da-bolivia\/#primaryimage","url":"https:\/\/www.sindmoveis.com.br\/en\/wp-content\/uploads\/2021\/05\/p1411580565.jpg","contentUrl":"https:\/\/www.sindmoveis.com.br\/en\/wp-content\/uploads\/2021\/05\/p1411580565.jpg","width":1181,"height":788,"caption":"Projeto Comprador inclui rodadas de neg\u00f3cios e visita\u00e7\u00e3o a f\u00e1bricas do polo moveleiro de Bento Gon\u00e7alves Jeferson Soldi\/Sindm\u00f3veis"},{"@type":"WebSite","@id":"https:\/\/www.sindmoveis.com.br\/en\/#website","url":"https:\/\/www.sindmoveis.com.br\/en\/","name":"Sindm\u00f3veis-RS","description":"","potentialAction":[{"@type":"SearchAction","target":{"@type":"EntryPoint","urlTemplate":"https:\/\/www.sindmoveis.com.br\/en\/?s={search_term_string}"},"query-input":{"@type":"PropertyValueSpecification","valueRequired":true,"valueName":"search_term_string"}}],"inLanguage":"en-US"},{"@type":"Person","@id":"https:\/\/www.sindmoveis.com.br\/en\/#\/schema\/person\/16d379542db1950a17fe188179340d57","name":"Imprensa Sindm\u00f3veis","image":{"@type":"ImageObject","inLanguage":"en-US","@id":"https:\/\/www.sindmoveis.com.br\/en\/#\/schema\/person\/image\/","url":"https:\/\/secure.gravatar.com\/avatar\/4973e2e2c2a0cb5db30b0c7b770041b8e33d048a16b695a1f99c042449d4bfaf?s=96&d=mm&r=g","contentUrl":"https:\/\/secure.gravatar.com\/avatar\/4973e2e2c2a0cb5db30b0c7b770041b8e33d048a16b695a1f99c042449d4bfaf?s=96&d=mm&r=g","caption":"Imprensa Sindm\u00f3veis"},"url":"https:\/\/www.sindmoveis.com.br\/en\/author\/ana\/"}]}},"_links":{"self":[{"href":"https:\/\/www.sindmoveis.com.br\/en\/wp-json\/wp\/v2\/posts\/1118","targetHints":{"allow":["GET"]}}],"collection":[{"href":"https:\/\/www.sindmoveis.com.br\/en\/wp-json\/wp\/v2\/posts"}],"about":[{"href":"https:\/\/www.sindmoveis.com.br\/en\/wp-json\/wp\/v2\/types\/post"}],"author":[{"embeddable":true,"href":"https:\/\/www.sindmoveis.com.br\/en\/wp-json\/wp\/v2\/users\/5"}],"replies":[{"embeddable":true,"href":"https:\/\/www.sindmoveis.com.br\/en\/wp-json\/wp\/v2\/comments?post=1118"}],"version-history":[{"count":2,"href":"https:\/\/www.sindmoveis.com.br\/en\/wp-json\/wp\/v2\/posts\/1118\/revisions"}],"predecessor-version":[{"id":3399,"href":"https:\/\/www.sindmoveis.com.br\/en\/wp-json\/wp\/v2\/posts\/1118\/revisions\/3399"}],"wp:featuredmedia":[{"embeddable":true,"href":"https:\/\/www.sindmoveis.com.br\/en\/wp-json\/wp\/v2\/media\/3400"}],"wp:attachment":[{"href":"https:\/\/www.sindmoveis.com.br\/en\/wp-json\/wp\/v2\/media?parent=1118"}],"wp:term":[{"taxonomy":"category","embeddable":true,"href":"https:\/\/www.sindmoveis.com.br\/en\/wp-json\/wp\/v2\/categories?post=1118"},{"taxonomy":"post_tag","embeddable":true,"href":"https:\/\/www.sindmoveis.com.br\/en\/wp-json\/wp\/v2\/tags?post=1118"}],"curies":[{"name":"wp","href":"https:\/\/api.w.org\/{rel}","templated":true}]}}