{"id":1113,"date":"2014-09-01T00:00:00","date_gmt":"2014-09-01T03:00:00","guid":{"rendered":"http:\/\/sindmoveis.com.br\/imprensa\/noticias\/inscricoes-para-o-salao-design-2015-iniciam-hoje\/"},"modified":"2021-05-26T10:47:21","modified_gmt":"2021-05-26T13:47:21","slug":"inscricoes-para-o-salao-design-2015-iniciam-hoje","status":"publish","type":"post","link":"https:\/\/www.sindmoveis.com.br\/en\/inscricoes-para-o-salao-design-2015-iniciam-hoje\/","title":{"rendered":"Registrations for Sal\u00e3o Design 2015 open today"},"content":{"rendered":"<div><em>Major design award in Latin America will give R$ 205,000 in prizes to students, professionals and manufacturing companies<\/em><br \/>\n&nbsp;<\/div>\n<div>This Monday, September 1, the registrations for Sal&atilde;o Design 2015 will be open. The competition has been held by Sindm&oacute;veis Bento Gon&ccedil;alves since 1988, aiming to encourage creativity, entrepreneurship and technological innovation of furniture and accessories through design. The 19th Sal&atilde;o Design Award will give R$ 205,000 in prizes in the professional, student and industry classes.<\/div>\n<div>Just like in the two previous editions, competitors can enter projects in seven categories: Furniture for Bedrooms, Furniture for Dining and Living Rooms, Furniture for Kitchens, Laundry Rooms and Bathrooms, Outdoor Furniture, and Home-Office and Office Furniture (including furniture for commercial and public areas), Home Utensils, and Lighting.<\/div>\n<div>During these 26 years, more than 11,200 projects entered the competition, which is considered the largest of its kind in Latin America. The director of Sal&atilde;o Design, Cristiane Silveira, highlights its growing international recognition, with a significant increase in the foreign participation. &quot;We have noticed a very large movement of Latin American countries, which have sought to strengthen their design centers. In this respect, Sal&atilde;o Design is a very important showcase as it offers, in addition to cash prizes, wide promotion of the winners,&quot; she points out.<\/div>\n<div>The Sal&atilde;o Design 2015 judging panel consists of five professionals working in the architecture and design fields lending their expertise to the award. Four members have already taken part in previous editions: architects Ilse Lang and Isabela Vecci and &nbsp;designers Ivens Fontoura and Leonardo Lattavo. Gl&aacute;ucia Binda, representing the industry field, is participating for the first time.&nbsp;<\/div>\n<div>The registration deadline for Sal&atilde;o Design is November 10, 2014. Entries will be evaluated in two phases, starting in November. In the first phase, the judging panel assesses the graphic projects entered and selects the finalists based on criteria that include project concept, form and function, ergonomics, degree of innovation and environmental sustainability. In the following phase, the finalists send their products or a life-size prototype to be judged in Bento Gon&ccedil;alves. In addition to the cash prize, the award winners receive the Sal&atilde;o Design Stamp, which can be used on the product in question, in recognition of excellence in design.<\/div>\n<div>The entries selected to compete for the second phase will be announced in December 2014 and the participants will have to submit their products by May 2015. The award winners will be known in June next year. Registration and download of the regulations are available at <a href=\"http:\/\/www.salaodesign.com.br\" target=\"\" rel=\"noopener\">www.salaodesign.com.br<\/a>.<\/div>\n<div>&nbsp;<\/div>\n","protected":false},"excerpt":{"rendered":"<p>This Monday, September 1, the registrations for Sal\u00e3o Design 2015 will be open. The competition has been held by Sindm\u00f3veis Bento Gon\u00e7alves since 1988, aiming to encourage creativity, entrepreneurship and technological innovation of furniture and accessories through design. The 19th Sal\u00e3o Design Award will give R$ 205,000 in prizes in the professional, student and industry classes.<\/p>\n","protected":false},"author":5,"featured_media":3391,"comment_status":"closed","ping_status":"open","sticky":false,"template":"","format":"standard","meta":{"footnotes":"","_links_to":"","_links_to_target":""},"categories":[21,2],"tags":[],"class_list":["post-1113","post","type-post","status-publish","format-standard","has-post-thumbnail","hentry","category-salao-design-award","category-sindmoveis"],"yoast_head":"<!-- This site is optimized with the Yoast SEO plugin v27.0 - https:\/\/yoast.com\/product\/yoast-seo-wordpress\/ -->\n<title>Registrations for Sal\u00e3o Design 2015 open today - Sindm\u00f3veis-RS<\/title>\n<meta name=\"robots\" content=\"index, follow, max-snippet:-1, max-image-preview:large, max-video-preview:-1\" \/>\n<link rel=\"canonical\" href=\"https:\/\/www.sindmoveis.com.br\/en\/inscricoes-para-o-salao-design-2015-iniciam-hoje\/\" \/>\n<meta property=\"og:locale\" content=\"en_US\" \/>\n<meta property=\"og:type\" content=\"article\" \/>\n<meta property=\"og:title\" content=\"Registrations for Sal\u00e3o Design 2015 open today - Sindm\u00f3veis-RS\" \/>\n<meta property=\"og:description\" content=\"This Monday, September 1, the registrations for Sal\u00e3o Design 2015 will be open. The competition has been held by Sindm\u00f3veis Bento Gon\u00e7alves since 1988, aiming to encourage creativity, entrepreneurship and technological innovation of furniture and accessories through design. The 19th Sal\u00e3o Design Award will give R$ 205,000 in prizes in the professional, student and industry classes.\" \/>\n<meta property=\"og:url\" content=\"https:\/\/www.sindmoveis.com.br\/en\/inscricoes-para-o-salao-design-2015-iniciam-hoje\/\" \/>\n<meta property=\"og:site_name\" content=\"Sindm\u00f3veis-RS\" \/>\n<meta property=\"article:published_time\" content=\"2014-09-01T03:00:00+00:00\" \/>\n<meta property=\"article:modified_time\" content=\"2021-05-26T13:47:21+00:00\" \/>\n<meta property=\"og:image\" content=\"https:\/\/www.sindmoveis.com.br\/en\/wp-content\/uploads\/2021\/05\/p1409574040.jpg\" \/>\n\t<meta property=\"og:image:width\" content=\"2126\" \/>\n\t<meta property=\"og:image:height\" content=\"1196\" \/>\n\t<meta property=\"og:image:type\" content=\"image\/jpeg\" \/>\n<meta name=\"author\" content=\"Imprensa Sindm\u00f3veis\" \/>\n<meta name=\"twitter:card\" content=\"summary_large_image\" \/>\n<meta name=\"twitter:label1\" content=\"Written by\" \/>\n\t<meta name=\"twitter:data1\" content=\"Imprensa Sindm\u00f3veis\" \/>\n\t<meta name=\"twitter:label2\" content=\"Est. reading time\" \/>\n\t<meta name=\"twitter:data2\" content=\"2 minutes\" \/>\n<script type=\"application\/ld+json\" class=\"yoast-schema-graph\">{\"@context\":\"https:\/\/schema.org\",\"@graph\":[{\"@type\":\"Article\",\"@id\":\"https:\/\/www.sindmoveis.com.br\/en\/inscricoes-para-o-salao-design-2015-iniciam-hoje\/#article\",\"isPartOf\":{\"@id\":\"https:\/\/www.sindmoveis.com.br\/en\/inscricoes-para-o-salao-design-2015-iniciam-hoje\/\"},\"author\":{\"name\":\"Imprensa Sindm\u00f3veis\",\"@id\":\"https:\/\/www.sindmoveis.com.br\/en\/#\/schema\/person\/16d379542db1950a17fe188179340d57\"},\"headline\":\"Registrations for Sal\u00e3o Design 2015 open today\",\"datePublished\":\"2014-09-01T03:00:00+00:00\",\"dateModified\":\"2021-05-26T13:47:21+00:00\",\"mainEntityOfPage\":{\"@id\":\"https:\/\/www.sindmoveis.com.br\/en\/inscricoes-para-o-salao-design-2015-iniciam-hoje\/\"},\"wordCount\":440,\"image\":{\"@id\":\"https:\/\/www.sindmoveis.com.br\/en\/inscricoes-para-o-salao-design-2015-iniciam-hoje\/#primaryimage\"},\"thumbnailUrl\":\"https:\/\/www.sindmoveis.com.br\/en\/wp-content\/uploads\/2021\/05\/p1409574040.jpg\",\"articleSection\":[\"Sal\u00e3o Design Award\",\"Sindm\u00f3veis\"],\"inLanguage\":\"en-US\"},{\"@type\":\"WebPage\",\"@id\":\"https:\/\/www.sindmoveis.com.br\/en\/inscricoes-para-o-salao-design-2015-iniciam-hoje\/\",\"url\":\"https:\/\/www.sindmoveis.com.br\/en\/inscricoes-para-o-salao-design-2015-iniciam-hoje\/\",\"name\":\"Registrations for Sal\u00e3o Design 2015 open today - Sindm\u00f3veis-RS\",\"isPartOf\":{\"@id\":\"https:\/\/www.sindmoveis.com.br\/en\/#website\"},\"primaryImageOfPage\":{\"@id\":\"https:\/\/www.sindmoveis.com.br\/en\/inscricoes-para-o-salao-design-2015-iniciam-hoje\/#primaryimage\"},\"image\":{\"@id\":\"https:\/\/www.sindmoveis.com.br\/en\/inscricoes-para-o-salao-design-2015-iniciam-hoje\/#primaryimage\"},\"thumbnailUrl\":\"https:\/\/www.sindmoveis.com.br\/en\/wp-content\/uploads\/2021\/05\/p1409574040.jpg\",\"datePublished\":\"2014-09-01T03:00:00+00:00\",\"dateModified\":\"2021-05-26T13:47:21+00:00\",\"author\":{\"@id\":\"https:\/\/www.sindmoveis.com.br\/en\/#\/schema\/person\/16d379542db1950a17fe188179340d57\"},\"inLanguage\":\"en-US\",\"potentialAction\":[{\"@type\":\"ReadAction\",\"target\":[\"https:\/\/www.sindmoveis.com.br\/en\/inscricoes-para-o-salao-design-2015-iniciam-hoje\/\"]}]},{\"@type\":\"ImageObject\",\"inLanguage\":\"en-US\",\"@id\":\"https:\/\/www.sindmoveis.com.br\/en\/inscricoes-para-o-salao-design-2015-iniciam-hoje\/#primaryimage\",\"url\":\"https:\/\/www.sindmoveis.com.br\/en\/wp-content\/uploads\/2021\/05\/p1409574040.jpg\",\"contentUrl\":\"https:\/\/www.sindmoveis.com.br\/en\/wp-content\/uploads\/2021\/05\/p1409574040.jpg\",\"width\":2126,\"height\":1196,\"caption\":\"Em 26 anos\"},{\"@type\":\"WebSite\",\"@id\":\"https:\/\/www.sindmoveis.com.br\/en\/#website\",\"url\":\"https:\/\/www.sindmoveis.com.br\/en\/\",\"name\":\"Sindm\u00f3veis-RS\",\"description\":\"\",\"potentialAction\":[{\"@type\":\"SearchAction\",\"target\":{\"@type\":\"EntryPoint\",\"urlTemplate\":\"https:\/\/www.sindmoveis.com.br\/en\/?s={search_term_string}\"},\"query-input\":{\"@type\":\"PropertyValueSpecification\",\"valueRequired\":true,\"valueName\":\"search_term_string\"}}],\"inLanguage\":\"en-US\"},{\"@type\":\"Person\",\"@id\":\"https:\/\/www.sindmoveis.com.br\/en\/#\/schema\/person\/16d379542db1950a17fe188179340d57\",\"name\":\"Imprensa Sindm\u00f3veis\",\"image\":{\"@type\":\"ImageObject\",\"inLanguage\":\"en-US\",\"@id\":\"https:\/\/www.sindmoveis.com.br\/en\/#\/schema\/person\/image\/\",\"url\":\"https:\/\/secure.gravatar.com\/avatar\/4973e2e2c2a0cb5db30b0c7b770041b8e33d048a16b695a1f99c042449d4bfaf?s=96&d=mm&r=g\",\"contentUrl\":\"https:\/\/secure.gravatar.com\/avatar\/4973e2e2c2a0cb5db30b0c7b770041b8e33d048a16b695a1f99c042449d4bfaf?s=96&d=mm&r=g\",\"caption\":\"Imprensa Sindm\u00f3veis\"},\"url\":\"https:\/\/www.sindmoveis.com.br\/en\/author\/ana\/\"}]}<\/script>\n<!-- \/ Yoast SEO plugin. -->","yoast_head_json":{"title":"Registrations for Sal\u00e3o Design 2015 open today - Sindm\u00f3veis-RS","robots":{"index":"index","follow":"follow","max-snippet":"max-snippet:-1","max-image-preview":"max-image-preview:large","max-video-preview":"max-video-preview:-1"},"canonical":"https:\/\/www.sindmoveis.com.br\/en\/inscricoes-para-o-salao-design-2015-iniciam-hoje\/","og_locale":"en_US","og_type":"article","og_title":"Registrations for Sal\u00e3o Design 2015 open today - Sindm\u00f3veis-RS","og_description":"This Monday, September 1, the registrations for Sal\u00e3o Design 2015 will be open. The competition has been held by Sindm\u00f3veis Bento Gon\u00e7alves since 1988, aiming to encourage creativity, entrepreneurship and technological innovation of furniture and accessories through design. The 19th Sal\u00e3o Design Award will give R$ 205,000 in prizes in the professional, student and industry classes.","og_url":"https:\/\/www.sindmoveis.com.br\/en\/inscricoes-para-o-salao-design-2015-iniciam-hoje\/","og_site_name":"Sindm\u00f3veis-RS","article_published_time":"2014-09-01T03:00:00+00:00","article_modified_time":"2021-05-26T13:47:21+00:00","og_image":[{"width":2126,"height":1196,"url":"https:\/\/www.sindmoveis.com.br\/en\/wp-content\/uploads\/2021\/05\/p1409574040.jpg","type":"image\/jpeg"}],"author":"Imprensa Sindm\u00f3veis","twitter_card":"summary_large_image","twitter_misc":{"Written by":"Imprensa Sindm\u00f3veis","Est. reading time":"2 minutes"},"schema":{"@context":"https:\/\/schema.org","@graph":[{"@type":"Article","@id":"https:\/\/www.sindmoveis.com.br\/en\/inscricoes-para-o-salao-design-2015-iniciam-hoje\/#article","isPartOf":{"@id":"https:\/\/www.sindmoveis.com.br\/en\/inscricoes-para-o-salao-design-2015-iniciam-hoje\/"},"author":{"name":"Imprensa Sindm\u00f3veis","@id":"https:\/\/www.sindmoveis.com.br\/en\/#\/schema\/person\/16d379542db1950a17fe188179340d57"},"headline":"Registrations for Sal\u00e3o Design 2015 open today","datePublished":"2014-09-01T03:00:00+00:00","dateModified":"2021-05-26T13:47:21+00:00","mainEntityOfPage":{"@id":"https:\/\/www.sindmoveis.com.br\/en\/inscricoes-para-o-salao-design-2015-iniciam-hoje\/"},"wordCount":440,"image":{"@id":"https:\/\/www.sindmoveis.com.br\/en\/inscricoes-para-o-salao-design-2015-iniciam-hoje\/#primaryimage"},"thumbnailUrl":"https:\/\/www.sindmoveis.com.br\/en\/wp-content\/uploads\/2021\/05\/p1409574040.jpg","articleSection":["Sal\u00e3o Design Award","Sindm\u00f3veis"],"inLanguage":"en-US"},{"@type":"WebPage","@id":"https:\/\/www.sindmoveis.com.br\/en\/inscricoes-para-o-salao-design-2015-iniciam-hoje\/","url":"https:\/\/www.sindmoveis.com.br\/en\/inscricoes-para-o-salao-design-2015-iniciam-hoje\/","name":"Registrations for Sal\u00e3o Design 2015 open today - Sindm\u00f3veis-RS","isPartOf":{"@id":"https:\/\/www.sindmoveis.com.br\/en\/#website"},"primaryImageOfPage":{"@id":"https:\/\/www.sindmoveis.com.br\/en\/inscricoes-para-o-salao-design-2015-iniciam-hoje\/#primaryimage"},"image":{"@id":"https:\/\/www.sindmoveis.com.br\/en\/inscricoes-para-o-salao-design-2015-iniciam-hoje\/#primaryimage"},"thumbnailUrl":"https:\/\/www.sindmoveis.com.br\/en\/wp-content\/uploads\/2021\/05\/p1409574040.jpg","datePublished":"2014-09-01T03:00:00+00:00","dateModified":"2021-05-26T13:47:21+00:00","author":{"@id":"https:\/\/www.sindmoveis.com.br\/en\/#\/schema\/person\/16d379542db1950a17fe188179340d57"},"inLanguage":"en-US","potentialAction":[{"@type":"ReadAction","target":["https:\/\/www.sindmoveis.com.br\/en\/inscricoes-para-o-salao-design-2015-iniciam-hoje\/"]}]},{"@type":"ImageObject","inLanguage":"en-US","@id":"https:\/\/www.sindmoveis.com.br\/en\/inscricoes-para-o-salao-design-2015-iniciam-hoje\/#primaryimage","url":"https:\/\/www.sindmoveis.com.br\/en\/wp-content\/uploads\/2021\/05\/p1409574040.jpg","contentUrl":"https:\/\/www.sindmoveis.com.br\/en\/wp-content\/uploads\/2021\/05\/p1409574040.jpg","width":2126,"height":1196,"caption":"Em 26 anos"},{"@type":"WebSite","@id":"https:\/\/www.sindmoveis.com.br\/en\/#website","url":"https:\/\/www.sindmoveis.com.br\/en\/","name":"Sindm\u00f3veis-RS","description":"","potentialAction":[{"@type":"SearchAction","target":{"@type":"EntryPoint","urlTemplate":"https:\/\/www.sindmoveis.com.br\/en\/?s={search_term_string}"},"query-input":{"@type":"PropertyValueSpecification","valueRequired":true,"valueName":"search_term_string"}}],"inLanguage":"en-US"},{"@type":"Person","@id":"https:\/\/www.sindmoveis.com.br\/en\/#\/schema\/person\/16d379542db1950a17fe188179340d57","name":"Imprensa Sindm\u00f3veis","image":{"@type":"ImageObject","inLanguage":"en-US","@id":"https:\/\/www.sindmoveis.com.br\/en\/#\/schema\/person\/image\/","url":"https:\/\/secure.gravatar.com\/avatar\/4973e2e2c2a0cb5db30b0c7b770041b8e33d048a16b695a1f99c042449d4bfaf?s=96&d=mm&r=g","contentUrl":"https:\/\/secure.gravatar.com\/avatar\/4973e2e2c2a0cb5db30b0c7b770041b8e33d048a16b695a1f99c042449d4bfaf?s=96&d=mm&r=g","caption":"Imprensa Sindm\u00f3veis"},"url":"https:\/\/www.sindmoveis.com.br\/en\/author\/ana\/"}]}},"_links":{"self":[{"href":"https:\/\/www.sindmoveis.com.br\/en\/wp-json\/wp\/v2\/posts\/1113","targetHints":{"allow":["GET"]}}],"collection":[{"href":"https:\/\/www.sindmoveis.com.br\/en\/wp-json\/wp\/v2\/posts"}],"about":[{"href":"https:\/\/www.sindmoveis.com.br\/en\/wp-json\/wp\/v2\/types\/post"}],"author":[{"embeddable":true,"href":"https:\/\/www.sindmoveis.com.br\/en\/wp-json\/wp\/v2\/users\/5"}],"replies":[{"embeddable":true,"href":"https:\/\/www.sindmoveis.com.br\/en\/wp-json\/wp\/v2\/comments?post=1113"}],"version-history":[{"count":2,"href":"https:\/\/www.sindmoveis.com.br\/en\/wp-json\/wp\/v2\/posts\/1113\/revisions"}],"predecessor-version":[{"id":3390,"href":"https:\/\/www.sindmoveis.com.br\/en\/wp-json\/wp\/v2\/posts\/1113\/revisions\/3390"}],"wp:featuredmedia":[{"embeddable":true,"href":"https:\/\/www.sindmoveis.com.br\/en\/wp-json\/wp\/v2\/media\/3391"}],"wp:attachment":[{"href":"https:\/\/www.sindmoveis.com.br\/en\/wp-json\/wp\/v2\/media?parent=1113"}],"wp:term":[{"taxonomy":"category","embeddable":true,"href":"https:\/\/www.sindmoveis.com.br\/en\/wp-json\/wp\/v2\/categories?post=1113"},{"taxonomy":"post_tag","embeddable":true,"href":"https:\/\/www.sindmoveis.com.br\/en\/wp-json\/wp\/v2\/tags?post=1113"}],"curies":[{"name":"wp","href":"https:\/\/api.w.org\/{rel}","templated":true}]}}