{"id":1111,"date":"2014-08-25T00:00:00","date_gmt":"2014-08-25T03:00:00","guid":{"rendered":"http:\/\/sindmoveis.com.br\/imprensa\/noticias\/projeto-orchestra-brasil-presente-na-expo-nacional-ferretera-guadalajara\/"},"modified":"2021-05-26T10:47:20","modified_gmt":"2021-05-26T13:47:20","slug":"projeto-orchestra-brasil-presente-na-expo-nacional-ferretera-guadalajara","status":"publish","type":"post","link":"https:\/\/www.sindmoveis.com.br\/en\/projeto-orchestra-brasil-presente-na-expo-nacional-ferretera-guadalajara\/","title":{"rendered":"Member companies of the Orchestra Brasil Project will be individually supported during TecnoMueble Guadalajara"},"content":{"rendered":"<div>The Orchestra Brasil Project will support Artecola and Promob Softwares companies during their participation in the 26th edition of TecnoMueble Guadalajara, held from August 13-16. The fair brings together approximately 150 exhibitors of equipment and accessories for the furniture industry in an 8,000 square meter show floor.<\/div>\n<div>Mexico, the second largest economy in Latin America, has a thriving furniture industry, and is also one of the largest importers in the world of inputs used by the industry. It employs almost 50,000 people with an estimated production of US$ 6.8 billion in 2013, a figure 6.1% higher when compared to 2012.<\/div>\n<div>A recent report released by the IMF predicts that Mexico will grow by 2.4% in 2014 and 3.5% in 2015, while the forecast for Brazil suggests a growth of 1.3% in 2014 and 2% in 2015. Also a priority market for the Orchestra Brasil Project, Mexico increased by 24.2% its imports of products manufactured by the participating companies along the first half of this year compared with the same period last year. &nbsp; &nbsp;<\/div>\n<div>The Orchestra Brasil Project has been carried out since 2006 by the Furniture Industry Association of Bento Gon&ccedil;alves (Sindm&oacute;veis) and the Brazilian Trade and Investment Promotion Agency (Apex-Brasil).The initiative promotes the competitive inclusion of suppliers of the woodworking sector in the international market in a sustainable way.&nbsp;<\/div>\n","protected":false},"excerpt":{"rendered":"<p>The Orchestra Brasil Project will support Artecola and Promob Softwares companies during their participation in the 26th edition of TecnoMueble Guadalajara, held from August 13-16. The fair brings together approximately 150 exhibitors of equipment and accessories for the furniture industry in an 8,000 square meter show floor.<\/p>\n","protected":false},"author":5,"featured_media":3389,"comment_status":"closed","ping_status":"open","sticky":false,"template":"","format":"standard","meta":{"footnotes":"","_links_to":"","_links_to_target":""},"categories":[22,2],"tags":[],"class_list":["post-1111","post","type-post","status-publish","format-standard","has-post-thumbnail","hentry","category-orchestra-brasil-projeto","category-sindmoveis"],"yoast_head":"<!-- This site is optimized with the Yoast SEO plugin v27.0 - https:\/\/yoast.com\/product\/yoast-seo-wordpress\/ -->\n<title>Member companies of the Orchestra Brasil Project will be individually supported during TecnoMueble Guadalajara - Sindm\u00f3veis-RS<\/title>\n<meta name=\"robots\" content=\"index, follow, max-snippet:-1, max-image-preview:large, max-video-preview:-1\" \/>\n<link rel=\"canonical\" href=\"https:\/\/www.sindmoveis.com.br\/en\/projeto-orchestra-brasil-presente-na-expo-nacional-ferretera-guadalajara\/\" \/>\n<meta property=\"og:locale\" content=\"en_US\" \/>\n<meta property=\"og:type\" content=\"article\" \/>\n<meta property=\"og:title\" content=\"Member companies of the Orchestra Brasil Project will be individually supported during TecnoMueble Guadalajara - Sindm\u00f3veis-RS\" \/>\n<meta property=\"og:description\" content=\"The Orchestra Brasil Project will support Artecola and Promob Softwares companies during their participation in the 26th edition of TecnoMueble Guadalajara, held from August 13-16. The fair brings together approximately 150 exhibitors of equipment and accessories for the furniture industry in an 8,000 square meter show floor.\" \/>\n<meta property=\"og:url\" content=\"https:\/\/www.sindmoveis.com.br\/en\/projeto-orchestra-brasil-presente-na-expo-nacional-ferretera-guadalajara\/\" \/>\n<meta property=\"og:site_name\" content=\"Sindm\u00f3veis-RS\" \/>\n<meta property=\"article:published_time\" content=\"2014-08-25T03:00:00+00:00\" \/>\n<meta property=\"article:modified_time\" content=\"2021-05-26T13:47:20+00:00\" \/>\n<meta property=\"og:image\" content=\"https:\/\/www.sindmoveis.com.br\/en\/wp-content\/uploads\/2021\/05\/p1408987871.jpg\" \/>\n\t<meta property=\"og:image:width\" content=\"945\" \/>\n\t<meta property=\"og:image:height\" content=\"894\" \/>\n\t<meta property=\"og:image:type\" content=\"image\/jpeg\" \/>\n<meta name=\"author\" content=\"Imprensa Sindm\u00f3veis\" \/>\n<meta name=\"twitter:card\" content=\"summary_large_image\" \/>\n<meta name=\"twitter:label1\" content=\"Written by\" \/>\n\t<meta name=\"twitter:data1\" content=\"Imprensa Sindm\u00f3veis\" \/>\n\t<meta name=\"twitter:label2\" content=\"Est. reading time\" \/>\n\t<meta name=\"twitter:data2\" content=\"1 minute\" \/>\n<script type=\"application\/ld+json\" class=\"yoast-schema-graph\">{\"@context\":\"https:\/\/schema.org\",\"@graph\":[{\"@type\":\"Article\",\"@id\":\"https:\/\/www.sindmoveis.com.br\/en\/projeto-orchestra-brasil-presente-na-expo-nacional-ferretera-guadalajara\/#article\",\"isPartOf\":{\"@id\":\"https:\/\/www.sindmoveis.com.br\/en\/projeto-orchestra-brasil-presente-na-expo-nacional-ferretera-guadalajara\/\"},\"author\":{\"name\":\"Imprensa Sindm\u00f3veis\",\"@id\":\"https:\/\/www.sindmoveis.com.br\/en\/#\/schema\/person\/16d379542db1950a17fe188179340d57\"},\"headline\":\"Member companies of the Orchestra Brasil Project will be individually supported during TecnoMueble Guadalajara\",\"datePublished\":\"2014-08-25T03:00:00+00:00\",\"dateModified\":\"2021-05-26T13:47:20+00:00\",\"mainEntityOfPage\":{\"@id\":\"https:\/\/www.sindmoveis.com.br\/en\/projeto-orchestra-brasil-presente-na-expo-nacional-ferretera-guadalajara\/\"},\"wordCount\":224,\"image\":{\"@id\":\"https:\/\/www.sindmoveis.com.br\/en\/projeto-orchestra-brasil-presente-na-expo-nacional-ferretera-guadalajara\/#primaryimage\"},\"thumbnailUrl\":\"https:\/\/www.sindmoveis.com.br\/en\/wp-content\/uploads\/2021\/05\/p1408987871.jpg\",\"articleSection\":[\"Orchestra Brasil Project\",\"Sindm\u00f3veis\"],\"inLanguage\":\"en-US\"},{\"@type\":\"WebPage\",\"@id\":\"https:\/\/www.sindmoveis.com.br\/en\/projeto-orchestra-brasil-presente-na-expo-nacional-ferretera-guadalajara\/\",\"url\":\"https:\/\/www.sindmoveis.com.br\/en\/projeto-orchestra-brasil-presente-na-expo-nacional-ferretera-guadalajara\/\",\"name\":\"Member companies of the Orchestra Brasil Project will be individually supported during TecnoMueble Guadalajara - Sindm\u00f3veis-RS\",\"isPartOf\":{\"@id\":\"https:\/\/www.sindmoveis.com.br\/en\/#website\"},\"primaryImageOfPage\":{\"@id\":\"https:\/\/www.sindmoveis.com.br\/en\/projeto-orchestra-brasil-presente-na-expo-nacional-ferretera-guadalajara\/#primaryimage\"},\"image\":{\"@id\":\"https:\/\/www.sindmoveis.com.br\/en\/projeto-orchestra-brasil-presente-na-expo-nacional-ferretera-guadalajara\/#primaryimage\"},\"thumbnailUrl\":\"https:\/\/www.sindmoveis.com.br\/en\/wp-content\/uploads\/2021\/05\/p1408987871.jpg\",\"datePublished\":\"2014-08-25T03:00:00+00:00\",\"dateModified\":\"2021-05-26T13:47:20+00:00\",\"author\":{\"@id\":\"https:\/\/www.sindmoveis.com.br\/en\/#\/schema\/person\/16d379542db1950a17fe188179340d57\"},\"inLanguage\":\"en-US\",\"potentialAction\":[{\"@type\":\"ReadAction\",\"target\":[\"https:\/\/www.sindmoveis.com.br\/en\/projeto-orchestra-brasil-presente-na-expo-nacional-ferretera-guadalajara\/\"]}]},{\"@type\":\"ImageObject\",\"inLanguage\":\"en-US\",\"@id\":\"https:\/\/www.sindmoveis.com.br\/en\/projeto-orchestra-brasil-presente-na-expo-nacional-ferretera-guadalajara\/#primaryimage\",\"url\":\"https:\/\/www.sindmoveis.com.br\/en\/wp-content\/uploads\/2021\/05\/p1408987871.jpg\",\"contentUrl\":\"https:\/\/www.sindmoveis.com.br\/en\/wp-content\/uploads\/2021\/05\/p1408987871.jpg\",\"width\":945,\"height\":894,\"caption\":\"Esta \u00e9 a terceira participa\u00e7\u00e3o do projeto na feira\"},{\"@type\":\"WebSite\",\"@id\":\"https:\/\/www.sindmoveis.com.br\/en\/#website\",\"url\":\"https:\/\/www.sindmoveis.com.br\/en\/\",\"name\":\"Sindm\u00f3veis-RS\",\"description\":\"\",\"potentialAction\":[{\"@type\":\"SearchAction\",\"target\":{\"@type\":\"EntryPoint\",\"urlTemplate\":\"https:\/\/www.sindmoveis.com.br\/en\/?s={search_term_string}\"},\"query-input\":{\"@type\":\"PropertyValueSpecification\",\"valueRequired\":true,\"valueName\":\"search_term_string\"}}],\"inLanguage\":\"en-US\"},{\"@type\":\"Person\",\"@id\":\"https:\/\/www.sindmoveis.com.br\/en\/#\/schema\/person\/16d379542db1950a17fe188179340d57\",\"name\":\"Imprensa Sindm\u00f3veis\",\"image\":{\"@type\":\"ImageObject\",\"inLanguage\":\"en-US\",\"@id\":\"https:\/\/www.sindmoveis.com.br\/en\/#\/schema\/person\/image\/\",\"url\":\"https:\/\/secure.gravatar.com\/avatar\/4973e2e2c2a0cb5db30b0c7b770041b8e33d048a16b695a1f99c042449d4bfaf?s=96&d=mm&r=g\",\"contentUrl\":\"https:\/\/secure.gravatar.com\/avatar\/4973e2e2c2a0cb5db30b0c7b770041b8e33d048a16b695a1f99c042449d4bfaf?s=96&d=mm&r=g\",\"caption\":\"Imprensa Sindm\u00f3veis\"},\"url\":\"https:\/\/www.sindmoveis.com.br\/en\/author\/ana\/\"}]}<\/script>\n<!-- \/ Yoast SEO plugin. -->","yoast_head_json":{"title":"Member companies of the Orchestra Brasil Project will be individually supported during TecnoMueble Guadalajara - Sindm\u00f3veis-RS","robots":{"index":"index","follow":"follow","max-snippet":"max-snippet:-1","max-image-preview":"max-image-preview:large","max-video-preview":"max-video-preview:-1"},"canonical":"https:\/\/www.sindmoveis.com.br\/en\/projeto-orchestra-brasil-presente-na-expo-nacional-ferretera-guadalajara\/","og_locale":"en_US","og_type":"article","og_title":"Member companies of the Orchestra Brasil Project will be individually supported during TecnoMueble Guadalajara - Sindm\u00f3veis-RS","og_description":"The Orchestra Brasil Project will support Artecola and Promob Softwares companies during their participation in the 26th edition of TecnoMueble Guadalajara, held from August 13-16. The fair brings together approximately 150 exhibitors of equipment and accessories for the furniture industry in an 8,000 square meter show floor.","og_url":"https:\/\/www.sindmoveis.com.br\/en\/projeto-orchestra-brasil-presente-na-expo-nacional-ferretera-guadalajara\/","og_site_name":"Sindm\u00f3veis-RS","article_published_time":"2014-08-25T03:00:00+00:00","article_modified_time":"2021-05-26T13:47:20+00:00","og_image":[{"width":945,"height":894,"url":"https:\/\/www.sindmoveis.com.br\/en\/wp-content\/uploads\/2021\/05\/p1408987871.jpg","type":"image\/jpeg"}],"author":"Imprensa Sindm\u00f3veis","twitter_card":"summary_large_image","twitter_misc":{"Written by":"Imprensa Sindm\u00f3veis","Est. reading time":"1 minute"},"schema":{"@context":"https:\/\/schema.org","@graph":[{"@type":"Article","@id":"https:\/\/www.sindmoveis.com.br\/en\/projeto-orchestra-brasil-presente-na-expo-nacional-ferretera-guadalajara\/#article","isPartOf":{"@id":"https:\/\/www.sindmoveis.com.br\/en\/projeto-orchestra-brasil-presente-na-expo-nacional-ferretera-guadalajara\/"},"author":{"name":"Imprensa Sindm\u00f3veis","@id":"https:\/\/www.sindmoveis.com.br\/en\/#\/schema\/person\/16d379542db1950a17fe188179340d57"},"headline":"Member companies of the Orchestra Brasil Project will be individually supported during TecnoMueble Guadalajara","datePublished":"2014-08-25T03:00:00+00:00","dateModified":"2021-05-26T13:47:20+00:00","mainEntityOfPage":{"@id":"https:\/\/www.sindmoveis.com.br\/en\/projeto-orchestra-brasil-presente-na-expo-nacional-ferretera-guadalajara\/"},"wordCount":224,"image":{"@id":"https:\/\/www.sindmoveis.com.br\/en\/projeto-orchestra-brasil-presente-na-expo-nacional-ferretera-guadalajara\/#primaryimage"},"thumbnailUrl":"https:\/\/www.sindmoveis.com.br\/en\/wp-content\/uploads\/2021\/05\/p1408987871.jpg","articleSection":["Orchestra Brasil Project","Sindm\u00f3veis"],"inLanguage":"en-US"},{"@type":"WebPage","@id":"https:\/\/www.sindmoveis.com.br\/en\/projeto-orchestra-brasil-presente-na-expo-nacional-ferretera-guadalajara\/","url":"https:\/\/www.sindmoveis.com.br\/en\/projeto-orchestra-brasil-presente-na-expo-nacional-ferretera-guadalajara\/","name":"Member companies of the Orchestra Brasil Project will be individually supported during TecnoMueble Guadalajara - Sindm\u00f3veis-RS","isPartOf":{"@id":"https:\/\/www.sindmoveis.com.br\/en\/#website"},"primaryImageOfPage":{"@id":"https:\/\/www.sindmoveis.com.br\/en\/projeto-orchestra-brasil-presente-na-expo-nacional-ferretera-guadalajara\/#primaryimage"},"image":{"@id":"https:\/\/www.sindmoveis.com.br\/en\/projeto-orchestra-brasil-presente-na-expo-nacional-ferretera-guadalajara\/#primaryimage"},"thumbnailUrl":"https:\/\/www.sindmoveis.com.br\/en\/wp-content\/uploads\/2021\/05\/p1408987871.jpg","datePublished":"2014-08-25T03:00:00+00:00","dateModified":"2021-05-26T13:47:20+00:00","author":{"@id":"https:\/\/www.sindmoveis.com.br\/en\/#\/schema\/person\/16d379542db1950a17fe188179340d57"},"inLanguage":"en-US","potentialAction":[{"@type":"ReadAction","target":["https:\/\/www.sindmoveis.com.br\/en\/projeto-orchestra-brasil-presente-na-expo-nacional-ferretera-guadalajara\/"]}]},{"@type":"ImageObject","inLanguage":"en-US","@id":"https:\/\/www.sindmoveis.com.br\/en\/projeto-orchestra-brasil-presente-na-expo-nacional-ferretera-guadalajara\/#primaryimage","url":"https:\/\/www.sindmoveis.com.br\/en\/wp-content\/uploads\/2021\/05\/p1408987871.jpg","contentUrl":"https:\/\/www.sindmoveis.com.br\/en\/wp-content\/uploads\/2021\/05\/p1408987871.jpg","width":945,"height":894,"caption":"Esta \u00e9 a terceira participa\u00e7\u00e3o do projeto na feira"},{"@type":"WebSite","@id":"https:\/\/www.sindmoveis.com.br\/en\/#website","url":"https:\/\/www.sindmoveis.com.br\/en\/","name":"Sindm\u00f3veis-RS","description":"","potentialAction":[{"@type":"SearchAction","target":{"@type":"EntryPoint","urlTemplate":"https:\/\/www.sindmoveis.com.br\/en\/?s={search_term_string}"},"query-input":{"@type":"PropertyValueSpecification","valueRequired":true,"valueName":"search_term_string"}}],"inLanguage":"en-US"},{"@type":"Person","@id":"https:\/\/www.sindmoveis.com.br\/en\/#\/schema\/person\/16d379542db1950a17fe188179340d57","name":"Imprensa Sindm\u00f3veis","image":{"@type":"ImageObject","inLanguage":"en-US","@id":"https:\/\/www.sindmoveis.com.br\/en\/#\/schema\/person\/image\/","url":"https:\/\/secure.gravatar.com\/avatar\/4973e2e2c2a0cb5db30b0c7b770041b8e33d048a16b695a1f99c042449d4bfaf?s=96&d=mm&r=g","contentUrl":"https:\/\/secure.gravatar.com\/avatar\/4973e2e2c2a0cb5db30b0c7b770041b8e33d048a16b695a1f99c042449d4bfaf?s=96&d=mm&r=g","caption":"Imprensa Sindm\u00f3veis"},"url":"https:\/\/www.sindmoveis.com.br\/en\/author\/ana\/"}]}},"_links":{"self":[{"href":"https:\/\/www.sindmoveis.com.br\/en\/wp-json\/wp\/v2\/posts\/1111","targetHints":{"allow":["GET"]}}],"collection":[{"href":"https:\/\/www.sindmoveis.com.br\/en\/wp-json\/wp\/v2\/posts"}],"about":[{"href":"https:\/\/www.sindmoveis.com.br\/en\/wp-json\/wp\/v2\/types\/post"}],"author":[{"embeddable":true,"href":"https:\/\/www.sindmoveis.com.br\/en\/wp-json\/wp\/v2\/users\/5"}],"replies":[{"embeddable":true,"href":"https:\/\/www.sindmoveis.com.br\/en\/wp-json\/wp\/v2\/comments?post=1111"}],"version-history":[{"count":2,"href":"https:\/\/www.sindmoveis.com.br\/en\/wp-json\/wp\/v2\/posts\/1111\/revisions"}],"predecessor-version":[{"id":3388,"href":"https:\/\/www.sindmoveis.com.br\/en\/wp-json\/wp\/v2\/posts\/1111\/revisions\/3388"}],"wp:featuredmedia":[{"embeddable":true,"href":"https:\/\/www.sindmoveis.com.br\/en\/wp-json\/wp\/v2\/media\/3389"}],"wp:attachment":[{"href":"https:\/\/www.sindmoveis.com.br\/en\/wp-json\/wp\/v2\/media?parent=1111"}],"wp:term":[{"taxonomy":"category","embeddable":true,"href":"https:\/\/www.sindmoveis.com.br\/en\/wp-json\/wp\/v2\/categories?post=1111"},{"taxonomy":"post_tag","embeddable":true,"href":"https:\/\/www.sindmoveis.com.br\/en\/wp-json\/wp\/v2\/tags?post=1111"}],"curies":[{"name":"wp","href":"https:\/\/api.w.org\/{rel}","templated":true}]}}