{"id":1086,"date":"2014-03-28T00:00:00","date_gmt":"2014-03-28T03:00:00","guid":{"rendered":"http:\/\/sindmoveis.com.br\/imprensa\/noticias\/reclame-aqui-realiza-palestra-para-empresarios-da-industria-moveleira\/"},"modified":"2021-05-26T10:47:08","modified_gmt":"2021-05-26T13:47:08","slug":"reclame-aqui-realiza-palestra-para-empresarios-da-industria-moveleira","status":"publish","type":"post","link":"https:\/\/www.sindmoveis.com.br\/en\/reclame-aqui-realiza-palestra-para-empresarios-da-industria-moveleira\/","title":{"rendered":"Reclame Aqui holds a lecture to entrepreneurs of the furniture industry"},"content":{"rendered":"<div><em>Creator of the site shows how to stay away from the ranking of claims<\/em><br \/>\n&nbsp;<\/div>\n<div>Locating the bottlenecks of the furniture industry and how companies can work with consumers were two of the topics discussed during the meeting of the furniture industry businessmen with the CEO of the Reclame Aqui (Complain Here) website, Mauricio Vargas, on Friday, March 28, at Movelsul Brasil 2014. Promoted by Sindm&oacute;veis in partnership with Movergs, the initiative is part of an action plan developed by Comit&ecirc; Moveleiro of Bento Gon&ccedil;alves, established in 2012 to debate issues related to the market share of furniture developed in projects.&nbsp;<\/div>\n<div>More than a communication channel between a customer and a company, Reclame Aqui is a showcase for different areas of consumption. According to Vargas, approximately 90% of the searches are made to access the reputation of a brand. Last year alone, 5 million complaints were made to the portal. &quot;There is no use advertising if the company is not organized,&quot; says Vargas. For the CEO, manufacturing companies must undergo a process of acculturation. &quot;Isn&rsquo;t it better to keep a buyer than win a new one? A well-served customer is a loyal customer,&quot; he says.<\/div>\n<div>Having been on business for 12 years, Reclame Aqui has 70,000 registered companies, reaching 11.7 million accesses per month. The brand has just launched its mobile application program. In 10 days, 52,000 downloads were made.<\/div>\n","protected":false},"excerpt":{"rendered":"<p>Locating the bottlenecks of the furniture industry and how companies can work with consumers were two of the topics discussed during the meeting of the furniture industry businessmen with the CEO of the Reclame Aqui (Complain Here) website, Mauricio Vargas, on Friday, March 28, at Movelsul Brasil 2014. Promoted by Sindm\u00f3veis in partnership with Movergs, the initiative is part of an action plan developed by Comit\u00ea Moveleiro of Bento Gon\u00e7alves, established in 2012 to debate issues related to the market share of furniture developed in projects.<\/p>\n","protected":false},"author":5,"featured_media":3359,"comment_status":"closed","ping_status":"open","sticky":false,"template":"","format":"standard","meta":{"footnotes":"","_links_to":"","_links_to_target":""},"categories":[25,2],"tags":[],"class_list":["post-1086","post","type-post","status-publish","format-standard","has-post-thumbnail","hentry","category-cursos-e-treinamentos","category-sindmoveis"],"yoast_head":"<!-- This site is optimized with the Yoast SEO plugin v27.0 - https:\/\/yoast.com\/product\/yoast-seo-wordpress\/ -->\n<title>Reclame Aqui holds a lecture to entrepreneurs of the furniture industry - Sindm\u00f3veis-RS<\/title>\n<meta name=\"robots\" content=\"index, follow, max-snippet:-1, max-image-preview:large, max-video-preview:-1\" \/>\n<link rel=\"canonical\" href=\"https:\/\/www.sindmoveis.com.br\/en\/reclame-aqui-realiza-palestra-para-empresarios-da-industria-moveleira\/\" \/>\n<meta property=\"og:locale\" content=\"en_US\" \/>\n<meta property=\"og:type\" content=\"article\" \/>\n<meta property=\"og:title\" content=\"Reclame Aqui holds a lecture to entrepreneurs of the furniture industry - Sindm\u00f3veis-RS\" \/>\n<meta property=\"og:description\" content=\"Locating the bottlenecks of the furniture industry and how companies can work with consumers were two of the topics discussed during the meeting of the furniture industry businessmen with the CEO of the Reclame Aqui (Complain Here) website, Mauricio Vargas, on Friday, March 28, at Movelsul Brasil 2014. Promoted by Sindm\u00f3veis in partnership with Movergs, the initiative is part of an action plan developed by Comit\u00ea Moveleiro of Bento Gon\u00e7alves, established in 2012 to debate issues related to the market share of furniture developed in projects.\" \/>\n<meta property=\"og:url\" content=\"https:\/\/www.sindmoveis.com.br\/en\/reclame-aqui-realiza-palestra-para-empresarios-da-industria-moveleira\/\" \/>\n<meta property=\"og:site_name\" content=\"Sindm\u00f3veis-RS\" \/>\n<meta property=\"article:published_time\" content=\"2014-03-28T03:00:00+00:00\" \/>\n<meta property=\"article:modified_time\" content=\"2021-05-26T13:47:08+00:00\" \/>\n<meta property=\"og:image\" content=\"https:\/\/www.sindmoveis.com.br\/en\/wp-content\/uploads\/2021\/05\/p1396043632.jpg\" \/>\n\t<meta property=\"og:image:width\" content=\"1200\" \/>\n\t<meta property=\"og:image:height\" content=\"800\" \/>\n\t<meta property=\"og:image:type\" content=\"image\/jpeg\" \/>\n<meta name=\"author\" content=\"Imprensa Sindm\u00f3veis\" \/>\n<meta name=\"twitter:card\" content=\"summary_large_image\" \/>\n<meta name=\"twitter:label1\" content=\"Written by\" \/>\n\t<meta name=\"twitter:data1\" content=\"Imprensa Sindm\u00f3veis\" \/>\n\t<meta name=\"twitter:label2\" content=\"Est. reading time\" \/>\n\t<meta name=\"twitter:data2\" content=\"1 minute\" \/>\n<script type=\"application\/ld+json\" class=\"yoast-schema-graph\">{\"@context\":\"https:\/\/schema.org\",\"@graph\":[{\"@type\":\"Article\",\"@id\":\"https:\/\/www.sindmoveis.com.br\/en\/reclame-aqui-realiza-palestra-para-empresarios-da-industria-moveleira\/#article\",\"isPartOf\":{\"@id\":\"https:\/\/www.sindmoveis.com.br\/en\/reclame-aqui-realiza-palestra-para-empresarios-da-industria-moveleira\/\"},\"author\":{\"name\":\"Imprensa Sindm\u00f3veis\",\"@id\":\"https:\/\/www.sindmoveis.com.br\/en\/#\/schema\/person\/16d379542db1950a17fe188179340d57\"},\"headline\":\"Reclame Aqui holds a lecture to entrepreneurs of the furniture industry\",\"datePublished\":\"2014-03-28T03:00:00+00:00\",\"dateModified\":\"2021-05-26T13:47:08+00:00\",\"mainEntityOfPage\":{\"@id\":\"https:\/\/www.sindmoveis.com.br\/en\/reclame-aqui-realiza-palestra-para-empresarios-da-industria-moveleira\/\"},\"wordCount\":243,\"image\":{\"@id\":\"https:\/\/www.sindmoveis.com.br\/en\/reclame-aqui-realiza-palestra-para-empresarios-da-industria-moveleira\/#primaryimage\"},\"thumbnailUrl\":\"https:\/\/www.sindmoveis.com.br\/en\/wp-content\/uploads\/2021\/05\/p1396043632.jpg\",\"articleSection\":[\"Cursos e treinamentos\",\"Sindm\u00f3veis\"],\"inLanguage\":\"en-US\"},{\"@type\":\"WebPage\",\"@id\":\"https:\/\/www.sindmoveis.com.br\/en\/reclame-aqui-realiza-palestra-para-empresarios-da-industria-moveleira\/\",\"url\":\"https:\/\/www.sindmoveis.com.br\/en\/reclame-aqui-realiza-palestra-para-empresarios-da-industria-moveleira\/\",\"name\":\"Reclame Aqui holds a lecture to entrepreneurs of the furniture industry - Sindm\u00f3veis-RS\",\"isPartOf\":{\"@id\":\"https:\/\/www.sindmoveis.com.br\/en\/#website\"},\"primaryImageOfPage\":{\"@id\":\"https:\/\/www.sindmoveis.com.br\/en\/reclame-aqui-realiza-palestra-para-empresarios-da-industria-moveleira\/#primaryimage\"},\"image\":{\"@id\":\"https:\/\/www.sindmoveis.com.br\/en\/reclame-aqui-realiza-palestra-para-empresarios-da-industria-moveleira\/#primaryimage\"},\"thumbnailUrl\":\"https:\/\/www.sindmoveis.com.br\/en\/wp-content\/uploads\/2021\/05\/p1396043632.jpg\",\"datePublished\":\"2014-03-28T03:00:00+00:00\",\"dateModified\":\"2021-05-26T13:47:08+00:00\",\"author\":{\"@id\":\"https:\/\/www.sindmoveis.com.br\/en\/#\/schema\/person\/16d379542db1950a17fe188179340d57\"},\"inLanguage\":\"en-US\",\"potentialAction\":[{\"@type\":\"ReadAction\",\"target\":[\"https:\/\/www.sindmoveis.com.br\/en\/reclame-aqui-realiza-palestra-para-empresarios-da-industria-moveleira\/\"]}]},{\"@type\":\"ImageObject\",\"inLanguage\":\"en-US\",\"@id\":\"https:\/\/www.sindmoveis.com.br\/en\/reclame-aqui-realiza-palestra-para-empresarios-da-industria-moveleira\/#primaryimage\",\"url\":\"https:\/\/www.sindmoveis.com.br\/en\/wp-content\/uploads\/2021\/05\/p1396043632.jpg\",\"contentUrl\":\"https:\/\/www.sindmoveis.com.br\/en\/wp-content\/uploads\/2021\/05\/p1396043632.jpg\",\"width\":1200,\"height\":800,\"caption\":\"CEO do site Reclame Aqui\"},{\"@type\":\"WebSite\",\"@id\":\"https:\/\/www.sindmoveis.com.br\/en\/#website\",\"url\":\"https:\/\/www.sindmoveis.com.br\/en\/\",\"name\":\"Sindm\u00f3veis-RS\",\"description\":\"\",\"potentialAction\":[{\"@type\":\"SearchAction\",\"target\":{\"@type\":\"EntryPoint\",\"urlTemplate\":\"https:\/\/www.sindmoveis.com.br\/en\/?s={search_term_string}\"},\"query-input\":{\"@type\":\"PropertyValueSpecification\",\"valueRequired\":true,\"valueName\":\"search_term_string\"}}],\"inLanguage\":\"en-US\"},{\"@type\":\"Person\",\"@id\":\"https:\/\/www.sindmoveis.com.br\/en\/#\/schema\/person\/16d379542db1950a17fe188179340d57\",\"name\":\"Imprensa Sindm\u00f3veis\",\"image\":{\"@type\":\"ImageObject\",\"inLanguage\":\"en-US\",\"@id\":\"https:\/\/www.sindmoveis.com.br\/en\/#\/schema\/person\/image\/\",\"url\":\"https:\/\/secure.gravatar.com\/avatar\/4973e2e2c2a0cb5db30b0c7b770041b8e33d048a16b695a1f99c042449d4bfaf?s=96&d=mm&r=g\",\"contentUrl\":\"https:\/\/secure.gravatar.com\/avatar\/4973e2e2c2a0cb5db30b0c7b770041b8e33d048a16b695a1f99c042449d4bfaf?s=96&d=mm&r=g\",\"caption\":\"Imprensa Sindm\u00f3veis\"},\"url\":\"https:\/\/www.sindmoveis.com.br\/en\/author\/ana\/\"}]}<\/script>\n<!-- \/ Yoast SEO plugin. -->","yoast_head_json":{"title":"Reclame Aqui holds a lecture to entrepreneurs of the furniture industry - Sindm\u00f3veis-RS","robots":{"index":"index","follow":"follow","max-snippet":"max-snippet:-1","max-image-preview":"max-image-preview:large","max-video-preview":"max-video-preview:-1"},"canonical":"https:\/\/www.sindmoveis.com.br\/en\/reclame-aqui-realiza-palestra-para-empresarios-da-industria-moveleira\/","og_locale":"en_US","og_type":"article","og_title":"Reclame Aqui holds a lecture to entrepreneurs of the furniture industry - Sindm\u00f3veis-RS","og_description":"Locating the bottlenecks of the furniture industry and how companies can work with consumers were two of the topics discussed during the meeting of the furniture industry businessmen with the CEO of the Reclame Aqui (Complain Here) website, Mauricio Vargas, on Friday, March 28, at Movelsul Brasil 2014. Promoted by Sindm\u00f3veis in partnership with Movergs, the initiative is part of an action plan developed by Comit\u00ea Moveleiro of Bento Gon\u00e7alves, established in 2012 to debate issues related to the market share of furniture developed in projects.","og_url":"https:\/\/www.sindmoveis.com.br\/en\/reclame-aqui-realiza-palestra-para-empresarios-da-industria-moveleira\/","og_site_name":"Sindm\u00f3veis-RS","article_published_time":"2014-03-28T03:00:00+00:00","article_modified_time":"2021-05-26T13:47:08+00:00","og_image":[{"width":1200,"height":800,"url":"https:\/\/www.sindmoveis.com.br\/en\/wp-content\/uploads\/2021\/05\/p1396043632.jpg","type":"image\/jpeg"}],"author":"Imprensa Sindm\u00f3veis","twitter_card":"summary_large_image","twitter_misc":{"Written by":"Imprensa Sindm\u00f3veis","Est. reading time":"1 minute"},"schema":{"@context":"https:\/\/schema.org","@graph":[{"@type":"Article","@id":"https:\/\/www.sindmoveis.com.br\/en\/reclame-aqui-realiza-palestra-para-empresarios-da-industria-moveleira\/#article","isPartOf":{"@id":"https:\/\/www.sindmoveis.com.br\/en\/reclame-aqui-realiza-palestra-para-empresarios-da-industria-moveleira\/"},"author":{"name":"Imprensa Sindm\u00f3veis","@id":"https:\/\/www.sindmoveis.com.br\/en\/#\/schema\/person\/16d379542db1950a17fe188179340d57"},"headline":"Reclame Aqui holds a lecture to entrepreneurs of the furniture industry","datePublished":"2014-03-28T03:00:00+00:00","dateModified":"2021-05-26T13:47:08+00:00","mainEntityOfPage":{"@id":"https:\/\/www.sindmoveis.com.br\/en\/reclame-aqui-realiza-palestra-para-empresarios-da-industria-moveleira\/"},"wordCount":243,"image":{"@id":"https:\/\/www.sindmoveis.com.br\/en\/reclame-aqui-realiza-palestra-para-empresarios-da-industria-moveleira\/#primaryimage"},"thumbnailUrl":"https:\/\/www.sindmoveis.com.br\/en\/wp-content\/uploads\/2021\/05\/p1396043632.jpg","articleSection":["Cursos e treinamentos","Sindm\u00f3veis"],"inLanguage":"en-US"},{"@type":"WebPage","@id":"https:\/\/www.sindmoveis.com.br\/en\/reclame-aqui-realiza-palestra-para-empresarios-da-industria-moveleira\/","url":"https:\/\/www.sindmoveis.com.br\/en\/reclame-aqui-realiza-palestra-para-empresarios-da-industria-moveleira\/","name":"Reclame Aqui holds a lecture to entrepreneurs of the furniture industry - Sindm\u00f3veis-RS","isPartOf":{"@id":"https:\/\/www.sindmoveis.com.br\/en\/#website"},"primaryImageOfPage":{"@id":"https:\/\/www.sindmoveis.com.br\/en\/reclame-aqui-realiza-palestra-para-empresarios-da-industria-moveleira\/#primaryimage"},"image":{"@id":"https:\/\/www.sindmoveis.com.br\/en\/reclame-aqui-realiza-palestra-para-empresarios-da-industria-moveleira\/#primaryimage"},"thumbnailUrl":"https:\/\/www.sindmoveis.com.br\/en\/wp-content\/uploads\/2021\/05\/p1396043632.jpg","datePublished":"2014-03-28T03:00:00+00:00","dateModified":"2021-05-26T13:47:08+00:00","author":{"@id":"https:\/\/www.sindmoveis.com.br\/en\/#\/schema\/person\/16d379542db1950a17fe188179340d57"},"inLanguage":"en-US","potentialAction":[{"@type":"ReadAction","target":["https:\/\/www.sindmoveis.com.br\/en\/reclame-aqui-realiza-palestra-para-empresarios-da-industria-moveleira\/"]}]},{"@type":"ImageObject","inLanguage":"en-US","@id":"https:\/\/www.sindmoveis.com.br\/en\/reclame-aqui-realiza-palestra-para-empresarios-da-industria-moveleira\/#primaryimage","url":"https:\/\/www.sindmoveis.com.br\/en\/wp-content\/uploads\/2021\/05\/p1396043632.jpg","contentUrl":"https:\/\/www.sindmoveis.com.br\/en\/wp-content\/uploads\/2021\/05\/p1396043632.jpg","width":1200,"height":800,"caption":"CEO do site Reclame Aqui"},{"@type":"WebSite","@id":"https:\/\/www.sindmoveis.com.br\/en\/#website","url":"https:\/\/www.sindmoveis.com.br\/en\/","name":"Sindm\u00f3veis-RS","description":"","potentialAction":[{"@type":"SearchAction","target":{"@type":"EntryPoint","urlTemplate":"https:\/\/www.sindmoveis.com.br\/en\/?s={search_term_string}"},"query-input":{"@type":"PropertyValueSpecification","valueRequired":true,"valueName":"search_term_string"}}],"inLanguage":"en-US"},{"@type":"Person","@id":"https:\/\/www.sindmoveis.com.br\/en\/#\/schema\/person\/16d379542db1950a17fe188179340d57","name":"Imprensa Sindm\u00f3veis","image":{"@type":"ImageObject","inLanguage":"en-US","@id":"https:\/\/www.sindmoveis.com.br\/en\/#\/schema\/person\/image\/","url":"https:\/\/secure.gravatar.com\/avatar\/4973e2e2c2a0cb5db30b0c7b770041b8e33d048a16b695a1f99c042449d4bfaf?s=96&d=mm&r=g","contentUrl":"https:\/\/secure.gravatar.com\/avatar\/4973e2e2c2a0cb5db30b0c7b770041b8e33d048a16b695a1f99c042449d4bfaf?s=96&d=mm&r=g","caption":"Imprensa Sindm\u00f3veis"},"url":"https:\/\/www.sindmoveis.com.br\/en\/author\/ana\/"}]}},"_links":{"self":[{"href":"https:\/\/www.sindmoveis.com.br\/en\/wp-json\/wp\/v2\/posts\/1086","targetHints":{"allow":["GET"]}}],"collection":[{"href":"https:\/\/www.sindmoveis.com.br\/en\/wp-json\/wp\/v2\/posts"}],"about":[{"href":"https:\/\/www.sindmoveis.com.br\/en\/wp-json\/wp\/v2\/types\/post"}],"author":[{"embeddable":true,"href":"https:\/\/www.sindmoveis.com.br\/en\/wp-json\/wp\/v2\/users\/5"}],"replies":[{"embeddable":true,"href":"https:\/\/www.sindmoveis.com.br\/en\/wp-json\/wp\/v2\/comments?post=1086"}],"version-history":[{"count":2,"href":"https:\/\/www.sindmoveis.com.br\/en\/wp-json\/wp\/v2\/posts\/1086\/revisions"}],"predecessor-version":[{"id":3358,"href":"https:\/\/www.sindmoveis.com.br\/en\/wp-json\/wp\/v2\/posts\/1086\/revisions\/3358"}],"wp:featuredmedia":[{"embeddable":true,"href":"https:\/\/www.sindmoveis.com.br\/en\/wp-json\/wp\/v2\/media\/3359"}],"wp:attachment":[{"href":"https:\/\/www.sindmoveis.com.br\/en\/wp-json\/wp\/v2\/media?parent=1086"}],"wp:term":[{"taxonomy":"category","embeddable":true,"href":"https:\/\/www.sindmoveis.com.br\/en\/wp-json\/wp\/v2\/categories?post=1086"},{"taxonomy":"post_tag","embeddable":true,"href":"https:\/\/www.sindmoveis.com.br\/en\/wp-json\/wp\/v2\/tags?post=1086"}],"curies":[{"name":"wp","href":"https:\/\/api.w.org\/{rel}","templated":true}]}}