{"id":1057,"date":"2013-11-28T00:00:00","date_gmt":"2013-11-28T02:00:00","guid":{"rendered":"http:\/\/sindmoveis.com.br\/imprensa\/noticias\/projeto-comprador-movelsul-trara-30-importadores\/"},"modified":"2021-05-26T10:46:42","modified_gmt":"2021-05-26T13:46:42","slug":"projeto-comprador-movelsul-trara-30-importadores","status":"publish","type":"post","link":"https:\/\/www.sindmoveis.com.br\/en\/projeto-comprador-movelsul-trara-30-importadores\/","title":{"rendered":"Movelsul Buyer\u2019s Project will bring 30 importers"},"content":{"rendered":"<div>Movelsul Brasil, the largest furniture fair in Latin America, is receiving applications from importers interested in participating in the Buyer&rsquo;s Project. Thirty buyers are expected to come to have business meetings with furniture manufacturers that exhibit at the fair, promoting Brazilian exports through pre-scheduled meetings. The list of confirmed guests includes the five major importers of last edition of Movelsul.<\/div>\n<div>Held since 2000 by Sindm&oacute;veis, the Buyer&rsquo;s Project is a successful initiative and &nbsp;an important vehicle for the promotion the of Brazilian furniture. In addition to attending the fair and having business meetings, the guests will also visit furniture companies based in Bento Gon&ccedil;alves.&nbsp;<\/div>\n<div>&nbsp;<\/div>\n","protected":false},"excerpt":{"rendered":"<p>Movelsul Brasil, the largest furniture fair in Latin America, is receiving applications from importers interested in participating in the Buyer\u2019s Project. Thirty buyers are expected to come to have business meetings with furniture manufacturers that exhibit at the fair, promoting Brazilian exports through pre-scheduled meetings. The list of confirmed guests includes the five major importers of last edition of Movelsul.<\/p>\n","protected":false},"author":5,"featured_media":3329,"comment_status":"closed","ping_status":"open","sticky":false,"template":"","format":"standard","meta":{"footnotes":"","_links_to":"","_links_to_target":""},"categories":[23,2],"tags":[],"class_list":["post-1057","post","type-post","status-publish","format-standard","has-post-thumbnail","hentry","category-movelsul","category-sindmoveis"],"yoast_head":"<!-- This site is optimized with the Yoast SEO plugin v27.0 - https:\/\/yoast.com\/product\/yoast-seo-wordpress\/ -->\n<title>Movelsul Buyer\u2019s Project will bring 30 importers - Sindm\u00f3veis-RS<\/title>\n<meta name=\"robots\" content=\"index, follow, max-snippet:-1, max-image-preview:large, max-video-preview:-1\" \/>\n<link rel=\"canonical\" href=\"https:\/\/www.sindmoveis.com.br\/en\/projeto-comprador-movelsul-trara-30-importadores\/\" \/>\n<meta property=\"og:locale\" content=\"en_US\" \/>\n<meta property=\"og:type\" content=\"article\" \/>\n<meta property=\"og:title\" content=\"Movelsul Buyer\u2019s Project will bring 30 importers - Sindm\u00f3veis-RS\" \/>\n<meta property=\"og:description\" content=\"Movelsul Brasil, the largest furniture fair in Latin America, is receiving applications from importers interested in participating in the Buyer\u2019s Project. Thirty buyers are expected to come to have business meetings with furniture manufacturers that exhibit at the fair, promoting Brazilian exports through pre-scheduled meetings. The list of confirmed guests includes the five major importers of last edition of Movelsul.\" \/>\n<meta property=\"og:url\" content=\"https:\/\/www.sindmoveis.com.br\/en\/projeto-comprador-movelsul-trara-30-importadores\/\" \/>\n<meta property=\"og:site_name\" content=\"Sindm\u00f3veis-RS\" \/>\n<meta property=\"article:published_time\" content=\"2013-11-28T02:00:00+00:00\" \/>\n<meta property=\"article:modified_time\" content=\"2021-05-26T13:46:42+00:00\" \/>\n<meta property=\"og:image\" content=\"https:\/\/www.sindmoveis.com.br\/en\/wp-content\/uploads\/2021\/05\/p1385657963.jpg\" \/>\n\t<meta property=\"og:image:width\" content=\"1500\" \/>\n\t<meta property=\"og:image:height\" content=\"1000\" \/>\n\t<meta property=\"og:image:type\" content=\"image\/jpeg\" \/>\n<meta name=\"author\" content=\"Imprensa Sindm\u00f3veis\" \/>\n<meta name=\"twitter:card\" content=\"summary_large_image\" \/>\n<meta name=\"twitter:label1\" content=\"Written by\" \/>\n\t<meta name=\"twitter:data1\" content=\"Imprensa Sindm\u00f3veis\" \/>\n\t<meta name=\"twitter:label2\" content=\"Est. reading time\" \/>\n\t<meta name=\"twitter:data2\" content=\"1 minute\" \/>\n<script type=\"application\/ld+json\" class=\"yoast-schema-graph\">{\"@context\":\"https:\/\/schema.org\",\"@graph\":[{\"@type\":\"Article\",\"@id\":\"https:\/\/www.sindmoveis.com.br\/en\/projeto-comprador-movelsul-trara-30-importadores\/#article\",\"isPartOf\":{\"@id\":\"https:\/\/www.sindmoveis.com.br\/en\/projeto-comprador-movelsul-trara-30-importadores\/\"},\"author\":{\"name\":\"Imprensa Sindm\u00f3veis\",\"@id\":\"https:\/\/www.sindmoveis.com.br\/en\/#\/schema\/person\/16d379542db1950a17fe188179340d57\"},\"headline\":\"Movelsul Buyer\u2019s Project will bring 30 importers\",\"datePublished\":\"2013-11-28T02:00:00+00:00\",\"dateModified\":\"2021-05-26T13:46:42+00:00\",\"mainEntityOfPage\":{\"@id\":\"https:\/\/www.sindmoveis.com.br\/en\/projeto-comprador-movelsul-trara-30-importadores\/\"},\"wordCount\":121,\"image\":{\"@id\":\"https:\/\/www.sindmoveis.com.br\/en\/projeto-comprador-movelsul-trara-30-importadores\/#primaryimage\"},\"thumbnailUrl\":\"https:\/\/www.sindmoveis.com.br\/en\/wp-content\/uploads\/2021\/05\/p1385657963.jpg\",\"articleSection\":[\"Movelsul\",\"Sindm\u00f3veis\"],\"inLanguage\":\"en-US\"},{\"@type\":\"WebPage\",\"@id\":\"https:\/\/www.sindmoveis.com.br\/en\/projeto-comprador-movelsul-trara-30-importadores\/\",\"url\":\"https:\/\/www.sindmoveis.com.br\/en\/projeto-comprador-movelsul-trara-30-importadores\/\",\"name\":\"Movelsul Buyer\u2019s Project will bring 30 importers - Sindm\u00f3veis-RS\",\"isPartOf\":{\"@id\":\"https:\/\/www.sindmoveis.com.br\/en\/#website\"},\"primaryImageOfPage\":{\"@id\":\"https:\/\/www.sindmoveis.com.br\/en\/projeto-comprador-movelsul-trara-30-importadores\/#primaryimage\"},\"image\":{\"@id\":\"https:\/\/www.sindmoveis.com.br\/en\/projeto-comprador-movelsul-trara-30-importadores\/#primaryimage\"},\"thumbnailUrl\":\"https:\/\/www.sindmoveis.com.br\/en\/wp-content\/uploads\/2021\/05\/p1385657963.jpg\",\"datePublished\":\"2013-11-28T02:00:00+00:00\",\"dateModified\":\"2021-05-26T13:46:42+00:00\",\"author\":{\"@id\":\"https:\/\/www.sindmoveis.com.br\/en\/#\/schema\/person\/16d379542db1950a17fe188179340d57\"},\"inLanguage\":\"en-US\",\"potentialAction\":[{\"@type\":\"ReadAction\",\"target\":[\"https:\/\/www.sindmoveis.com.br\/en\/projeto-comprador-movelsul-trara-30-importadores\/\"]}]},{\"@type\":\"ImageObject\",\"inLanguage\":\"en-US\",\"@id\":\"https:\/\/www.sindmoveis.com.br\/en\/projeto-comprador-movelsul-trara-30-importadores\/#primaryimage\",\"url\":\"https:\/\/www.sindmoveis.com.br\/en\/wp-content\/uploads\/2021\/05\/p1385657963.jpg\",\"contentUrl\":\"https:\/\/www.sindmoveis.com.br\/en\/wp-content\/uploads\/2021\/05\/p1385657963.jpg\",\"width\":1500,\"height\":1000,\"caption\":\"Divulga\u00e7\u00e3o Sindm\u00f3veis\"},{\"@type\":\"WebSite\",\"@id\":\"https:\/\/www.sindmoveis.com.br\/en\/#website\",\"url\":\"https:\/\/www.sindmoveis.com.br\/en\/\",\"name\":\"Sindm\u00f3veis-RS\",\"description\":\"\",\"potentialAction\":[{\"@type\":\"SearchAction\",\"target\":{\"@type\":\"EntryPoint\",\"urlTemplate\":\"https:\/\/www.sindmoveis.com.br\/en\/?s={search_term_string}\"},\"query-input\":{\"@type\":\"PropertyValueSpecification\",\"valueRequired\":true,\"valueName\":\"search_term_string\"}}],\"inLanguage\":\"en-US\"},{\"@type\":\"Person\",\"@id\":\"https:\/\/www.sindmoveis.com.br\/en\/#\/schema\/person\/16d379542db1950a17fe188179340d57\",\"name\":\"Imprensa Sindm\u00f3veis\",\"image\":{\"@type\":\"ImageObject\",\"inLanguage\":\"en-US\",\"@id\":\"https:\/\/www.sindmoveis.com.br\/en\/#\/schema\/person\/image\/\",\"url\":\"https:\/\/secure.gravatar.com\/avatar\/4973e2e2c2a0cb5db30b0c7b770041b8e33d048a16b695a1f99c042449d4bfaf?s=96&d=mm&r=g\",\"contentUrl\":\"https:\/\/secure.gravatar.com\/avatar\/4973e2e2c2a0cb5db30b0c7b770041b8e33d048a16b695a1f99c042449d4bfaf?s=96&d=mm&r=g\",\"caption\":\"Imprensa Sindm\u00f3veis\"},\"url\":\"https:\/\/www.sindmoveis.com.br\/en\/author\/ana\/\"}]}<\/script>\n<!-- \/ Yoast SEO plugin. -->","yoast_head_json":{"title":"Movelsul Buyer\u2019s Project will bring 30 importers - Sindm\u00f3veis-RS","robots":{"index":"index","follow":"follow","max-snippet":"max-snippet:-1","max-image-preview":"max-image-preview:large","max-video-preview":"max-video-preview:-1"},"canonical":"https:\/\/www.sindmoveis.com.br\/en\/projeto-comprador-movelsul-trara-30-importadores\/","og_locale":"en_US","og_type":"article","og_title":"Movelsul Buyer\u2019s Project will bring 30 importers - Sindm\u00f3veis-RS","og_description":"Movelsul Brasil, the largest furniture fair in Latin America, is receiving applications from importers interested in participating in the Buyer\u2019s Project. Thirty buyers are expected to come to have business meetings with furniture manufacturers that exhibit at the fair, promoting Brazilian exports through pre-scheduled meetings. The list of confirmed guests includes the five major importers of last edition of Movelsul.","og_url":"https:\/\/www.sindmoveis.com.br\/en\/projeto-comprador-movelsul-trara-30-importadores\/","og_site_name":"Sindm\u00f3veis-RS","article_published_time":"2013-11-28T02:00:00+00:00","article_modified_time":"2021-05-26T13:46:42+00:00","og_image":[{"width":1500,"height":1000,"url":"https:\/\/www.sindmoveis.com.br\/en\/wp-content\/uploads\/2021\/05\/p1385657963.jpg","type":"image\/jpeg"}],"author":"Imprensa Sindm\u00f3veis","twitter_card":"summary_large_image","twitter_misc":{"Written by":"Imprensa Sindm\u00f3veis","Est. reading time":"1 minute"},"schema":{"@context":"https:\/\/schema.org","@graph":[{"@type":"Article","@id":"https:\/\/www.sindmoveis.com.br\/en\/projeto-comprador-movelsul-trara-30-importadores\/#article","isPartOf":{"@id":"https:\/\/www.sindmoveis.com.br\/en\/projeto-comprador-movelsul-trara-30-importadores\/"},"author":{"name":"Imprensa Sindm\u00f3veis","@id":"https:\/\/www.sindmoveis.com.br\/en\/#\/schema\/person\/16d379542db1950a17fe188179340d57"},"headline":"Movelsul Buyer\u2019s Project will bring 30 importers","datePublished":"2013-11-28T02:00:00+00:00","dateModified":"2021-05-26T13:46:42+00:00","mainEntityOfPage":{"@id":"https:\/\/www.sindmoveis.com.br\/en\/projeto-comprador-movelsul-trara-30-importadores\/"},"wordCount":121,"image":{"@id":"https:\/\/www.sindmoveis.com.br\/en\/projeto-comprador-movelsul-trara-30-importadores\/#primaryimage"},"thumbnailUrl":"https:\/\/www.sindmoveis.com.br\/en\/wp-content\/uploads\/2021\/05\/p1385657963.jpg","articleSection":["Movelsul","Sindm\u00f3veis"],"inLanguage":"en-US"},{"@type":"WebPage","@id":"https:\/\/www.sindmoveis.com.br\/en\/projeto-comprador-movelsul-trara-30-importadores\/","url":"https:\/\/www.sindmoveis.com.br\/en\/projeto-comprador-movelsul-trara-30-importadores\/","name":"Movelsul Buyer\u2019s Project will bring 30 importers - Sindm\u00f3veis-RS","isPartOf":{"@id":"https:\/\/www.sindmoveis.com.br\/en\/#website"},"primaryImageOfPage":{"@id":"https:\/\/www.sindmoveis.com.br\/en\/projeto-comprador-movelsul-trara-30-importadores\/#primaryimage"},"image":{"@id":"https:\/\/www.sindmoveis.com.br\/en\/projeto-comprador-movelsul-trara-30-importadores\/#primaryimage"},"thumbnailUrl":"https:\/\/www.sindmoveis.com.br\/en\/wp-content\/uploads\/2021\/05\/p1385657963.jpg","datePublished":"2013-11-28T02:00:00+00:00","dateModified":"2021-05-26T13:46:42+00:00","author":{"@id":"https:\/\/www.sindmoveis.com.br\/en\/#\/schema\/person\/16d379542db1950a17fe188179340d57"},"inLanguage":"en-US","potentialAction":[{"@type":"ReadAction","target":["https:\/\/www.sindmoveis.com.br\/en\/projeto-comprador-movelsul-trara-30-importadores\/"]}]},{"@type":"ImageObject","inLanguage":"en-US","@id":"https:\/\/www.sindmoveis.com.br\/en\/projeto-comprador-movelsul-trara-30-importadores\/#primaryimage","url":"https:\/\/www.sindmoveis.com.br\/en\/wp-content\/uploads\/2021\/05\/p1385657963.jpg","contentUrl":"https:\/\/www.sindmoveis.com.br\/en\/wp-content\/uploads\/2021\/05\/p1385657963.jpg","width":1500,"height":1000,"caption":"Divulga\u00e7\u00e3o Sindm\u00f3veis"},{"@type":"WebSite","@id":"https:\/\/www.sindmoveis.com.br\/en\/#website","url":"https:\/\/www.sindmoveis.com.br\/en\/","name":"Sindm\u00f3veis-RS","description":"","potentialAction":[{"@type":"SearchAction","target":{"@type":"EntryPoint","urlTemplate":"https:\/\/www.sindmoveis.com.br\/en\/?s={search_term_string}"},"query-input":{"@type":"PropertyValueSpecification","valueRequired":true,"valueName":"search_term_string"}}],"inLanguage":"en-US"},{"@type":"Person","@id":"https:\/\/www.sindmoveis.com.br\/en\/#\/schema\/person\/16d379542db1950a17fe188179340d57","name":"Imprensa Sindm\u00f3veis","image":{"@type":"ImageObject","inLanguage":"en-US","@id":"https:\/\/www.sindmoveis.com.br\/en\/#\/schema\/person\/image\/","url":"https:\/\/secure.gravatar.com\/avatar\/4973e2e2c2a0cb5db30b0c7b770041b8e33d048a16b695a1f99c042449d4bfaf?s=96&d=mm&r=g","contentUrl":"https:\/\/secure.gravatar.com\/avatar\/4973e2e2c2a0cb5db30b0c7b770041b8e33d048a16b695a1f99c042449d4bfaf?s=96&d=mm&r=g","caption":"Imprensa Sindm\u00f3veis"},"url":"https:\/\/www.sindmoveis.com.br\/en\/author\/ana\/"}]}},"_links":{"self":[{"href":"https:\/\/www.sindmoveis.com.br\/en\/wp-json\/wp\/v2\/posts\/1057","targetHints":{"allow":["GET"]}}],"collection":[{"href":"https:\/\/www.sindmoveis.com.br\/en\/wp-json\/wp\/v2\/posts"}],"about":[{"href":"https:\/\/www.sindmoveis.com.br\/en\/wp-json\/wp\/v2\/types\/post"}],"author":[{"embeddable":true,"href":"https:\/\/www.sindmoveis.com.br\/en\/wp-json\/wp\/v2\/users\/5"}],"replies":[{"embeddable":true,"href":"https:\/\/www.sindmoveis.com.br\/en\/wp-json\/wp\/v2\/comments?post=1057"}],"version-history":[{"count":2,"href":"https:\/\/www.sindmoveis.com.br\/en\/wp-json\/wp\/v2\/posts\/1057\/revisions"}],"predecessor-version":[{"id":3328,"href":"https:\/\/www.sindmoveis.com.br\/en\/wp-json\/wp\/v2\/posts\/1057\/revisions\/3328"}],"wp:featuredmedia":[{"embeddable":true,"href":"https:\/\/www.sindmoveis.com.br\/en\/wp-json\/wp\/v2\/media\/3329"}],"wp:attachment":[{"href":"https:\/\/www.sindmoveis.com.br\/en\/wp-json\/wp\/v2\/media?parent=1057"}],"wp:term":[{"taxonomy":"category","embeddable":true,"href":"https:\/\/www.sindmoveis.com.br\/en\/wp-json\/wp\/v2\/categories?post=1057"},{"taxonomy":"post_tag","embeddable":true,"href":"https:\/\/www.sindmoveis.com.br\/en\/wp-json\/wp\/v2\/tags?post=1057"}],"curies":[{"name":"wp","href":"https:\/\/api.w.org\/{rel}","templated":true}]}}