{"id":1056,"date":"2013-11-22T00:00:00","date_gmt":"2013-11-22T02:00:00","guid":{"rendered":"http:\/\/sindmoveis.com.br\/imprensa\/noticias\/henrique-tecchio-e-o-novo-presidente-do-sindmoveis\/"},"modified":"2021-05-26T10:46:41","modified_gmt":"2021-05-26T13:46:41","slug":"henrique-tecchio-e-o-novo-presidente-do-sindmoveis","status":"publish","type":"post","link":"https:\/\/www.sindmoveis.com.br\/en\/henrique-tecchio-e-o-novo-presidente-do-sindmoveis\/","title":{"rendered":"Henrique Tecchio is the new president of Sindm\u00f3veis"},"content":{"rendered":"<div><em>Elected by Sindm&oacute;veis members, Bentec executive will run the association in the period 2014\/2015<\/em><\/div>\n<div>&nbsp;<\/div>\n<div>The new board of directors of the Furniture Industry Association of Bento Gon&ccedil;alves (Sindm&oacute;veis) was elected on November 21 led by the vice-president of the organization, Henrique Tecchio. The 35-year old executive of Bentec will be the president of the association between 2014-2015, having as vice-president the Human Resources Manager of Bertolini group, Alexandre Michelin.<\/div>\n<div>Henrique Tecchio will be the youngest president in the history of Sindm&oacute;veis. Graduated in Business Administration and having an MBA in Finance, Auditing and Controlling Management from Funda&ccedil;&atilde;o Get&uacute;lio Vargas (FGV), Tecchio has been working in business associations of Bento Gon&ccedil;alves since 2008, when he was the CIC\/BG international director, and its president from 2010 to 2011. During the period Sindm&oacute;veis was chaired by C&aacute;tia Scarton, he was the vice-president. Tecchio will take office on January 1, 2014.<\/div>\n<div>Tecchio was also nominated by Sindm&oacute;veis to preside Movelsul Brasil 2014, in compliances with the project that unified the board of directors of the association and the fairs. His main projects for the two-year mandate include working together with the association members &nbsp;to find solutions for the sector, the construction of &nbsp;the new Sindm&oacute;veis headquarters, increasing the representativeness of the sector on the federal scope and enhancing the union and the strength of the furniture center in Bento Gon&ccedil;alves.&nbsp;<\/div>\n<div>Regarding the fairs promoted by the association, the new president will face the challenge of reinventing Casa Brasil for the 2015 show, and increasing the attractiveness of Movelsul Brasil for visitors and exhibitors. &quot;Sindm&oacute;veis must be aware of the changes in the consumer market and be able to pass them on clearly to its trade shows,&quot; he says.<\/div>\n<div>After two years presiding Sindm&oacute;veis, C&aacute;tia Scarton now joins the association supervisory board. The inauguration of the new board will be held in January.&nbsp;<\/div>\n<div>&nbsp;<\/div>\n<div><strong>Sindm&oacute;veis Board of Directors 2014\/2015<\/strong><br \/>\n&nbsp;<\/div>\n<div><strong>President:<\/strong> Henrique Tecchio (Bentec)&nbsp;<\/div>\n<div><strong>Vice-President and Labor Counsel Director:<\/strong> Alexandre Michelin (Bertolini)&nbsp;<\/div>\n<div><strong>Operational Director: <\/strong>Jos&eacute; Antonio Mossmann (Ital&iacute;nea)&nbsp;<\/div>\n<div><strong>Director of Communications: <\/strong>Vanessa Machado (Cinex)&nbsp;<\/div>\n<div><strong>International Affairs Director:<\/strong> Luiz Cesar Girardi (Todeschini)&nbsp;<\/div>\n<div><strong>Director of Infrastructure:<\/strong> Vinicius Benini (BRV)&nbsp;<\/div>\n<div><strong>Director of Services:<\/strong> Romeu Dalcin (Dalm&oacute;bile)&nbsp;<\/div>\n<div><strong>Director of Sal&atilde;o Design:<\/strong> Cristiane Silveira (Obispa)&nbsp;<\/div>\n<div>&nbsp;<\/div>\n<div><strong>Supervisory Board:<\/strong><br \/>\n&nbsp;<\/div>\n<div>Catia Scarton &ndash; Prima Design&nbsp;<\/div>\n<div>Glademir Ferrari &ndash; Sademi<\/div>\n<div>Henrique Bertolini &ndash; Bertolini&nbsp;<\/div>\n<div>Sergio Dalla Costa &ndash; Motiva &nbsp;<\/div>\n<div>Rogerio Francio &ndash; Carraro &nbsp;&nbsp;<\/div>\n<div>Joao Paulo Pompermayer &ndash; Bentec &nbsp;<\/div>\n<div>Marcelo Haefliger &ndash; Af Brazilian&nbsp;<\/div>\n<div>&nbsp;<\/div>\n<div><strong>Representatives at FIERGS<\/strong><\/div>\n<div>Ademar De Gasperi &ndash; AF Brazilian &nbsp;<\/div>\n<div>Maristela Cusin Longhi &ndash; Multim&oacute;veis &nbsp;<\/div>\n","protected":false},"excerpt":{"rendered":"<p>The new board of directors of the Furniture Industry Association of Bento Gon\u00e7alves (Sindm\u00f3veis) was elected on November 21 led by the vice-president of the organization, Henrique Tecchio. The 35-year old executive of Bentec will be the president of the association between 2014-2015, having as vice-president the Human Resources Manager of Bertolini group, Alexandre Michelin.<\/p>\n","protected":false},"author":5,"featured_media":3327,"comment_status":"closed","ping_status":"open","sticky":false,"template":"","format":"standard","meta":{"footnotes":"","_links_to":"","_links_to_target":""},"categories":[2],"tags":[],"class_list":["post-1056","post","type-post","status-publish","format-standard","has-post-thumbnail","hentry","category-sindmoveis"],"yoast_head":"<!-- This site is optimized with the Yoast SEO plugin v27.0 - https:\/\/yoast.com\/product\/yoast-seo-wordpress\/ -->\n<title>Henrique Tecchio is the new president of Sindm\u00f3veis - Sindm\u00f3veis-RS<\/title>\n<meta name=\"robots\" content=\"index, follow, max-snippet:-1, max-image-preview:large, max-video-preview:-1\" \/>\n<link rel=\"canonical\" href=\"https:\/\/www.sindmoveis.com.br\/en\/henrique-tecchio-e-o-novo-presidente-do-sindmoveis\/\" \/>\n<meta property=\"og:locale\" content=\"en_US\" \/>\n<meta property=\"og:type\" content=\"article\" \/>\n<meta property=\"og:title\" content=\"Henrique Tecchio is the new president of Sindm\u00f3veis - Sindm\u00f3veis-RS\" \/>\n<meta property=\"og:description\" content=\"The new board of directors of the Furniture Industry Association of Bento Gon\u00e7alves (Sindm\u00f3veis) was elected on November 21 led by the vice-president of the organization, Henrique Tecchio. The 35-year old executive of Bentec will be the president of the association between 2014-2015, having as vice-president the Human Resources Manager of Bertolini group, Alexandre Michelin.\" \/>\n<meta property=\"og:url\" content=\"https:\/\/www.sindmoveis.com.br\/en\/henrique-tecchio-e-o-novo-presidente-do-sindmoveis\/\" \/>\n<meta property=\"og:site_name\" content=\"Sindm\u00f3veis-RS\" \/>\n<meta property=\"article:published_time\" content=\"2013-11-22T02:00:00+00:00\" \/>\n<meta property=\"article:modified_time\" content=\"2021-05-26T13:46:41+00:00\" \/>\n<meta property=\"og:image\" content=\"https:\/\/www.sindmoveis.com.br\/en\/wp-content\/uploads\/2021\/05\/p1385119635.jpg\" \/>\n\t<meta property=\"og:image:width\" content=\"1300\" \/>\n\t<meta property=\"og:image:height\" content=\"1949\" \/>\n\t<meta property=\"og:image:type\" content=\"image\/jpeg\" \/>\n<meta name=\"author\" content=\"Imprensa Sindm\u00f3veis\" \/>\n<meta name=\"twitter:card\" content=\"summary_large_image\" \/>\n<meta name=\"twitter:label1\" content=\"Written by\" \/>\n\t<meta name=\"twitter:data1\" content=\"Imprensa Sindm\u00f3veis\" \/>\n\t<meta name=\"twitter:label2\" content=\"Est. reading time\" \/>\n\t<meta name=\"twitter:data2\" content=\"2 minutes\" \/>\n<script type=\"application\/ld+json\" class=\"yoast-schema-graph\">{\"@context\":\"https:\/\/schema.org\",\"@graph\":[{\"@type\":\"Article\",\"@id\":\"https:\/\/www.sindmoveis.com.br\/en\/henrique-tecchio-e-o-novo-presidente-do-sindmoveis\/#article\",\"isPartOf\":{\"@id\":\"https:\/\/www.sindmoveis.com.br\/en\/henrique-tecchio-e-o-novo-presidente-do-sindmoveis\/\"},\"author\":{\"name\":\"Imprensa Sindm\u00f3veis\",\"@id\":\"https:\/\/www.sindmoveis.com.br\/en\/#\/schema\/person\/16d379542db1950a17fe188179340d57\"},\"headline\":\"Henrique Tecchio is the new president of Sindm\u00f3veis\",\"datePublished\":\"2013-11-22T02:00:00+00:00\",\"dateModified\":\"2021-05-26T13:46:41+00:00\",\"mainEntityOfPage\":{\"@id\":\"https:\/\/www.sindmoveis.com.br\/en\/henrique-tecchio-e-o-novo-presidente-do-sindmoveis\/\"},\"wordCount\":482,\"image\":{\"@id\":\"https:\/\/www.sindmoveis.com.br\/en\/henrique-tecchio-e-o-novo-presidente-do-sindmoveis\/#primaryimage\"},\"thumbnailUrl\":\"https:\/\/www.sindmoveis.com.br\/en\/wp-content\/uploads\/2021\/05\/p1385119635.jpg\",\"articleSection\":[\"Sindm\u00f3veis\"],\"inLanguage\":\"en-US\"},{\"@type\":\"WebPage\",\"@id\":\"https:\/\/www.sindmoveis.com.br\/en\/henrique-tecchio-e-o-novo-presidente-do-sindmoveis\/\",\"url\":\"https:\/\/www.sindmoveis.com.br\/en\/henrique-tecchio-e-o-novo-presidente-do-sindmoveis\/\",\"name\":\"Henrique Tecchio is the new president of Sindm\u00f3veis - Sindm\u00f3veis-RS\",\"isPartOf\":{\"@id\":\"https:\/\/www.sindmoveis.com.br\/en\/#website\"},\"primaryImageOfPage\":{\"@id\":\"https:\/\/www.sindmoveis.com.br\/en\/henrique-tecchio-e-o-novo-presidente-do-sindmoveis\/#primaryimage\"},\"image\":{\"@id\":\"https:\/\/www.sindmoveis.com.br\/en\/henrique-tecchio-e-o-novo-presidente-do-sindmoveis\/#primaryimage\"},\"thumbnailUrl\":\"https:\/\/www.sindmoveis.com.br\/en\/wp-content\/uploads\/2021\/05\/p1385119635.jpg\",\"datePublished\":\"2013-11-22T02:00:00+00:00\",\"dateModified\":\"2021-05-26T13:46:41+00:00\",\"author\":{\"@id\":\"https:\/\/www.sindmoveis.com.br\/en\/#\/schema\/person\/16d379542db1950a17fe188179340d57\"},\"inLanguage\":\"en-US\",\"potentialAction\":[{\"@type\":\"ReadAction\",\"target\":[\"https:\/\/www.sindmoveis.com.br\/en\/henrique-tecchio-e-o-novo-presidente-do-sindmoveis\/\"]}]},{\"@type\":\"ImageObject\",\"inLanguage\":\"en-US\",\"@id\":\"https:\/\/www.sindmoveis.com.br\/en\/henrique-tecchio-e-o-novo-presidente-do-sindmoveis\/#primaryimage\",\"url\":\"https:\/\/www.sindmoveis.com.br\/en\/wp-content\/uploads\/2021\/05\/p1385119635.jpg\",\"contentUrl\":\"https:\/\/www.sindmoveis.com.br\/en\/wp-content\/uploads\/2021\/05\/p1385119635.jpg\",\"width\":1300,\"height\":1949,\"caption\":\"FOTO: Carlos Ben\"},{\"@type\":\"WebSite\",\"@id\":\"https:\/\/www.sindmoveis.com.br\/en\/#website\",\"url\":\"https:\/\/www.sindmoveis.com.br\/en\/\",\"name\":\"Sindm\u00f3veis-RS\",\"description\":\"\",\"potentialAction\":[{\"@type\":\"SearchAction\",\"target\":{\"@type\":\"EntryPoint\",\"urlTemplate\":\"https:\/\/www.sindmoveis.com.br\/en\/?s={search_term_string}\"},\"query-input\":{\"@type\":\"PropertyValueSpecification\",\"valueRequired\":true,\"valueName\":\"search_term_string\"}}],\"inLanguage\":\"en-US\"},{\"@type\":\"Person\",\"@id\":\"https:\/\/www.sindmoveis.com.br\/en\/#\/schema\/person\/16d379542db1950a17fe188179340d57\",\"name\":\"Imprensa Sindm\u00f3veis\",\"image\":{\"@type\":\"ImageObject\",\"inLanguage\":\"en-US\",\"@id\":\"https:\/\/www.sindmoveis.com.br\/en\/#\/schema\/person\/image\/\",\"url\":\"https:\/\/secure.gravatar.com\/avatar\/4973e2e2c2a0cb5db30b0c7b770041b8e33d048a16b695a1f99c042449d4bfaf?s=96&d=mm&r=g\",\"contentUrl\":\"https:\/\/secure.gravatar.com\/avatar\/4973e2e2c2a0cb5db30b0c7b770041b8e33d048a16b695a1f99c042449d4bfaf?s=96&d=mm&r=g\",\"caption\":\"Imprensa Sindm\u00f3veis\"},\"url\":\"https:\/\/www.sindmoveis.com.br\/en\/author\/ana\/\"}]}<\/script>\n<!-- \/ Yoast SEO plugin. -->","yoast_head_json":{"title":"Henrique Tecchio is the new president of Sindm\u00f3veis - Sindm\u00f3veis-RS","robots":{"index":"index","follow":"follow","max-snippet":"max-snippet:-1","max-image-preview":"max-image-preview:large","max-video-preview":"max-video-preview:-1"},"canonical":"https:\/\/www.sindmoveis.com.br\/en\/henrique-tecchio-e-o-novo-presidente-do-sindmoveis\/","og_locale":"en_US","og_type":"article","og_title":"Henrique Tecchio is the new president of Sindm\u00f3veis - Sindm\u00f3veis-RS","og_description":"The new board of directors of the Furniture Industry Association of Bento Gon\u00e7alves (Sindm\u00f3veis) was elected on November 21 led by the vice-president of the organization, Henrique Tecchio. The 35-year old executive of Bentec will be the president of the association between 2014-2015, having as vice-president the Human Resources Manager of Bertolini group, Alexandre Michelin.","og_url":"https:\/\/www.sindmoveis.com.br\/en\/henrique-tecchio-e-o-novo-presidente-do-sindmoveis\/","og_site_name":"Sindm\u00f3veis-RS","article_published_time":"2013-11-22T02:00:00+00:00","article_modified_time":"2021-05-26T13:46:41+00:00","og_image":[{"width":1300,"height":1949,"url":"https:\/\/www.sindmoveis.com.br\/en\/wp-content\/uploads\/2021\/05\/p1385119635.jpg","type":"image\/jpeg"}],"author":"Imprensa Sindm\u00f3veis","twitter_card":"summary_large_image","twitter_misc":{"Written by":"Imprensa Sindm\u00f3veis","Est. reading time":"2 minutes"},"schema":{"@context":"https:\/\/schema.org","@graph":[{"@type":"Article","@id":"https:\/\/www.sindmoveis.com.br\/en\/henrique-tecchio-e-o-novo-presidente-do-sindmoveis\/#article","isPartOf":{"@id":"https:\/\/www.sindmoveis.com.br\/en\/henrique-tecchio-e-o-novo-presidente-do-sindmoveis\/"},"author":{"name":"Imprensa Sindm\u00f3veis","@id":"https:\/\/www.sindmoveis.com.br\/en\/#\/schema\/person\/16d379542db1950a17fe188179340d57"},"headline":"Henrique Tecchio is the new president of Sindm\u00f3veis","datePublished":"2013-11-22T02:00:00+00:00","dateModified":"2021-05-26T13:46:41+00:00","mainEntityOfPage":{"@id":"https:\/\/www.sindmoveis.com.br\/en\/henrique-tecchio-e-o-novo-presidente-do-sindmoveis\/"},"wordCount":482,"image":{"@id":"https:\/\/www.sindmoveis.com.br\/en\/henrique-tecchio-e-o-novo-presidente-do-sindmoveis\/#primaryimage"},"thumbnailUrl":"https:\/\/www.sindmoveis.com.br\/en\/wp-content\/uploads\/2021\/05\/p1385119635.jpg","articleSection":["Sindm\u00f3veis"],"inLanguage":"en-US"},{"@type":"WebPage","@id":"https:\/\/www.sindmoveis.com.br\/en\/henrique-tecchio-e-o-novo-presidente-do-sindmoveis\/","url":"https:\/\/www.sindmoveis.com.br\/en\/henrique-tecchio-e-o-novo-presidente-do-sindmoveis\/","name":"Henrique Tecchio is the new president of Sindm\u00f3veis - Sindm\u00f3veis-RS","isPartOf":{"@id":"https:\/\/www.sindmoveis.com.br\/en\/#website"},"primaryImageOfPage":{"@id":"https:\/\/www.sindmoveis.com.br\/en\/henrique-tecchio-e-o-novo-presidente-do-sindmoveis\/#primaryimage"},"image":{"@id":"https:\/\/www.sindmoveis.com.br\/en\/henrique-tecchio-e-o-novo-presidente-do-sindmoveis\/#primaryimage"},"thumbnailUrl":"https:\/\/www.sindmoveis.com.br\/en\/wp-content\/uploads\/2021\/05\/p1385119635.jpg","datePublished":"2013-11-22T02:00:00+00:00","dateModified":"2021-05-26T13:46:41+00:00","author":{"@id":"https:\/\/www.sindmoveis.com.br\/en\/#\/schema\/person\/16d379542db1950a17fe188179340d57"},"inLanguage":"en-US","potentialAction":[{"@type":"ReadAction","target":["https:\/\/www.sindmoveis.com.br\/en\/henrique-tecchio-e-o-novo-presidente-do-sindmoveis\/"]}]},{"@type":"ImageObject","inLanguage":"en-US","@id":"https:\/\/www.sindmoveis.com.br\/en\/henrique-tecchio-e-o-novo-presidente-do-sindmoveis\/#primaryimage","url":"https:\/\/www.sindmoveis.com.br\/en\/wp-content\/uploads\/2021\/05\/p1385119635.jpg","contentUrl":"https:\/\/www.sindmoveis.com.br\/en\/wp-content\/uploads\/2021\/05\/p1385119635.jpg","width":1300,"height":1949,"caption":"FOTO: Carlos Ben"},{"@type":"WebSite","@id":"https:\/\/www.sindmoveis.com.br\/en\/#website","url":"https:\/\/www.sindmoveis.com.br\/en\/","name":"Sindm\u00f3veis-RS","description":"","potentialAction":[{"@type":"SearchAction","target":{"@type":"EntryPoint","urlTemplate":"https:\/\/www.sindmoveis.com.br\/en\/?s={search_term_string}"},"query-input":{"@type":"PropertyValueSpecification","valueRequired":true,"valueName":"search_term_string"}}],"inLanguage":"en-US"},{"@type":"Person","@id":"https:\/\/www.sindmoveis.com.br\/en\/#\/schema\/person\/16d379542db1950a17fe188179340d57","name":"Imprensa Sindm\u00f3veis","image":{"@type":"ImageObject","inLanguage":"en-US","@id":"https:\/\/www.sindmoveis.com.br\/en\/#\/schema\/person\/image\/","url":"https:\/\/secure.gravatar.com\/avatar\/4973e2e2c2a0cb5db30b0c7b770041b8e33d048a16b695a1f99c042449d4bfaf?s=96&d=mm&r=g","contentUrl":"https:\/\/secure.gravatar.com\/avatar\/4973e2e2c2a0cb5db30b0c7b770041b8e33d048a16b695a1f99c042449d4bfaf?s=96&d=mm&r=g","caption":"Imprensa Sindm\u00f3veis"},"url":"https:\/\/www.sindmoveis.com.br\/en\/author\/ana\/"}]}},"_links":{"self":[{"href":"https:\/\/www.sindmoveis.com.br\/en\/wp-json\/wp\/v2\/posts\/1056","targetHints":{"allow":["GET"]}}],"collection":[{"href":"https:\/\/www.sindmoveis.com.br\/en\/wp-json\/wp\/v2\/posts"}],"about":[{"href":"https:\/\/www.sindmoveis.com.br\/en\/wp-json\/wp\/v2\/types\/post"}],"author":[{"embeddable":true,"href":"https:\/\/www.sindmoveis.com.br\/en\/wp-json\/wp\/v2\/users\/5"}],"replies":[{"embeddable":true,"href":"https:\/\/www.sindmoveis.com.br\/en\/wp-json\/wp\/v2\/comments?post=1056"}],"version-history":[{"count":2,"href":"https:\/\/www.sindmoveis.com.br\/en\/wp-json\/wp\/v2\/posts\/1056\/revisions"}],"predecessor-version":[{"id":3326,"href":"https:\/\/www.sindmoveis.com.br\/en\/wp-json\/wp\/v2\/posts\/1056\/revisions\/3326"}],"wp:featuredmedia":[{"embeddable":true,"href":"https:\/\/www.sindmoveis.com.br\/en\/wp-json\/wp\/v2\/media\/3327"}],"wp:attachment":[{"href":"https:\/\/www.sindmoveis.com.br\/en\/wp-json\/wp\/v2\/media?parent=1056"}],"wp:term":[{"taxonomy":"category","embeddable":true,"href":"https:\/\/www.sindmoveis.com.br\/en\/wp-json\/wp\/v2\/categories?post=1056"},{"taxonomy":"post_tag","embeddable":true,"href":"https:\/\/www.sindmoveis.com.br\/en\/wp-json\/wp\/v2\/tags?post=1056"}],"curies":[{"name":"wp","href":"https:\/\/api.w.org\/{rel}","templated":true}]}}