{"id":1048,"date":"2013-11-07T00:00:00","date_gmt":"2013-11-07T02:00:00","guid":{"rendered":"http:\/\/sindmoveis.com.br\/imprensa\/noticias\/exportacoes-do-projeto-orchestra-brasil-crescem-quase-20\/"},"modified":"2021-05-26T10:46:39","modified_gmt":"2021-05-26T13:46:39","slug":"exportacoes-do-projeto-orchestra-brasil-crescem-quase-20","status":"publish","type":"post","link":"https:\/\/www.sindmoveis.com.br\/en\/exportacoes-do-projeto-orchestra-brasil-crescem-quase-20\/","title":{"rendered":"Exports of the Orchestra Brasil Project grow almost 20%"},"content":{"rendered":"<div><em>Member companies had a positive result in the Chilean, American and Peruvian markets&nbsp;<\/em><\/div>\n<div>&nbsp;<\/div>\n<div>Aimed at boosting exports of manufacturers of supplies, components, technologies and design service for the furniture sector, the Orchestra Brasil Project has surpassed the goals planned for this year. The value exported by the member companies from January to September grew by 18.3% over the same period in 2012.<\/div>\n<div>Chile, the United States and Peru, target-markets for 2012\/2013, were the countries that most contributed to the result achieved. Paraguay, Colombia and Bolivia have also been collaborating positively to this growth. The result is even more significant when compared to the general 16% drop in exports for companies in the same segments.<\/div>\n<div>&nbsp; &nbsp; &nbsp; &nbsp; &nbsp; &nbsp;Cipatex, a manufacturer of chemicals and plastics for the furniture industry, is one of the member companies that exceeded the targets set for this year. Currently, the company sells more than 20% of its production to foreign markets and maintains its key customers in Latin America. The company&rsquo;s export manager D&eacute;bora Pescantini Pires says that they aim to further expand exports, establishing new partnerships in countries such as Angola, the United States, Mexico, Central America, Australia and countries in European. &quot;We receive good support from the Orchestra Brasil project and we hope to take advantage of the opportunities provided in 2014,&quot; she says.<\/div>\n<div>Jimo Qu&iacute;mica Industrial has also surpassed its goals this year. The company&rsquo;s Export Manager Ricardo Teixeira foresees a growth of 35% in exports compared to 2012, taking into consideration that approximately 5% of its production is sent to the foreign market. The company joined the Orchestra Brasil Project this year, and it recognizes the relevance of the initiatives &nbsp;developed including market studies and the participation in international fairs. &quot;Actually our best results are in South America, but we intend to consolidate our business in other countries from Latin America to Africa,&quot; he says.<\/div>\n<div>The promoters of the Orchestra Brasil Project, the Brazilian Trade and Investment Promotion Agency (Apex-Brasil) and the Furniture Industry Association of Bento Gon&ccedil;alves (Sindm&oacute;veis), believe that the strengthening of the export culture encourages innovation and qualification, increasing the competitiveness of the domestic industry. Currently, the initiative has 122 member companies, comprising 86 manufacturing &nbsp;companies and 36 designers. Its eleven target markets are the United States, Mexico, Colombia, Peru, Chile, Argentina, Paraguay, Uruguay, South Africa, Canada and Turkey.<\/div>\n<div>&nbsp;<\/div>\n","protected":false},"excerpt":{"rendered":"<p>Aimed at boosting exports of manufacturers of supplies, components, technologies and design service for the furniture sector, the Orchestra Brasil Project has surpassed the goals planned for this year. The value exported by the member companies from January to September grew by 18.3% over the same period in 2012.<\/p>\n","protected":false},"author":5,"featured_media":3325,"comment_status":"closed","ping_status":"open","sticky":false,"template":"","format":"standard","meta":{"footnotes":"","_links_to":"","_links_to_target":""},"categories":[12,11,22,2],"tags":[],"class_list":["post-1048","post","type-post","status-publish","format-standard","has-post-thumbnail","hentry","category-data","category-exports","category-orchestra-brasil-projeto","category-sindmoveis"],"yoast_head":"<!-- This site is optimized with the Yoast SEO plugin v27.0 - https:\/\/yoast.com\/product\/yoast-seo-wordpress\/ -->\n<title>Exports of the Orchestra Brasil Project grow almost 20% - Sindm\u00f3veis-RS<\/title>\n<meta name=\"robots\" content=\"index, follow, max-snippet:-1, max-image-preview:large, max-video-preview:-1\" \/>\n<link rel=\"canonical\" href=\"https:\/\/www.sindmoveis.com.br\/en\/exportacoes-do-projeto-orchestra-brasil-crescem-quase-20\/\" \/>\n<meta property=\"og:locale\" content=\"en_US\" \/>\n<meta property=\"og:type\" content=\"article\" \/>\n<meta property=\"og:title\" content=\"Exports of the Orchestra Brasil Project grow almost 20% - Sindm\u00f3veis-RS\" \/>\n<meta property=\"og:description\" content=\"Aimed at boosting exports of manufacturers of supplies, components, technologies and design service for the furniture sector, the Orchestra Brasil Project has surpassed the goals planned for this year. The value exported by the member companies from January to September grew by 18.3% over the same period in 2012.\" \/>\n<meta property=\"og:url\" content=\"https:\/\/www.sindmoveis.com.br\/en\/exportacoes-do-projeto-orchestra-brasil-crescem-quase-20\/\" \/>\n<meta property=\"og:site_name\" content=\"Sindm\u00f3veis-RS\" \/>\n<meta property=\"article:published_time\" content=\"2013-11-07T02:00:00+00:00\" \/>\n<meta property=\"article:modified_time\" content=\"2021-05-26T13:46:39+00:00\" \/>\n<meta property=\"og:image\" content=\"https:\/\/www.sindmoveis.com.br\/en\/wp-content\/uploads\/2021\/05\/p1383852175.jpg\" \/>\n\t<meta property=\"og:image:width\" content=\"1500\" \/>\n\t<meta property=\"og:image:height\" content=\"996\" \/>\n\t<meta property=\"og:image:type\" content=\"image\/jpeg\" \/>\n<meta name=\"author\" content=\"Imprensa Sindm\u00f3veis\" \/>\n<meta name=\"twitter:card\" content=\"summary_large_image\" \/>\n<meta name=\"twitter:label1\" content=\"Written by\" \/>\n\t<meta name=\"twitter:data1\" content=\"Imprensa Sindm\u00f3veis\" \/>\n\t<meta name=\"twitter:label2\" content=\"Est. reading time\" \/>\n\t<meta name=\"twitter:data2\" content=\"2 minutes\" \/>\n<script type=\"application\/ld+json\" class=\"yoast-schema-graph\">{\"@context\":\"https:\/\/schema.org\",\"@graph\":[{\"@type\":\"Article\",\"@id\":\"https:\/\/www.sindmoveis.com.br\/en\/exportacoes-do-projeto-orchestra-brasil-crescem-quase-20\/#article\",\"isPartOf\":{\"@id\":\"https:\/\/www.sindmoveis.com.br\/en\/exportacoes-do-projeto-orchestra-brasil-crescem-quase-20\/\"},\"author\":{\"name\":\"Imprensa Sindm\u00f3veis\",\"@id\":\"https:\/\/www.sindmoveis.com.br\/en\/#\/schema\/person\/16d379542db1950a17fe188179340d57\"},\"headline\":\"Exports of the Orchestra Brasil Project grow almost 20%\",\"datePublished\":\"2013-11-07T02:00:00+00:00\",\"dateModified\":\"2021-05-26T13:46:39+00:00\",\"mainEntityOfPage\":{\"@id\":\"https:\/\/www.sindmoveis.com.br\/en\/exportacoes-do-projeto-orchestra-brasil-crescem-quase-20\/\"},\"wordCount\":410,\"image\":{\"@id\":\"https:\/\/www.sindmoveis.com.br\/en\/exportacoes-do-projeto-orchestra-brasil-crescem-quase-20\/#primaryimage\"},\"thumbnailUrl\":\"https:\/\/www.sindmoveis.com.br\/en\/wp-content\/uploads\/2021\/05\/p1383852175.jpg\",\"articleSection\":[\"Data\",\"Exports\",\"Orchestra Brasil Project\",\"Sindm\u00f3veis\"],\"inLanguage\":\"en-US\"},{\"@type\":\"WebPage\",\"@id\":\"https:\/\/www.sindmoveis.com.br\/en\/exportacoes-do-projeto-orchestra-brasil-crescem-quase-20\/\",\"url\":\"https:\/\/www.sindmoveis.com.br\/en\/exportacoes-do-projeto-orchestra-brasil-crescem-quase-20\/\",\"name\":\"Exports of the Orchestra Brasil Project grow almost 20% - Sindm\u00f3veis-RS\",\"isPartOf\":{\"@id\":\"https:\/\/www.sindmoveis.com.br\/en\/#website\"},\"primaryImageOfPage\":{\"@id\":\"https:\/\/www.sindmoveis.com.br\/en\/exportacoes-do-projeto-orchestra-brasil-crescem-quase-20\/#primaryimage\"},\"image\":{\"@id\":\"https:\/\/www.sindmoveis.com.br\/en\/exportacoes-do-projeto-orchestra-brasil-crescem-quase-20\/#primaryimage\"},\"thumbnailUrl\":\"https:\/\/www.sindmoveis.com.br\/en\/wp-content\/uploads\/2021\/05\/p1383852175.jpg\",\"datePublished\":\"2013-11-07T02:00:00+00:00\",\"dateModified\":\"2021-05-26T13:46:39+00:00\",\"author\":{\"@id\":\"https:\/\/www.sindmoveis.com.br\/en\/#\/schema\/person\/16d379542db1950a17fe188179340d57\"},\"inLanguage\":\"en-US\",\"potentialAction\":[{\"@type\":\"ReadAction\",\"target\":[\"https:\/\/www.sindmoveis.com.br\/en\/exportacoes-do-projeto-orchestra-brasil-crescem-quase-20\/\"]}]},{\"@type\":\"ImageObject\",\"inLanguage\":\"en-US\",\"@id\":\"https:\/\/www.sindmoveis.com.br\/en\/exportacoes-do-projeto-orchestra-brasil-crescem-quase-20\/#primaryimage\",\"url\":\"https:\/\/www.sindmoveis.com.br\/en\/wp-content\/uploads\/2021\/05\/p1383852175.jpg\",\"contentUrl\":\"https:\/\/www.sindmoveis.com.br\/en\/wp-content\/uploads\/2021\/05\/p1383852175.jpg\",\"width\":1500,\"height\":996,\"caption\":\"Orchestra Brasil leva empresas brasileiras para Feira na Col\u00f4mbia Divulga\u00e7\u00e3o | Orchestra Brasil\"},{\"@type\":\"WebSite\",\"@id\":\"https:\/\/www.sindmoveis.com.br\/en\/#website\",\"url\":\"https:\/\/www.sindmoveis.com.br\/en\/\",\"name\":\"Sindm\u00f3veis-RS\",\"description\":\"\",\"potentialAction\":[{\"@type\":\"SearchAction\",\"target\":{\"@type\":\"EntryPoint\",\"urlTemplate\":\"https:\/\/www.sindmoveis.com.br\/en\/?s={search_term_string}\"},\"query-input\":{\"@type\":\"PropertyValueSpecification\",\"valueRequired\":true,\"valueName\":\"search_term_string\"}}],\"inLanguage\":\"en-US\"},{\"@type\":\"Person\",\"@id\":\"https:\/\/www.sindmoveis.com.br\/en\/#\/schema\/person\/16d379542db1950a17fe188179340d57\",\"name\":\"Imprensa Sindm\u00f3veis\",\"image\":{\"@type\":\"ImageObject\",\"inLanguage\":\"en-US\",\"@id\":\"https:\/\/www.sindmoveis.com.br\/en\/#\/schema\/person\/image\/\",\"url\":\"https:\/\/secure.gravatar.com\/avatar\/4973e2e2c2a0cb5db30b0c7b770041b8e33d048a16b695a1f99c042449d4bfaf?s=96&d=mm&r=g\",\"contentUrl\":\"https:\/\/secure.gravatar.com\/avatar\/4973e2e2c2a0cb5db30b0c7b770041b8e33d048a16b695a1f99c042449d4bfaf?s=96&d=mm&r=g\",\"caption\":\"Imprensa Sindm\u00f3veis\"},\"url\":\"https:\/\/www.sindmoveis.com.br\/en\/author\/ana\/\"}]}<\/script>\n<!-- \/ Yoast SEO plugin. -->","yoast_head_json":{"title":"Exports of the Orchestra Brasil Project grow almost 20% - Sindm\u00f3veis-RS","robots":{"index":"index","follow":"follow","max-snippet":"max-snippet:-1","max-image-preview":"max-image-preview:large","max-video-preview":"max-video-preview:-1"},"canonical":"https:\/\/www.sindmoveis.com.br\/en\/exportacoes-do-projeto-orchestra-brasil-crescem-quase-20\/","og_locale":"en_US","og_type":"article","og_title":"Exports of the Orchestra Brasil Project grow almost 20% - Sindm\u00f3veis-RS","og_description":"Aimed at boosting exports of manufacturers of supplies, components, technologies and design service for the furniture sector, the Orchestra Brasil Project has surpassed the goals planned for this year. The value exported by the member companies from January to September grew by 18.3% over the same period in 2012.","og_url":"https:\/\/www.sindmoveis.com.br\/en\/exportacoes-do-projeto-orchestra-brasil-crescem-quase-20\/","og_site_name":"Sindm\u00f3veis-RS","article_published_time":"2013-11-07T02:00:00+00:00","article_modified_time":"2021-05-26T13:46:39+00:00","og_image":[{"width":1500,"height":996,"url":"https:\/\/www.sindmoveis.com.br\/en\/wp-content\/uploads\/2021\/05\/p1383852175.jpg","type":"image\/jpeg"}],"author":"Imprensa Sindm\u00f3veis","twitter_card":"summary_large_image","twitter_misc":{"Written by":"Imprensa Sindm\u00f3veis","Est. reading time":"2 minutes"},"schema":{"@context":"https:\/\/schema.org","@graph":[{"@type":"Article","@id":"https:\/\/www.sindmoveis.com.br\/en\/exportacoes-do-projeto-orchestra-brasil-crescem-quase-20\/#article","isPartOf":{"@id":"https:\/\/www.sindmoveis.com.br\/en\/exportacoes-do-projeto-orchestra-brasil-crescem-quase-20\/"},"author":{"name":"Imprensa Sindm\u00f3veis","@id":"https:\/\/www.sindmoveis.com.br\/en\/#\/schema\/person\/16d379542db1950a17fe188179340d57"},"headline":"Exports of the Orchestra Brasil Project grow almost 20%","datePublished":"2013-11-07T02:00:00+00:00","dateModified":"2021-05-26T13:46:39+00:00","mainEntityOfPage":{"@id":"https:\/\/www.sindmoveis.com.br\/en\/exportacoes-do-projeto-orchestra-brasil-crescem-quase-20\/"},"wordCount":410,"image":{"@id":"https:\/\/www.sindmoveis.com.br\/en\/exportacoes-do-projeto-orchestra-brasil-crescem-quase-20\/#primaryimage"},"thumbnailUrl":"https:\/\/www.sindmoveis.com.br\/en\/wp-content\/uploads\/2021\/05\/p1383852175.jpg","articleSection":["Data","Exports","Orchestra Brasil Project","Sindm\u00f3veis"],"inLanguage":"en-US"},{"@type":"WebPage","@id":"https:\/\/www.sindmoveis.com.br\/en\/exportacoes-do-projeto-orchestra-brasil-crescem-quase-20\/","url":"https:\/\/www.sindmoveis.com.br\/en\/exportacoes-do-projeto-orchestra-brasil-crescem-quase-20\/","name":"Exports of the Orchestra Brasil Project grow almost 20% - Sindm\u00f3veis-RS","isPartOf":{"@id":"https:\/\/www.sindmoveis.com.br\/en\/#website"},"primaryImageOfPage":{"@id":"https:\/\/www.sindmoveis.com.br\/en\/exportacoes-do-projeto-orchestra-brasil-crescem-quase-20\/#primaryimage"},"image":{"@id":"https:\/\/www.sindmoveis.com.br\/en\/exportacoes-do-projeto-orchestra-brasil-crescem-quase-20\/#primaryimage"},"thumbnailUrl":"https:\/\/www.sindmoveis.com.br\/en\/wp-content\/uploads\/2021\/05\/p1383852175.jpg","datePublished":"2013-11-07T02:00:00+00:00","dateModified":"2021-05-26T13:46:39+00:00","author":{"@id":"https:\/\/www.sindmoveis.com.br\/en\/#\/schema\/person\/16d379542db1950a17fe188179340d57"},"inLanguage":"en-US","potentialAction":[{"@type":"ReadAction","target":["https:\/\/www.sindmoveis.com.br\/en\/exportacoes-do-projeto-orchestra-brasil-crescem-quase-20\/"]}]},{"@type":"ImageObject","inLanguage":"en-US","@id":"https:\/\/www.sindmoveis.com.br\/en\/exportacoes-do-projeto-orchestra-brasil-crescem-quase-20\/#primaryimage","url":"https:\/\/www.sindmoveis.com.br\/en\/wp-content\/uploads\/2021\/05\/p1383852175.jpg","contentUrl":"https:\/\/www.sindmoveis.com.br\/en\/wp-content\/uploads\/2021\/05\/p1383852175.jpg","width":1500,"height":996,"caption":"Orchestra Brasil leva empresas brasileiras para Feira na Col\u00f4mbia Divulga\u00e7\u00e3o | Orchestra Brasil"},{"@type":"WebSite","@id":"https:\/\/www.sindmoveis.com.br\/en\/#website","url":"https:\/\/www.sindmoveis.com.br\/en\/","name":"Sindm\u00f3veis-RS","description":"","potentialAction":[{"@type":"SearchAction","target":{"@type":"EntryPoint","urlTemplate":"https:\/\/www.sindmoveis.com.br\/en\/?s={search_term_string}"},"query-input":{"@type":"PropertyValueSpecification","valueRequired":true,"valueName":"search_term_string"}}],"inLanguage":"en-US"},{"@type":"Person","@id":"https:\/\/www.sindmoveis.com.br\/en\/#\/schema\/person\/16d379542db1950a17fe188179340d57","name":"Imprensa Sindm\u00f3veis","image":{"@type":"ImageObject","inLanguage":"en-US","@id":"https:\/\/www.sindmoveis.com.br\/en\/#\/schema\/person\/image\/","url":"https:\/\/secure.gravatar.com\/avatar\/4973e2e2c2a0cb5db30b0c7b770041b8e33d048a16b695a1f99c042449d4bfaf?s=96&d=mm&r=g","contentUrl":"https:\/\/secure.gravatar.com\/avatar\/4973e2e2c2a0cb5db30b0c7b770041b8e33d048a16b695a1f99c042449d4bfaf?s=96&d=mm&r=g","caption":"Imprensa Sindm\u00f3veis"},"url":"https:\/\/www.sindmoveis.com.br\/en\/author\/ana\/"}]}},"_links":{"self":[{"href":"https:\/\/www.sindmoveis.com.br\/en\/wp-json\/wp\/v2\/posts\/1048","targetHints":{"allow":["GET"]}}],"collection":[{"href":"https:\/\/www.sindmoveis.com.br\/en\/wp-json\/wp\/v2\/posts"}],"about":[{"href":"https:\/\/www.sindmoveis.com.br\/en\/wp-json\/wp\/v2\/types\/post"}],"author":[{"embeddable":true,"href":"https:\/\/www.sindmoveis.com.br\/en\/wp-json\/wp\/v2\/users\/5"}],"replies":[{"embeddable":true,"href":"https:\/\/www.sindmoveis.com.br\/en\/wp-json\/wp\/v2\/comments?post=1048"}],"version-history":[{"count":2,"href":"https:\/\/www.sindmoveis.com.br\/en\/wp-json\/wp\/v2\/posts\/1048\/revisions"}],"predecessor-version":[{"id":3324,"href":"https:\/\/www.sindmoveis.com.br\/en\/wp-json\/wp\/v2\/posts\/1048\/revisions\/3324"}],"wp:featuredmedia":[{"embeddable":true,"href":"https:\/\/www.sindmoveis.com.br\/en\/wp-json\/wp\/v2\/media\/3325"}],"wp:attachment":[{"href":"https:\/\/www.sindmoveis.com.br\/en\/wp-json\/wp\/v2\/media?parent=1048"}],"wp:term":[{"taxonomy":"category","embeddable":true,"href":"https:\/\/www.sindmoveis.com.br\/en\/wp-json\/wp\/v2\/categories?post=1048"},{"taxonomy":"post_tag","embeddable":true,"href":"https:\/\/www.sindmoveis.com.br\/en\/wp-json\/wp\/v2\/tags?post=1048"}],"curies":[{"name":"wp","href":"https:\/\/api.w.org\/{rel}","templated":true}]}}