{"id":1036,"date":"2013-09-02T00:00:00","date_gmt":"2013-09-02T03:00:00","guid":{"rendered":"http:\/\/sindmoveis.com.br\/imprensa\/noticias\/abertas-inscricoes-para-salao-design-movelsul-2014\/"},"modified":"2021-05-26T10:46:28","modified_gmt":"2021-05-26T13:46:28","slug":"abertas-inscricoes-para-salao-design-movelsul-2014","status":"publish","type":"post","link":"https:\/\/www.sindmoveis.com.br\/en\/abertas-inscricoes-para-salao-design-movelsul-2014\/","title":{"rendered":"Registrations open for Sal\u00e3o Design Movelsul 2014"},"content":{"rendered":"<div><em>Major design award in Latin America will give R$ 175,000 in prizes<\/em><\/div>\n<div>&nbsp;<\/div>\n<div>Registration is open for Sal&atilde;o Design, a competition held for 25 years by Sindm&oacute;veis Bento Gon&ccedil;alves, aiming to integrate creativity and technological innovation to furniture and accessories through design. The 18th edition of the competition will give R$ 175,000 in prizes in the professional, student and industry classes.&nbsp;<\/div>\n<div>Organized together with Movelsul in 2014, Sal&atilde;o Design encourages the creation of products that democratize design in seven categories: Furniture for Bedrooms, Furniture for Dining and Living Rooms, Furniture for Kitchens, Laundry Rooms and Bathrooms, Outdoor Furniture, and Home-Office and Office Furniture (including furniture for commercial and public areas), Home Utensils, and Lighting.&nbsp;<\/div>\n<div>The registration deadline for Sal&atilde;o Design is November 3. Entries will be evaluated by &nbsp;in two phases, starting in November. The announcement of the winners will take place in February, but all products selected for the second phase of the evaluation will participate in the Sal&atilde;o Design shows held during Movelsul 2014, March 24 &#8211; 28. Register and download regulations at: <a href=\"http:\/\/www.salaodesign.com.br\" target=\"\" rel=\"noopener\">www.salaodesign.com.br<\/a>.<\/div>\n<div>&nbsp;<\/div>\n","protected":false},"excerpt":{"rendered":"<p>Registration is open for Sal\u00e3o Design, a competition held for 25 years by Sindm\u00f3veis Bento Gon\u00e7alves, aiming to integrate creativity and technological innovation to furniture and accessories through design. The 18th edition of the competition will give R$ 175,000 in prizes in the professional, student and industry classes.<\/p>\n","protected":false},"author":5,"featured_media":3312,"comment_status":"closed","ping_status":"open","sticky":false,"template":"","format":"standard","meta":{"footnotes":"","_links_to":"","_links_to_target":""},"categories":[23,21,2],"tags":[],"class_list":["post-1036","post","type-post","status-publish","format-standard","has-post-thumbnail","hentry","category-movelsul","category-salao-design-award","category-sindmoveis"],"yoast_head":"<!-- This site is optimized with the Yoast SEO plugin v27.0 - https:\/\/yoast.com\/product\/yoast-seo-wordpress\/ -->\n<title>Registrations open for Sal\u00e3o Design Movelsul 2014 - Sindm\u00f3veis-RS<\/title>\n<meta name=\"robots\" content=\"index, follow, max-snippet:-1, max-image-preview:large, max-video-preview:-1\" \/>\n<link rel=\"canonical\" href=\"https:\/\/www.sindmoveis.com.br\/en\/abertas-inscricoes-para-salao-design-movelsul-2014\/\" \/>\n<meta property=\"og:locale\" content=\"en_US\" \/>\n<meta property=\"og:type\" content=\"article\" \/>\n<meta property=\"og:title\" content=\"Registrations open for Sal\u00e3o Design Movelsul 2014 - Sindm\u00f3veis-RS\" \/>\n<meta property=\"og:description\" content=\"Registration is open for Sal\u00e3o Design, a competition held for 25 years by Sindm\u00f3veis Bento Gon\u00e7alves, aiming to integrate creativity and technological innovation to furniture and accessories through design. The 18th edition of the competition will give R$ 175,000 in prizes in the professional, student and industry classes.\" \/>\n<meta property=\"og:url\" content=\"https:\/\/www.sindmoveis.com.br\/en\/abertas-inscricoes-para-salao-design-movelsul-2014\/\" \/>\n<meta property=\"og:site_name\" content=\"Sindm\u00f3veis-RS\" \/>\n<meta property=\"article:published_time\" content=\"2013-09-02T03:00:00+00:00\" \/>\n<meta property=\"article:modified_time\" content=\"2021-05-26T13:46:28+00:00\" \/>\n<meta property=\"og:image\" content=\"https:\/\/www.sindmoveis.com.br\/en\/wp-content\/uploads\/2021\/05\/p1378148421.jpg\" \/>\n\t<meta property=\"og:image:width\" content=\"1500\" \/>\n\t<meta property=\"og:image:height\" content=\"1947\" \/>\n\t<meta property=\"og:image:type\" content=\"image\/jpeg\" \/>\n<meta name=\"author\" content=\"Imprensa Sindm\u00f3veis\" \/>\n<meta name=\"twitter:card\" content=\"summary_large_image\" \/>\n<meta name=\"twitter:label1\" content=\"Written by\" \/>\n\t<meta name=\"twitter:data1\" content=\"Imprensa Sindm\u00f3veis\" \/>\n\t<meta name=\"twitter:label2\" content=\"Est. reading time\" \/>\n\t<meta name=\"twitter:data2\" content=\"1 minute\" \/>\n<script type=\"application\/ld+json\" class=\"yoast-schema-graph\">{\"@context\":\"https:\/\/schema.org\",\"@graph\":[{\"@type\":\"Article\",\"@id\":\"https:\/\/www.sindmoveis.com.br\/en\/abertas-inscricoes-para-salao-design-movelsul-2014\/#article\",\"isPartOf\":{\"@id\":\"https:\/\/www.sindmoveis.com.br\/en\/abertas-inscricoes-para-salao-design-movelsul-2014\/\"},\"author\":{\"name\":\"Imprensa Sindm\u00f3veis\",\"@id\":\"https:\/\/www.sindmoveis.com.br\/en\/#\/schema\/person\/16d379542db1950a17fe188179340d57\"},\"headline\":\"Registrations open for Sal\u00e3o Design Movelsul 2014\",\"datePublished\":\"2013-09-02T03:00:00+00:00\",\"dateModified\":\"2021-05-26T13:46:28+00:00\",\"mainEntityOfPage\":{\"@id\":\"https:\/\/www.sindmoveis.com.br\/en\/abertas-inscricoes-para-salao-design-movelsul-2014\/\"},\"wordCount\":194,\"image\":{\"@id\":\"https:\/\/www.sindmoveis.com.br\/en\/abertas-inscricoes-para-salao-design-movelsul-2014\/#primaryimage\"},\"thumbnailUrl\":\"https:\/\/www.sindmoveis.com.br\/en\/wp-content\/uploads\/2021\/05\/p1378148421.jpg\",\"articleSection\":[\"Movelsul\",\"Sal\u00e3o Design Award\",\"Sindm\u00f3veis\"],\"inLanguage\":\"en-US\"},{\"@type\":\"WebPage\",\"@id\":\"https:\/\/www.sindmoveis.com.br\/en\/abertas-inscricoes-para-salao-design-movelsul-2014\/\",\"url\":\"https:\/\/www.sindmoveis.com.br\/en\/abertas-inscricoes-para-salao-design-movelsul-2014\/\",\"name\":\"Registrations open for Sal\u00e3o Design Movelsul 2014 - Sindm\u00f3veis-RS\",\"isPartOf\":{\"@id\":\"https:\/\/www.sindmoveis.com.br\/en\/#website\"},\"primaryImageOfPage\":{\"@id\":\"https:\/\/www.sindmoveis.com.br\/en\/abertas-inscricoes-para-salao-design-movelsul-2014\/#primaryimage\"},\"image\":{\"@id\":\"https:\/\/www.sindmoveis.com.br\/en\/abertas-inscricoes-para-salao-design-movelsul-2014\/#primaryimage\"},\"thumbnailUrl\":\"https:\/\/www.sindmoveis.com.br\/en\/wp-content\/uploads\/2021\/05\/p1378148421.jpg\",\"datePublished\":\"2013-09-02T03:00:00+00:00\",\"dateModified\":\"2021-05-26T13:46:28+00:00\",\"author\":{\"@id\":\"https:\/\/www.sindmoveis.com.br\/en\/#\/schema\/person\/16d379542db1950a17fe188179340d57\"},\"inLanguage\":\"en-US\",\"potentialAction\":[{\"@type\":\"ReadAction\",\"target\":[\"https:\/\/www.sindmoveis.com.br\/en\/abertas-inscricoes-para-salao-design-movelsul-2014\/\"]}]},{\"@type\":\"ImageObject\",\"inLanguage\":\"en-US\",\"@id\":\"https:\/\/www.sindmoveis.com.br\/en\/abertas-inscricoes-para-salao-design-movelsul-2014\/#primaryimage\",\"url\":\"https:\/\/www.sindmoveis.com.br\/en\/wp-content\/uploads\/2021\/05\/p1378148421.jpg\",\"contentUrl\":\"https:\/\/www.sindmoveis.com.br\/en\/wp-content\/uploads\/2021\/05\/p1378148421.jpg\",\"width\":1500,\"height\":1947,\"caption\":\"Divulga\u00e7\u00e3o Sindm\u00f3veis\"},{\"@type\":\"WebSite\",\"@id\":\"https:\/\/www.sindmoveis.com.br\/en\/#website\",\"url\":\"https:\/\/www.sindmoveis.com.br\/en\/\",\"name\":\"Sindm\u00f3veis-RS\",\"description\":\"\",\"potentialAction\":[{\"@type\":\"SearchAction\",\"target\":{\"@type\":\"EntryPoint\",\"urlTemplate\":\"https:\/\/www.sindmoveis.com.br\/en\/?s={search_term_string}\"},\"query-input\":{\"@type\":\"PropertyValueSpecification\",\"valueRequired\":true,\"valueName\":\"search_term_string\"}}],\"inLanguage\":\"en-US\"},{\"@type\":\"Person\",\"@id\":\"https:\/\/www.sindmoveis.com.br\/en\/#\/schema\/person\/16d379542db1950a17fe188179340d57\",\"name\":\"Imprensa Sindm\u00f3veis\",\"image\":{\"@type\":\"ImageObject\",\"inLanguage\":\"en-US\",\"@id\":\"https:\/\/www.sindmoveis.com.br\/en\/#\/schema\/person\/image\/\",\"url\":\"https:\/\/secure.gravatar.com\/avatar\/4973e2e2c2a0cb5db30b0c7b770041b8e33d048a16b695a1f99c042449d4bfaf?s=96&d=mm&r=g\",\"contentUrl\":\"https:\/\/secure.gravatar.com\/avatar\/4973e2e2c2a0cb5db30b0c7b770041b8e33d048a16b695a1f99c042449d4bfaf?s=96&d=mm&r=g\",\"caption\":\"Imprensa Sindm\u00f3veis\"},\"url\":\"https:\/\/www.sindmoveis.com.br\/en\/author\/ana\/\"}]}<\/script>\n<!-- \/ Yoast SEO plugin. -->","yoast_head_json":{"title":"Registrations open for Sal\u00e3o Design Movelsul 2014 - Sindm\u00f3veis-RS","robots":{"index":"index","follow":"follow","max-snippet":"max-snippet:-1","max-image-preview":"max-image-preview:large","max-video-preview":"max-video-preview:-1"},"canonical":"https:\/\/www.sindmoveis.com.br\/en\/abertas-inscricoes-para-salao-design-movelsul-2014\/","og_locale":"en_US","og_type":"article","og_title":"Registrations open for Sal\u00e3o Design Movelsul 2014 - Sindm\u00f3veis-RS","og_description":"Registration is open for Sal\u00e3o Design, a competition held for 25 years by Sindm\u00f3veis Bento Gon\u00e7alves, aiming to integrate creativity and technological innovation to furniture and accessories through design. The 18th edition of the competition will give R$ 175,000 in prizes in the professional, student and industry classes.","og_url":"https:\/\/www.sindmoveis.com.br\/en\/abertas-inscricoes-para-salao-design-movelsul-2014\/","og_site_name":"Sindm\u00f3veis-RS","article_published_time":"2013-09-02T03:00:00+00:00","article_modified_time":"2021-05-26T13:46:28+00:00","og_image":[{"width":1500,"height":1947,"url":"https:\/\/www.sindmoveis.com.br\/en\/wp-content\/uploads\/2021\/05\/p1378148421.jpg","type":"image\/jpeg"}],"author":"Imprensa Sindm\u00f3veis","twitter_card":"summary_large_image","twitter_misc":{"Written by":"Imprensa Sindm\u00f3veis","Est. reading time":"1 minute"},"schema":{"@context":"https:\/\/schema.org","@graph":[{"@type":"Article","@id":"https:\/\/www.sindmoveis.com.br\/en\/abertas-inscricoes-para-salao-design-movelsul-2014\/#article","isPartOf":{"@id":"https:\/\/www.sindmoveis.com.br\/en\/abertas-inscricoes-para-salao-design-movelsul-2014\/"},"author":{"name":"Imprensa Sindm\u00f3veis","@id":"https:\/\/www.sindmoveis.com.br\/en\/#\/schema\/person\/16d379542db1950a17fe188179340d57"},"headline":"Registrations open for Sal\u00e3o Design Movelsul 2014","datePublished":"2013-09-02T03:00:00+00:00","dateModified":"2021-05-26T13:46:28+00:00","mainEntityOfPage":{"@id":"https:\/\/www.sindmoveis.com.br\/en\/abertas-inscricoes-para-salao-design-movelsul-2014\/"},"wordCount":194,"image":{"@id":"https:\/\/www.sindmoveis.com.br\/en\/abertas-inscricoes-para-salao-design-movelsul-2014\/#primaryimage"},"thumbnailUrl":"https:\/\/www.sindmoveis.com.br\/en\/wp-content\/uploads\/2021\/05\/p1378148421.jpg","articleSection":["Movelsul","Sal\u00e3o Design Award","Sindm\u00f3veis"],"inLanguage":"en-US"},{"@type":"WebPage","@id":"https:\/\/www.sindmoveis.com.br\/en\/abertas-inscricoes-para-salao-design-movelsul-2014\/","url":"https:\/\/www.sindmoveis.com.br\/en\/abertas-inscricoes-para-salao-design-movelsul-2014\/","name":"Registrations open for Sal\u00e3o Design Movelsul 2014 - Sindm\u00f3veis-RS","isPartOf":{"@id":"https:\/\/www.sindmoveis.com.br\/en\/#website"},"primaryImageOfPage":{"@id":"https:\/\/www.sindmoveis.com.br\/en\/abertas-inscricoes-para-salao-design-movelsul-2014\/#primaryimage"},"image":{"@id":"https:\/\/www.sindmoveis.com.br\/en\/abertas-inscricoes-para-salao-design-movelsul-2014\/#primaryimage"},"thumbnailUrl":"https:\/\/www.sindmoveis.com.br\/en\/wp-content\/uploads\/2021\/05\/p1378148421.jpg","datePublished":"2013-09-02T03:00:00+00:00","dateModified":"2021-05-26T13:46:28+00:00","author":{"@id":"https:\/\/www.sindmoveis.com.br\/en\/#\/schema\/person\/16d379542db1950a17fe188179340d57"},"inLanguage":"en-US","potentialAction":[{"@type":"ReadAction","target":["https:\/\/www.sindmoveis.com.br\/en\/abertas-inscricoes-para-salao-design-movelsul-2014\/"]}]},{"@type":"ImageObject","inLanguage":"en-US","@id":"https:\/\/www.sindmoveis.com.br\/en\/abertas-inscricoes-para-salao-design-movelsul-2014\/#primaryimage","url":"https:\/\/www.sindmoveis.com.br\/en\/wp-content\/uploads\/2021\/05\/p1378148421.jpg","contentUrl":"https:\/\/www.sindmoveis.com.br\/en\/wp-content\/uploads\/2021\/05\/p1378148421.jpg","width":1500,"height":1947,"caption":"Divulga\u00e7\u00e3o Sindm\u00f3veis"},{"@type":"WebSite","@id":"https:\/\/www.sindmoveis.com.br\/en\/#website","url":"https:\/\/www.sindmoveis.com.br\/en\/","name":"Sindm\u00f3veis-RS","description":"","potentialAction":[{"@type":"SearchAction","target":{"@type":"EntryPoint","urlTemplate":"https:\/\/www.sindmoveis.com.br\/en\/?s={search_term_string}"},"query-input":{"@type":"PropertyValueSpecification","valueRequired":true,"valueName":"search_term_string"}}],"inLanguage":"en-US"},{"@type":"Person","@id":"https:\/\/www.sindmoveis.com.br\/en\/#\/schema\/person\/16d379542db1950a17fe188179340d57","name":"Imprensa Sindm\u00f3veis","image":{"@type":"ImageObject","inLanguage":"en-US","@id":"https:\/\/www.sindmoveis.com.br\/en\/#\/schema\/person\/image\/","url":"https:\/\/secure.gravatar.com\/avatar\/4973e2e2c2a0cb5db30b0c7b770041b8e33d048a16b695a1f99c042449d4bfaf?s=96&d=mm&r=g","contentUrl":"https:\/\/secure.gravatar.com\/avatar\/4973e2e2c2a0cb5db30b0c7b770041b8e33d048a16b695a1f99c042449d4bfaf?s=96&d=mm&r=g","caption":"Imprensa Sindm\u00f3veis"},"url":"https:\/\/www.sindmoveis.com.br\/en\/author\/ana\/"}]}},"_links":{"self":[{"href":"https:\/\/www.sindmoveis.com.br\/en\/wp-json\/wp\/v2\/posts\/1036","targetHints":{"allow":["GET"]}}],"collection":[{"href":"https:\/\/www.sindmoveis.com.br\/en\/wp-json\/wp\/v2\/posts"}],"about":[{"href":"https:\/\/www.sindmoveis.com.br\/en\/wp-json\/wp\/v2\/types\/post"}],"author":[{"embeddable":true,"href":"https:\/\/www.sindmoveis.com.br\/en\/wp-json\/wp\/v2\/users\/5"}],"replies":[{"embeddable":true,"href":"https:\/\/www.sindmoveis.com.br\/en\/wp-json\/wp\/v2\/comments?post=1036"}],"version-history":[{"count":2,"href":"https:\/\/www.sindmoveis.com.br\/en\/wp-json\/wp\/v2\/posts\/1036\/revisions"}],"predecessor-version":[{"id":3311,"href":"https:\/\/www.sindmoveis.com.br\/en\/wp-json\/wp\/v2\/posts\/1036\/revisions\/3311"}],"wp:featuredmedia":[{"embeddable":true,"href":"https:\/\/www.sindmoveis.com.br\/en\/wp-json\/wp\/v2\/media\/3312"}],"wp:attachment":[{"href":"https:\/\/www.sindmoveis.com.br\/en\/wp-json\/wp\/v2\/media?parent=1036"}],"wp:term":[{"taxonomy":"category","embeddable":true,"href":"https:\/\/www.sindmoveis.com.br\/en\/wp-json\/wp\/v2\/categories?post=1036"},{"taxonomy":"post_tag","embeddable":true,"href":"https:\/\/www.sindmoveis.com.br\/en\/wp-json\/wp\/v2\/tags?post=1036"}],"curies":[{"name":"wp","href":"https:\/\/api.w.org\/{rel}","templated":true}]}}