{"id":1027,"date":"2013-08-14T00:00:00","date_gmt":"2013-08-14T03:00:00","guid":{"rendered":"http:\/\/sindmoveis.com.br\/imprensa\/noticias\/casa-brasil-lanca-colecao-cantina-benta\/"},"modified":"2021-05-26T10:46:19","modified_gmt":"2021-05-26T13:46:19","slug":"casa-brasil-lanca-colecao-cantina-benta","status":"publish","type":"post","link":"https:\/\/www.sindmoveis.com.br\/en\/casa-brasil-lanca-colecao-cantina-benta\/","title":{"rendered":"Casa Brasil launches Cantina Benta collection"},"content":{"rendered":"<div><i>Pieces that combine craft and design include a project to revive typically Italian techniques<\/i><\/div>\n<div>&nbsp;<\/div>\n<div>Through the hands of thirty artisans from Bento Gon\u00e7alves and under the keen eye of architects Tina and Lui and designer Renato Imbroisi from Rio de Janeiro, craft techniques gain new meaning, resulting in a delicate collection of decorative objects related to the enogastronomy. Cantina Benta project, an initiative of Sindm\u00f3veis in partnership with the Municipal Tourism Department and Emater, is one of the special shows held at Casa Brasil 2013, major high-end furniture and d\u00e9cor fair in Latin America, held from August 13-16 in Bento Gon\u00e7alves (RS).<\/div>\n<div><\/div>\n<div>To produce a series of approximately 100 exclusive pieces in embroidery, biscuit, basketry, crochet, macram\u00e9 and painting, numerous integration workshops with artisans, research and maturation of ideas were developed for over a year. The launch of the collection was on the first day of the fair, attended by all participating artisans, the mayor of Bento Gon\u00e7alves, Guilherme Pasin, Tourism Secretary Gilberto Durante and the board of Casa Brasil. Throughout the fair, the products will be sold at the Hist\u00f3rias de Garagem booth, located next to the project.<\/div>\n<div>The journey through the history of Italian immigration begins in the setting of the show, created by architects Tina and Lui. Printed on two-meter panels, the images of the artisans with their creations convey the joyful spirit of the project. The idea is that the initiative is continued, adding value to products that represent the city in its main tourist attractions. &#8220;Without the will, the affection, the strength and dedication of the artisans, surely this work would not be possible,&#8221; praises Renato Imbroisi, one of the project coordinators.<\/div>\n<div>The organization of projects involving the community in Bento Gon\u00e7alves is a tradition at Casa Brasil followed since the first edition of the fair, as a way to integrate the residents in the mood of the event and convey its importance to the local economy. In the 2011 edition, the entrance hall of the fair was decorated with a piece made from plastic bottles designed by the Campana Brothers and manufactured by disadvantaged communities. &#8220;Casa Brasil has a commitment to the community that welcomes us. Therefore, in each edition, we try to give something in return to this city embroidered with vines that gives special meaning to Casa Brasil,&#8221; says the president of the fair, C\u00e1tia Scarton.<\/div>\n<div><\/div>\n","protected":false},"excerpt":{"rendered":"<p>Through the hands of thirty artisans from Bento Gon\u00e7alves and under the keen eye of architects Tina and Lui and designer Renato Imbroisi from Rio de Janeiro, craft techniques gain new meaning, resulting in a delicate collection of decorative objects related to the enogastronomy. Cantina Benta project, an initiative of Sindm\u00f3veis in partnership with the Municipal Tourism Department and Emater, is one of the special shows held at Casa Brasil 2013, major high-end furniture and d\u00e9cor fair in Latin America, held from August 13-16 in Bento Gon\u00e7alves (RS).<\/p>\n","protected":false},"author":5,"featured_media":3298,"comment_status":"closed","ping_status":"open","sticky":false,"template":"","format":"standard","meta":{"footnotes":"","_links_to":"","_links_to_target":""},"categories":[2],"tags":[],"class_list":["post-1027","post","type-post","status-publish","format-standard","has-post-thumbnail","hentry","category-sindmoveis"],"yoast_head":"<!-- This site is optimized with the Yoast SEO plugin v27.0 - https:\/\/yoast.com\/product\/yoast-seo-wordpress\/ -->\n<title>Casa Brasil launches Cantina Benta collection - Sindm\u00f3veis-RS<\/title>\n<meta name=\"robots\" content=\"index, follow, max-snippet:-1, max-image-preview:large, max-video-preview:-1\" \/>\n<link rel=\"canonical\" href=\"https:\/\/www.sindmoveis.com.br\/en\/casa-brasil-lanca-colecao-cantina-benta\/\" \/>\n<meta property=\"og:locale\" content=\"en_US\" \/>\n<meta property=\"og:type\" content=\"article\" \/>\n<meta property=\"og:title\" content=\"Casa Brasil launches Cantina Benta collection - Sindm\u00f3veis-RS\" \/>\n<meta property=\"og:description\" content=\"Through the hands of thirty artisans from Bento Gon\u00e7alves and under the keen eye of architects Tina and Lui and designer Renato Imbroisi from Rio de Janeiro, craft techniques gain new meaning, resulting in a delicate collection of decorative objects related to the enogastronomy. Cantina Benta project, an initiative of Sindm\u00f3veis in partnership with the Municipal Tourism Department and Emater, is one of the special shows held at Casa Brasil 2013, major high-end furniture and d\u00e9cor fair in Latin America, held from August 13-16 in Bento Gon\u00e7alves (RS).\" \/>\n<meta property=\"og:url\" content=\"https:\/\/www.sindmoveis.com.br\/en\/casa-brasil-lanca-colecao-cantina-benta\/\" \/>\n<meta property=\"og:site_name\" content=\"Sindm\u00f3veis-RS\" \/>\n<meta property=\"article:published_time\" content=\"2013-08-14T03:00:00+00:00\" \/>\n<meta property=\"article:modified_time\" content=\"2021-05-26T13:46:19+00:00\" \/>\n<meta property=\"og:image\" content=\"https:\/\/www.sindmoveis.com.br\/en\/wp-content\/uploads\/2021\/05\/p1377715470.jpg\" \/>\n\t<meta property=\"og:image:width\" content=\"1500\" \/>\n\t<meta property=\"og:image:height\" content=\"1000\" \/>\n\t<meta property=\"og:image:type\" content=\"image\/jpeg\" \/>\n<meta name=\"author\" content=\"Imprensa Sindm\u00f3veis\" \/>\n<meta name=\"twitter:card\" content=\"summary_large_image\" \/>\n<meta name=\"twitter:label1\" content=\"Written by\" \/>\n\t<meta name=\"twitter:data1\" content=\"Imprensa Sindm\u00f3veis\" \/>\n\t<meta name=\"twitter:label2\" content=\"Est. reading time\" \/>\n\t<meta name=\"twitter:data2\" content=\"2 minutes\" \/>\n<script type=\"application\/ld+json\" class=\"yoast-schema-graph\">{\"@context\":\"https:\/\/schema.org\",\"@graph\":[{\"@type\":\"Article\",\"@id\":\"https:\/\/www.sindmoveis.com.br\/en\/casa-brasil-lanca-colecao-cantina-benta\/#article\",\"isPartOf\":{\"@id\":\"https:\/\/www.sindmoveis.com.br\/en\/casa-brasil-lanca-colecao-cantina-benta\/\"},\"author\":{\"name\":\"Imprensa Sindm\u00f3veis\",\"@id\":\"https:\/\/www.sindmoveis.com.br\/en\/#\/schema\/person\/16d379542db1950a17fe188179340d57\"},\"headline\":\"Casa Brasil launches Cantina Benta collection\",\"datePublished\":\"2013-08-14T03:00:00+00:00\",\"dateModified\":\"2021-05-26T13:46:19+00:00\",\"mainEntityOfPage\":{\"@id\":\"https:\/\/www.sindmoveis.com.br\/en\/casa-brasil-lanca-colecao-cantina-benta\/\"},\"wordCount\":406,\"image\":{\"@id\":\"https:\/\/www.sindmoveis.com.br\/en\/casa-brasil-lanca-colecao-cantina-benta\/#primaryimage\"},\"thumbnailUrl\":\"https:\/\/www.sindmoveis.com.br\/en\/wp-content\/uploads\/2021\/05\/p1377715470.jpg\",\"articleSection\":[\"Sindm\u00f3veis\"],\"inLanguage\":\"en-US\"},{\"@type\":\"WebPage\",\"@id\":\"https:\/\/www.sindmoveis.com.br\/en\/casa-brasil-lanca-colecao-cantina-benta\/\",\"url\":\"https:\/\/www.sindmoveis.com.br\/en\/casa-brasil-lanca-colecao-cantina-benta\/\",\"name\":\"Casa Brasil launches Cantina Benta collection - Sindm\u00f3veis-RS\",\"isPartOf\":{\"@id\":\"https:\/\/www.sindmoveis.com.br\/en\/#website\"},\"primaryImageOfPage\":{\"@id\":\"https:\/\/www.sindmoveis.com.br\/en\/casa-brasil-lanca-colecao-cantina-benta\/#primaryimage\"},\"image\":{\"@id\":\"https:\/\/www.sindmoveis.com.br\/en\/casa-brasil-lanca-colecao-cantina-benta\/#primaryimage\"},\"thumbnailUrl\":\"https:\/\/www.sindmoveis.com.br\/en\/wp-content\/uploads\/2021\/05\/p1377715470.jpg\",\"datePublished\":\"2013-08-14T03:00:00+00:00\",\"dateModified\":\"2021-05-26T13:46:19+00:00\",\"author\":{\"@id\":\"https:\/\/www.sindmoveis.com.br\/en\/#\/schema\/person\/16d379542db1950a17fe188179340d57\"},\"inLanguage\":\"en-US\",\"potentialAction\":[{\"@type\":\"ReadAction\",\"target\":[\"https:\/\/www.sindmoveis.com.br\/en\/casa-brasil-lanca-colecao-cantina-benta\/\"]}]},{\"@type\":\"ImageObject\",\"inLanguage\":\"en-US\",\"@id\":\"https:\/\/www.sindmoveis.com.br\/en\/casa-brasil-lanca-colecao-cantina-benta\/#primaryimage\",\"url\":\"https:\/\/www.sindmoveis.com.br\/en\/wp-content\/uploads\/2021\/05\/p1377715470.jpg\",\"contentUrl\":\"https:\/\/www.sindmoveis.com.br\/en\/wp-content\/uploads\/2021\/05\/p1377715470.jpg\",\"width\":1500,\"height\":1000,\"caption\":\"Artes\u00e3s emocionaram-se com recados deixados pelos visitantesProdutos foram expostos junto a pain\u00e9is de dois metros com as imagens de seus criadoresAt\u00e9 o fim da feira\"},{\"@type\":\"WebSite\",\"@id\":\"https:\/\/www.sindmoveis.com.br\/en\/#website\",\"url\":\"https:\/\/www.sindmoveis.com.br\/en\/\",\"name\":\"Sindm\u00f3veis-RS\",\"description\":\"\",\"potentialAction\":[{\"@type\":\"SearchAction\",\"target\":{\"@type\":\"EntryPoint\",\"urlTemplate\":\"https:\/\/www.sindmoveis.com.br\/en\/?s={search_term_string}\"},\"query-input\":{\"@type\":\"PropertyValueSpecification\",\"valueRequired\":true,\"valueName\":\"search_term_string\"}}],\"inLanguage\":\"en-US\"},{\"@type\":\"Person\",\"@id\":\"https:\/\/www.sindmoveis.com.br\/en\/#\/schema\/person\/16d379542db1950a17fe188179340d57\",\"name\":\"Imprensa Sindm\u00f3veis\",\"image\":{\"@type\":\"ImageObject\",\"inLanguage\":\"en-US\",\"@id\":\"https:\/\/www.sindmoveis.com.br\/en\/#\/schema\/person\/image\/\",\"url\":\"https:\/\/secure.gravatar.com\/avatar\/4973e2e2c2a0cb5db30b0c7b770041b8e33d048a16b695a1f99c042449d4bfaf?s=96&d=mm&r=g\",\"contentUrl\":\"https:\/\/secure.gravatar.com\/avatar\/4973e2e2c2a0cb5db30b0c7b770041b8e33d048a16b695a1f99c042449d4bfaf?s=96&d=mm&r=g\",\"caption\":\"Imprensa Sindm\u00f3veis\"},\"url\":\"https:\/\/www.sindmoveis.com.br\/en\/author\/ana\/\"}]}<\/script>\n<!-- \/ Yoast SEO plugin. -->","yoast_head_json":{"title":"Casa Brasil launches Cantina Benta collection - Sindm\u00f3veis-RS","robots":{"index":"index","follow":"follow","max-snippet":"max-snippet:-1","max-image-preview":"max-image-preview:large","max-video-preview":"max-video-preview:-1"},"canonical":"https:\/\/www.sindmoveis.com.br\/en\/casa-brasil-lanca-colecao-cantina-benta\/","og_locale":"en_US","og_type":"article","og_title":"Casa Brasil launches Cantina Benta collection - Sindm\u00f3veis-RS","og_description":"Through the hands of thirty artisans from Bento Gon\u00e7alves and under the keen eye of architects Tina and Lui and designer Renato Imbroisi from Rio de Janeiro, craft techniques gain new meaning, resulting in a delicate collection of decorative objects related to the enogastronomy. Cantina Benta project, an initiative of Sindm\u00f3veis in partnership with the Municipal Tourism Department and Emater, is one of the special shows held at Casa Brasil 2013, major high-end furniture and d\u00e9cor fair in Latin America, held from August 13-16 in Bento Gon\u00e7alves (RS).","og_url":"https:\/\/www.sindmoveis.com.br\/en\/casa-brasil-lanca-colecao-cantina-benta\/","og_site_name":"Sindm\u00f3veis-RS","article_published_time":"2013-08-14T03:00:00+00:00","article_modified_time":"2021-05-26T13:46:19+00:00","og_image":[{"width":1500,"height":1000,"url":"https:\/\/www.sindmoveis.com.br\/en\/wp-content\/uploads\/2021\/05\/p1377715470.jpg","type":"image\/jpeg"}],"author":"Imprensa Sindm\u00f3veis","twitter_card":"summary_large_image","twitter_misc":{"Written by":"Imprensa Sindm\u00f3veis","Est. reading time":"2 minutes"},"schema":{"@context":"https:\/\/schema.org","@graph":[{"@type":"Article","@id":"https:\/\/www.sindmoveis.com.br\/en\/casa-brasil-lanca-colecao-cantina-benta\/#article","isPartOf":{"@id":"https:\/\/www.sindmoveis.com.br\/en\/casa-brasil-lanca-colecao-cantina-benta\/"},"author":{"name":"Imprensa Sindm\u00f3veis","@id":"https:\/\/www.sindmoveis.com.br\/en\/#\/schema\/person\/16d379542db1950a17fe188179340d57"},"headline":"Casa Brasil launches Cantina Benta collection","datePublished":"2013-08-14T03:00:00+00:00","dateModified":"2021-05-26T13:46:19+00:00","mainEntityOfPage":{"@id":"https:\/\/www.sindmoveis.com.br\/en\/casa-brasil-lanca-colecao-cantina-benta\/"},"wordCount":406,"image":{"@id":"https:\/\/www.sindmoveis.com.br\/en\/casa-brasil-lanca-colecao-cantina-benta\/#primaryimage"},"thumbnailUrl":"https:\/\/www.sindmoveis.com.br\/en\/wp-content\/uploads\/2021\/05\/p1377715470.jpg","articleSection":["Sindm\u00f3veis"],"inLanguage":"en-US"},{"@type":"WebPage","@id":"https:\/\/www.sindmoveis.com.br\/en\/casa-brasil-lanca-colecao-cantina-benta\/","url":"https:\/\/www.sindmoveis.com.br\/en\/casa-brasil-lanca-colecao-cantina-benta\/","name":"Casa Brasil launches Cantina Benta collection - Sindm\u00f3veis-RS","isPartOf":{"@id":"https:\/\/www.sindmoveis.com.br\/en\/#website"},"primaryImageOfPage":{"@id":"https:\/\/www.sindmoveis.com.br\/en\/casa-brasil-lanca-colecao-cantina-benta\/#primaryimage"},"image":{"@id":"https:\/\/www.sindmoveis.com.br\/en\/casa-brasil-lanca-colecao-cantina-benta\/#primaryimage"},"thumbnailUrl":"https:\/\/www.sindmoveis.com.br\/en\/wp-content\/uploads\/2021\/05\/p1377715470.jpg","datePublished":"2013-08-14T03:00:00+00:00","dateModified":"2021-05-26T13:46:19+00:00","author":{"@id":"https:\/\/www.sindmoveis.com.br\/en\/#\/schema\/person\/16d379542db1950a17fe188179340d57"},"inLanguage":"en-US","potentialAction":[{"@type":"ReadAction","target":["https:\/\/www.sindmoveis.com.br\/en\/casa-brasil-lanca-colecao-cantina-benta\/"]}]},{"@type":"ImageObject","inLanguage":"en-US","@id":"https:\/\/www.sindmoveis.com.br\/en\/casa-brasil-lanca-colecao-cantina-benta\/#primaryimage","url":"https:\/\/www.sindmoveis.com.br\/en\/wp-content\/uploads\/2021\/05\/p1377715470.jpg","contentUrl":"https:\/\/www.sindmoveis.com.br\/en\/wp-content\/uploads\/2021\/05\/p1377715470.jpg","width":1500,"height":1000,"caption":"Artes\u00e3s emocionaram-se com recados deixados pelos visitantesProdutos foram expostos junto a pain\u00e9is de dois metros com as imagens de seus criadoresAt\u00e9 o fim da feira"},{"@type":"WebSite","@id":"https:\/\/www.sindmoveis.com.br\/en\/#website","url":"https:\/\/www.sindmoveis.com.br\/en\/","name":"Sindm\u00f3veis-RS","description":"","potentialAction":[{"@type":"SearchAction","target":{"@type":"EntryPoint","urlTemplate":"https:\/\/www.sindmoveis.com.br\/en\/?s={search_term_string}"},"query-input":{"@type":"PropertyValueSpecification","valueRequired":true,"valueName":"search_term_string"}}],"inLanguage":"en-US"},{"@type":"Person","@id":"https:\/\/www.sindmoveis.com.br\/en\/#\/schema\/person\/16d379542db1950a17fe188179340d57","name":"Imprensa Sindm\u00f3veis","image":{"@type":"ImageObject","inLanguage":"en-US","@id":"https:\/\/www.sindmoveis.com.br\/en\/#\/schema\/person\/image\/","url":"https:\/\/secure.gravatar.com\/avatar\/4973e2e2c2a0cb5db30b0c7b770041b8e33d048a16b695a1f99c042449d4bfaf?s=96&d=mm&r=g","contentUrl":"https:\/\/secure.gravatar.com\/avatar\/4973e2e2c2a0cb5db30b0c7b770041b8e33d048a16b695a1f99c042449d4bfaf?s=96&d=mm&r=g","caption":"Imprensa Sindm\u00f3veis"},"url":"https:\/\/www.sindmoveis.com.br\/en\/author\/ana\/"}]}},"_links":{"self":[{"href":"https:\/\/www.sindmoveis.com.br\/en\/wp-json\/wp\/v2\/posts\/1027","targetHints":{"allow":["GET"]}}],"collection":[{"href":"https:\/\/www.sindmoveis.com.br\/en\/wp-json\/wp\/v2\/posts"}],"about":[{"href":"https:\/\/www.sindmoveis.com.br\/en\/wp-json\/wp\/v2\/types\/post"}],"author":[{"embeddable":true,"href":"https:\/\/www.sindmoveis.com.br\/en\/wp-json\/wp\/v2\/users\/5"}],"replies":[{"embeddable":true,"href":"https:\/\/www.sindmoveis.com.br\/en\/wp-json\/wp\/v2\/comments?post=1027"}],"version-history":[{"count":2,"href":"https:\/\/www.sindmoveis.com.br\/en\/wp-json\/wp\/v2\/posts\/1027\/revisions"}],"predecessor-version":[{"id":3297,"href":"https:\/\/www.sindmoveis.com.br\/en\/wp-json\/wp\/v2\/posts\/1027\/revisions\/3297"}],"wp:featuredmedia":[{"embeddable":true,"href":"https:\/\/www.sindmoveis.com.br\/en\/wp-json\/wp\/v2\/media\/3298"}],"wp:attachment":[{"href":"https:\/\/www.sindmoveis.com.br\/en\/wp-json\/wp\/v2\/media?parent=1027"}],"wp:term":[{"taxonomy":"category","embeddable":true,"href":"https:\/\/www.sindmoveis.com.br\/en\/wp-json\/wp\/v2\/categories?post=1027"},{"taxonomy":"post_tag","embeddable":true,"href":"https:\/\/www.sindmoveis.com.br\/en\/wp-json\/wp\/v2\/tags?post=1027"}],"curies":[{"name":"wp","href":"https:\/\/api.w.org\/{rel}","templated":true}]}}