{"id":1023,"date":"2013-08-08T00:00:00","date_gmt":"2013-08-08T03:00:00","guid":{"rendered":"http:\/\/sindmoveis.com.br\/imprensa\/noticias\/elisa-atheniense-apresenta-colecao-home-na-casa-brasil\/"},"modified":"2021-05-26T10:46:16","modified_gmt":"2021-05-26T13:46:16","slug":"elisa-atheniense-apresenta-colecao-home-na-casa-brasil","status":"publish","type":"post","link":"https:\/\/www.sindmoveis.com.br\/en\/elisa-atheniense-apresenta-colecao-home-na-casa-brasil\/","title":{"rendered":"Elisa Atheniense exhibits Home Collection at Casa Brasil"},"content":{"rendered":"<div>Designer Elisa Atheniense, who has created for over 20 years unique handbags and wallets fully handmade, is prepared to launch during Casa Brasil another kind of accessory. Her Home Collection includes six lines of mostly handmade coatings, blankets and cushions and having leather as the predominant raw material.<\/div>\n<div>Pieces manufactured on looms and tresses, wallpapers with up to six stages of finish and furniture designed by architect Isabela Vecci based on her coatings will be presented at the largest high-end furniture and d\u00e9cor fair in Latin America, which will be held from August 13-16, in Bento Gon\u00e7alves (RS).<\/div>\n<div><\/div>\n<div><\/div>\n<div><\/div>\n","protected":false},"excerpt":{"rendered":"<p>Designer Elisa Atheniense, who has created for over 20 years unique handbags and wallets fully handmade, is prepared to launch during Casa Brasil another kind of accessory.<\/p>\n","protected":false},"author":5,"featured_media":3294,"comment_status":"closed","ping_status":"open","sticky":false,"template":"","format":"standard","meta":{"footnotes":"","_links_to":"","_links_to_target":""},"categories":[2],"tags":[],"class_list":["post-1023","post","type-post","status-publish","format-standard","has-post-thumbnail","hentry","category-sindmoveis"],"yoast_head":"<!-- This site is optimized with the Yoast SEO plugin v27.0 - https:\/\/yoast.com\/product\/yoast-seo-wordpress\/ -->\n<title>Elisa Atheniense exhibits Home Collection at Casa Brasil - Sindm\u00f3veis-RS<\/title>\n<meta name=\"robots\" content=\"index, follow, max-snippet:-1, max-image-preview:large, max-video-preview:-1\" \/>\n<link rel=\"canonical\" href=\"https:\/\/www.sindmoveis.com.br\/en\/elisa-atheniense-apresenta-colecao-home-na-casa-brasil\/\" \/>\n<meta property=\"og:locale\" content=\"en_US\" \/>\n<meta property=\"og:type\" content=\"article\" \/>\n<meta property=\"og:title\" content=\"Elisa Atheniense exhibits Home Collection at Casa Brasil - Sindm\u00f3veis-RS\" \/>\n<meta property=\"og:description\" content=\"Designer Elisa Atheniense, who has created for over 20 years unique handbags and wallets fully handmade, is prepared to launch during Casa Brasil another kind of accessory.\" \/>\n<meta property=\"og:url\" content=\"https:\/\/www.sindmoveis.com.br\/en\/elisa-atheniense-apresenta-colecao-home-na-casa-brasil\/\" \/>\n<meta property=\"og:site_name\" content=\"Sindm\u00f3veis-RS\" \/>\n<meta property=\"article:published_time\" content=\"2013-08-08T03:00:00+00:00\" \/>\n<meta property=\"article:modified_time\" content=\"2021-05-26T13:46:16+00:00\" \/>\n<meta property=\"og:image\" content=\"https:\/\/www.sindmoveis.com.br\/en\/wp-content\/uploads\/2021\/05\/p1375969695.jpg\" \/>\n\t<meta property=\"og:image:width\" content=\"1500\" \/>\n\t<meta property=\"og:image:height\" content=\"996\" \/>\n\t<meta property=\"og:image:type\" content=\"image\/jpeg\" \/>\n<meta name=\"author\" content=\"Imprensa Sindm\u00f3veis\" \/>\n<meta name=\"twitter:card\" content=\"summary_large_image\" \/>\n<meta name=\"twitter:label1\" content=\"Written by\" \/>\n\t<meta name=\"twitter:data1\" content=\"Imprensa Sindm\u00f3veis\" \/>\n<script type=\"application\/ld+json\" class=\"yoast-schema-graph\">{\"@context\":\"https:\/\/schema.org\",\"@graph\":[{\"@type\":\"Article\",\"@id\":\"https:\/\/www.sindmoveis.com.br\/en\/elisa-atheniense-apresenta-colecao-home-na-casa-brasil\/#article\",\"isPartOf\":{\"@id\":\"https:\/\/www.sindmoveis.com.br\/en\/elisa-atheniense-apresenta-colecao-home-na-casa-brasil\/\"},\"author\":{\"name\":\"Imprensa Sindm\u00f3veis\",\"@id\":\"https:\/\/www.sindmoveis.com.br\/en\/#\/schema\/person\/16d379542db1950a17fe188179340d57\"},\"headline\":\"Elisa Atheniense exhibits Home Collection at Casa Brasil\",\"datePublished\":\"2013-08-08T03:00:00+00:00\",\"dateModified\":\"2021-05-26T13:46:16+00:00\",\"mainEntityOfPage\":{\"@id\":\"https:\/\/www.sindmoveis.com.br\/en\/elisa-atheniense-apresenta-colecao-home-na-casa-brasil\/\"},\"wordCount\":107,\"image\":{\"@id\":\"https:\/\/www.sindmoveis.com.br\/en\/elisa-atheniense-apresenta-colecao-home-na-casa-brasil\/#primaryimage\"},\"thumbnailUrl\":\"https:\/\/www.sindmoveis.com.br\/en\/wp-content\/uploads\/2021\/05\/p1375969695.jpg\",\"articleSection\":[\"Sindm\u00f3veis\"],\"inLanguage\":\"en-US\"},{\"@type\":\"WebPage\",\"@id\":\"https:\/\/www.sindmoveis.com.br\/en\/elisa-atheniense-apresenta-colecao-home-na-casa-brasil\/\",\"url\":\"https:\/\/www.sindmoveis.com.br\/en\/elisa-atheniense-apresenta-colecao-home-na-casa-brasil\/\",\"name\":\"Elisa Atheniense exhibits Home Collection at Casa Brasil - Sindm\u00f3veis-RS\",\"isPartOf\":{\"@id\":\"https:\/\/www.sindmoveis.com.br\/en\/#website\"},\"primaryImageOfPage\":{\"@id\":\"https:\/\/www.sindmoveis.com.br\/en\/elisa-atheniense-apresenta-colecao-home-na-casa-brasil\/#primaryimage\"},\"image\":{\"@id\":\"https:\/\/www.sindmoveis.com.br\/en\/elisa-atheniense-apresenta-colecao-home-na-casa-brasil\/#primaryimage\"},\"thumbnailUrl\":\"https:\/\/www.sindmoveis.com.br\/en\/wp-content\/uploads\/2021\/05\/p1375969695.jpg\",\"datePublished\":\"2013-08-08T03:00:00+00:00\",\"dateModified\":\"2021-05-26T13:46:16+00:00\",\"author\":{\"@id\":\"https:\/\/www.sindmoveis.com.br\/en\/#\/schema\/person\/16d379542db1950a17fe188179340d57\"},\"inLanguage\":\"en-US\",\"potentialAction\":[{\"@type\":\"ReadAction\",\"target\":[\"https:\/\/www.sindmoveis.com.br\/en\/elisa-atheniense-apresenta-colecao-home-na-casa-brasil\/\"]}]},{\"@type\":\"ImageObject\",\"inLanguage\":\"en-US\",\"@id\":\"https:\/\/www.sindmoveis.com.br\/en\/elisa-atheniense-apresenta-colecao-home-na-casa-brasil\/#primaryimage\",\"url\":\"https:\/\/www.sindmoveis.com.br\/en\/wp-content\/uploads\/2021\/05\/p1375969695.jpg\",\"contentUrl\":\"https:\/\/www.sindmoveis.com.br\/en\/wp-content\/uploads\/2021\/05\/p1375969695.jpg\",\"width\":1500,\"height\":996,\"caption\":\"Fotos: divulgaci\u00f3n Divulga\u00e7\u00e3oDivulga\u00e7\u00e3oDivulga\u00e7\u00e3o\"},{\"@type\":\"WebSite\",\"@id\":\"https:\/\/www.sindmoveis.com.br\/en\/#website\",\"url\":\"https:\/\/www.sindmoveis.com.br\/en\/\",\"name\":\"Sindm\u00f3veis-RS\",\"description\":\"\",\"potentialAction\":[{\"@type\":\"SearchAction\",\"target\":{\"@type\":\"EntryPoint\",\"urlTemplate\":\"https:\/\/www.sindmoveis.com.br\/en\/?s={search_term_string}\"},\"query-input\":{\"@type\":\"PropertyValueSpecification\",\"valueRequired\":true,\"valueName\":\"search_term_string\"}}],\"inLanguage\":\"en-US\"},{\"@type\":\"Person\",\"@id\":\"https:\/\/www.sindmoveis.com.br\/en\/#\/schema\/person\/16d379542db1950a17fe188179340d57\",\"name\":\"Imprensa Sindm\u00f3veis\",\"image\":{\"@type\":\"ImageObject\",\"inLanguage\":\"en-US\",\"@id\":\"https:\/\/www.sindmoveis.com.br\/en\/#\/schema\/person\/image\/\",\"url\":\"https:\/\/secure.gravatar.com\/avatar\/4973e2e2c2a0cb5db30b0c7b770041b8e33d048a16b695a1f99c042449d4bfaf?s=96&d=mm&r=g\",\"contentUrl\":\"https:\/\/secure.gravatar.com\/avatar\/4973e2e2c2a0cb5db30b0c7b770041b8e33d048a16b695a1f99c042449d4bfaf?s=96&d=mm&r=g\",\"caption\":\"Imprensa Sindm\u00f3veis\"},\"url\":\"https:\/\/www.sindmoveis.com.br\/en\/author\/ana\/\"}]}<\/script>\n<!-- \/ Yoast SEO plugin. -->","yoast_head_json":{"title":"Elisa Atheniense exhibits Home Collection at Casa Brasil - Sindm\u00f3veis-RS","robots":{"index":"index","follow":"follow","max-snippet":"max-snippet:-1","max-image-preview":"max-image-preview:large","max-video-preview":"max-video-preview:-1"},"canonical":"https:\/\/www.sindmoveis.com.br\/en\/elisa-atheniense-apresenta-colecao-home-na-casa-brasil\/","og_locale":"en_US","og_type":"article","og_title":"Elisa Atheniense exhibits Home Collection at Casa Brasil - Sindm\u00f3veis-RS","og_description":"Designer Elisa Atheniense, who has created for over 20 years unique handbags and wallets fully handmade, is prepared to launch during Casa Brasil another kind of accessory.","og_url":"https:\/\/www.sindmoveis.com.br\/en\/elisa-atheniense-apresenta-colecao-home-na-casa-brasil\/","og_site_name":"Sindm\u00f3veis-RS","article_published_time":"2013-08-08T03:00:00+00:00","article_modified_time":"2021-05-26T13:46:16+00:00","og_image":[{"width":1500,"height":996,"url":"https:\/\/www.sindmoveis.com.br\/en\/wp-content\/uploads\/2021\/05\/p1375969695.jpg","type":"image\/jpeg"}],"author":"Imprensa Sindm\u00f3veis","twitter_card":"summary_large_image","twitter_misc":{"Written by":"Imprensa Sindm\u00f3veis"},"schema":{"@context":"https:\/\/schema.org","@graph":[{"@type":"Article","@id":"https:\/\/www.sindmoveis.com.br\/en\/elisa-atheniense-apresenta-colecao-home-na-casa-brasil\/#article","isPartOf":{"@id":"https:\/\/www.sindmoveis.com.br\/en\/elisa-atheniense-apresenta-colecao-home-na-casa-brasil\/"},"author":{"name":"Imprensa Sindm\u00f3veis","@id":"https:\/\/www.sindmoveis.com.br\/en\/#\/schema\/person\/16d379542db1950a17fe188179340d57"},"headline":"Elisa Atheniense exhibits Home Collection at Casa Brasil","datePublished":"2013-08-08T03:00:00+00:00","dateModified":"2021-05-26T13:46:16+00:00","mainEntityOfPage":{"@id":"https:\/\/www.sindmoveis.com.br\/en\/elisa-atheniense-apresenta-colecao-home-na-casa-brasil\/"},"wordCount":107,"image":{"@id":"https:\/\/www.sindmoveis.com.br\/en\/elisa-atheniense-apresenta-colecao-home-na-casa-brasil\/#primaryimage"},"thumbnailUrl":"https:\/\/www.sindmoveis.com.br\/en\/wp-content\/uploads\/2021\/05\/p1375969695.jpg","articleSection":["Sindm\u00f3veis"],"inLanguage":"en-US"},{"@type":"WebPage","@id":"https:\/\/www.sindmoveis.com.br\/en\/elisa-atheniense-apresenta-colecao-home-na-casa-brasil\/","url":"https:\/\/www.sindmoveis.com.br\/en\/elisa-atheniense-apresenta-colecao-home-na-casa-brasil\/","name":"Elisa Atheniense exhibits Home Collection at Casa Brasil - Sindm\u00f3veis-RS","isPartOf":{"@id":"https:\/\/www.sindmoveis.com.br\/en\/#website"},"primaryImageOfPage":{"@id":"https:\/\/www.sindmoveis.com.br\/en\/elisa-atheniense-apresenta-colecao-home-na-casa-brasil\/#primaryimage"},"image":{"@id":"https:\/\/www.sindmoveis.com.br\/en\/elisa-atheniense-apresenta-colecao-home-na-casa-brasil\/#primaryimage"},"thumbnailUrl":"https:\/\/www.sindmoveis.com.br\/en\/wp-content\/uploads\/2021\/05\/p1375969695.jpg","datePublished":"2013-08-08T03:00:00+00:00","dateModified":"2021-05-26T13:46:16+00:00","author":{"@id":"https:\/\/www.sindmoveis.com.br\/en\/#\/schema\/person\/16d379542db1950a17fe188179340d57"},"inLanguage":"en-US","potentialAction":[{"@type":"ReadAction","target":["https:\/\/www.sindmoveis.com.br\/en\/elisa-atheniense-apresenta-colecao-home-na-casa-brasil\/"]}]},{"@type":"ImageObject","inLanguage":"en-US","@id":"https:\/\/www.sindmoveis.com.br\/en\/elisa-atheniense-apresenta-colecao-home-na-casa-brasil\/#primaryimage","url":"https:\/\/www.sindmoveis.com.br\/en\/wp-content\/uploads\/2021\/05\/p1375969695.jpg","contentUrl":"https:\/\/www.sindmoveis.com.br\/en\/wp-content\/uploads\/2021\/05\/p1375969695.jpg","width":1500,"height":996,"caption":"Fotos: divulgaci\u00f3n Divulga\u00e7\u00e3oDivulga\u00e7\u00e3oDivulga\u00e7\u00e3o"},{"@type":"WebSite","@id":"https:\/\/www.sindmoveis.com.br\/en\/#website","url":"https:\/\/www.sindmoveis.com.br\/en\/","name":"Sindm\u00f3veis-RS","description":"","potentialAction":[{"@type":"SearchAction","target":{"@type":"EntryPoint","urlTemplate":"https:\/\/www.sindmoveis.com.br\/en\/?s={search_term_string}"},"query-input":{"@type":"PropertyValueSpecification","valueRequired":true,"valueName":"search_term_string"}}],"inLanguage":"en-US"},{"@type":"Person","@id":"https:\/\/www.sindmoveis.com.br\/en\/#\/schema\/person\/16d379542db1950a17fe188179340d57","name":"Imprensa Sindm\u00f3veis","image":{"@type":"ImageObject","inLanguage":"en-US","@id":"https:\/\/www.sindmoveis.com.br\/en\/#\/schema\/person\/image\/","url":"https:\/\/secure.gravatar.com\/avatar\/4973e2e2c2a0cb5db30b0c7b770041b8e33d048a16b695a1f99c042449d4bfaf?s=96&d=mm&r=g","contentUrl":"https:\/\/secure.gravatar.com\/avatar\/4973e2e2c2a0cb5db30b0c7b770041b8e33d048a16b695a1f99c042449d4bfaf?s=96&d=mm&r=g","caption":"Imprensa Sindm\u00f3veis"},"url":"https:\/\/www.sindmoveis.com.br\/en\/author\/ana\/"}]}},"_links":{"self":[{"href":"https:\/\/www.sindmoveis.com.br\/en\/wp-json\/wp\/v2\/posts\/1023","targetHints":{"allow":["GET"]}}],"collection":[{"href":"https:\/\/www.sindmoveis.com.br\/en\/wp-json\/wp\/v2\/posts"}],"about":[{"href":"https:\/\/www.sindmoveis.com.br\/en\/wp-json\/wp\/v2\/types\/post"}],"author":[{"embeddable":true,"href":"https:\/\/www.sindmoveis.com.br\/en\/wp-json\/wp\/v2\/users\/5"}],"replies":[{"embeddable":true,"href":"https:\/\/www.sindmoveis.com.br\/en\/wp-json\/wp\/v2\/comments?post=1023"}],"version-history":[{"count":2,"href":"https:\/\/www.sindmoveis.com.br\/en\/wp-json\/wp\/v2\/posts\/1023\/revisions"}],"predecessor-version":[{"id":3293,"href":"https:\/\/www.sindmoveis.com.br\/en\/wp-json\/wp\/v2\/posts\/1023\/revisions\/3293"}],"wp:featuredmedia":[{"embeddable":true,"href":"https:\/\/www.sindmoveis.com.br\/en\/wp-json\/wp\/v2\/media\/3294"}],"wp:attachment":[{"href":"https:\/\/www.sindmoveis.com.br\/en\/wp-json\/wp\/v2\/media?parent=1023"}],"wp:term":[{"taxonomy":"category","embeddable":true,"href":"https:\/\/www.sindmoveis.com.br\/en\/wp-json\/wp\/v2\/categories?post=1023"},{"taxonomy":"post_tag","embeddable":true,"href":"https:\/\/www.sindmoveis.com.br\/en\/wp-json\/wp\/v2\/tags?post=1023"}],"curies":[{"name":"wp","href":"https:\/\/api.w.org\/{rel}","templated":true}]}}